{"id":6761,"date":"2025-09-25T16:22:14","date_gmt":"2025-09-25T20:22:14","guid":{"rendered":"https:\/\/elmundodelapolitica.com\/v1\/?p=6761"},"modified":"2025-09-28T16:23:17","modified_gmt":"2025-09-28T20:23:17","slug":"canciller-roberto-alvarez-sostiene-reunion-con-su-homologo-de-rusia-sergey-lavrov-en-el-marco-de-la-asamblea-general-de-la-onu","status":"publish","type":"post","link":"https:\/\/elmundodelapolitica.com\/v1\/canciller-roberto-alvarez-sostiene-reunion-con-su-homologo-de-rusia-sergey-lavrov-en-el-marco-de-la-asamblea-general-de-la-onu\/","title":{"rendered":"Canciller Roberto \u00c1lvarez sostiene reuni\u00f3n con su hom\u00f3logo de Rusia Sergey Lavrov en el marco de la Asamblea General de la ONU"},"content":{"rendered":"\n<p><strong>New York, Estados Unidos.<\/strong>&nbsp;\u2013 El ministro de Relaciones Exteriores,&nbsp;Roberto \u00c1lvarez, y su hom\u00f3logo de la Federaci\u00f3n de Rusia, Sergey Lavrov, sostuvieron una reuni\u00f3n en Naciones Unidas en la que conversaron sobre temas de inter\u00e9s bilateral y el fortalecimiento de sus relaciones diplom\u00e1ticas, comerciales y de cooperaci\u00f3n.<\/p>\n\n\n\n<p>El encuentro sirvi\u00f3 para retomar el intercambio de opiniones respecto a la transici\u00f3n de la Misi\u00f3n Multinacional de Apoyo a la Seguridad en Hait\u00ed a una misi\u00f3n h\u00edbrida con un mandato m\u00e1s s\u00f3lido. En ese sentido, el canciller \u00c1lvarez enfatiz\u00f3 la importancia que tiene esta fuerza para Rep\u00fablica Dominicana y toda la regi\u00f3n.<\/p>\n\n\n\n<p>Otro de los temas tratados fue la continuaci\u00f3n de las conversaciones para la reapertura de vuelos directos entre ambos pa\u00edses con el objetivo de relanzar el turismo de Rusia hacia Rep\u00fablica Dominicana. Para esos fines se sostendr\u00e1n conversaciones entre las autoridades de aeron\u00e1utica civil y los ministerios de Turismo de los dos pa\u00edses.<\/p>\n\n\n\n<p>Asimismo, resaltaron la importancia de reactivar el Consejo Conjunto de Comercio e Inversi\u00f3n entre Rep\u00fablica Dominicana y Rusia, lo cual permitir\u00e1 dinamizar el comercio bilateral e impulsar mayores beneficios para ambos pueblos.<\/p>\n\n\n\n<p>Con esta reuni\u00f3n los dos pa\u00edses reafirmaron su compromiso para ampliar la cooperaci\u00f3n y el intercambio.<\/p>\n\n\n\n<p>El ministro \u00c1lvarez estuvo acompa\u00f1ado en este encuentro por el viceministro de Pol\u00edtica Exterior Multilateral, Rub\u00e9n Sili\u00e9; el representante permanente de Rep\u00fablica Dominicana ante la ONU, embajador Wellington Bencosme; y el director de Estudios y An\u00e1lisis estrat\u00e9gicos del Ministerio de Relaciones Exteriores, Anselmo Mu\u00f1iz.<\/p>\n","protected":false},"excerpt":{"rendered":"<p>New York, Estados Unidos.&nbsp;\u2013 El ministro de Relaciones Exteriores,&nbsp;Roberto \u00c1lvarez, y su hom\u00f3logo de la Federaci\u00f3n de Rusia, Sergey Lavrov, sostuvieron una reuni\u00f3n en Naciones Unidas en la que conversaron&hellip; <\/p>\n","protected":false},"author":2,"featured_media":6763,"comment_status":"closed","ping_status":"closed","sticky":false,"template":"","format":"standard","meta":{"fifu_image_url":"https:\/\/mirex.gob.do\/wp-content\/uploads\/2025\/09\/250924-4-1024x683.jpg","fifu_image_alt":"","footnotes":""},"categories":[7],"tags":[],"class_list":["post-6761","post","type-post","status-publish","format-standard","has-post-thumbnail","hentry","category-politica-exterior"],"_links":{"self":[{"href":"https:\/\/elmundodelapolitica.com\/v1\/wp-json\/wp\/v2\/posts\/6761","targetHints":{"allow":["GET"]}}],"collection":[{"href":"https:\/\/elmundodelapolitica.com\/v1\/wp-json\/wp\/v2\/posts"}],"about":[{"href":"https:\/\/elmundodelapolitica.com\/v1\/wp-json\/wp\/v2\/types\/post"}],"author":[{"embeddable":true,"href":"https:\/\/elmundodelapolitica.com\/v1\/wp-json\/wp\/v2\/users\/2"}],"replies":[{"embeddable":true,"href":"https:\/\/elmundodelapolitica.com\/v1\/wp-json\/wp\/v2\/comments?post=6761"}],"version-history":[{"count":1,"href":"https:\/\/elmundodelapolitica.com\/v1\/wp-json\/wp\/v2\/posts\/6761\/revisions"}],"predecessor-version":[{"id":6762,"href":"https:\/\/elmundodelapolitica.com\/v1\/wp-json\/wp\/v2\/posts\/6761\/revisions\/6762"}],"wp:featuredmedia":[{"embeddable":true,"href":"https:\/\/elmundodelapolitica.com\/v1\/wp-json\/wp\/v2\/media\/6763"}],"wp:attachment":[{"href":"https:\/\/elmundodelapolitica.com\/v1\/wp-json\/wp\/v2\/media?parent=6761"}],"wp:term":[{"taxonomy":"category","embeddable":true,"href":"https:\/\/elmundodelapolitica.com\/v1\/wp-json\/wp\/v2\/categories?post=6761"},{"taxonomy":"post_tag","embeddable":true,"href":"https:\/\/elmundodelapolitica.com\/v1\/wp-json\/wp\/v2\/tags?post=6761"}],"curies":[{"name":"wp","href":"https:\/\/api.w.org\/{rel}","templated":true}]}}