{"id":6755,"date":"2025-09-25T16:16:02","date_gmt":"2025-09-25T20:16:02","guid":{"rendered":"https:\/\/elmundodelapolitica.com\/v1\/?p=6755"},"modified":"2025-09-28T16:16:44","modified_gmt":"2025-09-28T20:16:44","slug":"ministerio-publico-y-ceccom-incautan-bebidas-adulteradas-y-mercancia-ilegal","status":"publish","type":"post","link":"https:\/\/elmundodelapolitica.com\/v1\/ministerio-publico-y-ceccom-incautan-bebidas-adulteradas-y-mercancia-ilegal\/","title":{"rendered":"Ministerio P\u00fablico y Ceccom incautan bebidas adulteradas y mercanc\u00eda ilegal"},"content":{"rendered":"\n<p>Realizan un amplio operativo en el mercado de pulgas en Santiago<\/p>\n\n\n\n<p>SANTO DOMINGO (Rep\u00fablica Dominicana).-&nbsp;La Unidad de Investigaci\u00f3n de Comercio Il\u00edcito del Ministerio P\u00fablico (UICI) y el Cuerpo Especializado de Control de Combustibles y Mercanc\u00edas (Ceccom) ocuparon bebidas adulteradas y cigarrillos de contrabando, en un operativo conjunto desplegado en el mercado de pulgas de la provincia Santiago.<br>Durante la operaci\u00f3n, que cont\u00f3 con la colaboraci\u00f3n de la Direcci\u00f3n General de Medicamentos, Alimentos y Productos Sanitarios (Digemaps), fueron ocupados 3,600 litros de cler\u00e9n y otras 1,818 botellas de bebidas alcoh\u00f3licas de distintas marcas y tama\u00f1os, as\u00ed como 1,328 unidades de ampollas y medicamentos en tabletas para tratar dolencias diversas.<br>Las labores, que se realizaron bajo la coordinaci\u00f3n de la fiscal L\u00eda Collado, enlace de la Fiscal\u00eda de Santiago con la UICI, permitieron tambi\u00e9n sacar del mercado unas 24,800 unidades de cigarrillos tra\u00eddos de contrabando al pa\u00eds. Tambi\u00e9n, cientos de productos comestibles que no cuentan con registro sanitario ni aduanales para su comercio en territorio dominicano.<br>Las autoridades detectaron el centro de acopio desde donde se supl\u00eda esta mercanc\u00eda a los distintos puestos de venta en ese mercado.<br>El comercio de mercanc\u00eda de contrabando constituye una amenaza a la salud ciudadana. Esta actividad irregular es violatoria a la Ley 42-01 General de Salud y la Ley 17-19 que penaliza el comercio il\u00edcito, contrabando y falsificaci\u00f3n de productos regulados.<br>\u201cDesde la creaci\u00f3n de nuestra unidad de comercio il\u00edcito hemos realizado cientos de decomisos de mercanc\u00eda adulterada, de contrabando y falsificada y le hemos advertido a los contrabandistas que seguiremos con estas operaciones, porque todos estos productos sin la debida regulaci\u00f3n son un atentado contra la salud y contra la vida, derechos fundamentales que nosotros vamos a defender\u201d, manifest\u00f3 la fiscal L\u00eda Collado.<br>Estos allanamientos se desarrollaron luego del trabajo de inteligencia que permiti\u00f3 identificar el centro de almacenamiento de la mercanc\u00eda.<br>Las autoridades contin\u00faan con la b\u00fasqueda de personas de inter\u00e9s en el il\u00edcito, mientras que un hombre de nacionalidad haitiana fue detenido para ampliar las indagatorias.<\/p>\n","protected":false},"excerpt":{"rendered":"<p>Realizan un amplio operativo en el mercado de pulgas en Santiago SANTO DOMINGO (Rep\u00fablica Dominicana).-&nbsp;La Unidad de Investigaci\u00f3n de Comercio Il\u00edcito del Ministerio P\u00fablico (UICI) y el Cuerpo Especializado de&hellip; <\/p>\n","protected":false},"author":2,"featured_media":6757,"comment_status":"closed","ping_status":"closed","sticky":false,"template":"","format":"standard","meta":{"fifu_image_url":"https:\/\/pgr.gob.do\/wp-content\/uploads\/2020\/12\/PGR-Imagenes-Drone-2048x1536.jpg","fifu_image_alt":"","footnotes":""},"categories":[26],"tags":[],"class_list":["post-6755","post","type-post","status-publish","format-standard","has-post-thumbnail","hentry","category-justicia"],"_links":{"self":[{"href":"https:\/\/elmundodelapolitica.com\/v1\/wp-json\/wp\/v2\/posts\/6755","targetHints":{"allow":["GET"]}}],"collection":[{"href":"https:\/\/elmundodelapolitica.com\/v1\/wp-json\/wp\/v2\/posts"}],"about":[{"href":"https:\/\/elmundodelapolitica.com\/v1\/wp-json\/wp\/v2\/types\/post"}],"author":[{"embeddable":true,"href":"https:\/\/elmundodelapolitica.com\/v1\/wp-json\/wp\/v2\/users\/2"}],"replies":[{"embeddable":true,"href":"https:\/\/elmundodelapolitica.com\/v1\/wp-json\/wp\/v2\/comments?post=6755"}],"version-history":[{"count":1,"href":"https:\/\/elmundodelapolitica.com\/v1\/wp-json\/wp\/v2\/posts\/6755\/revisions"}],"predecessor-version":[{"id":6756,"href":"https:\/\/elmundodelapolitica.com\/v1\/wp-json\/wp\/v2\/posts\/6755\/revisions\/6756"}],"wp:featuredmedia":[{"embeddable":true,"href":"https:\/\/elmundodelapolitica.com\/v1\/wp-json\/wp\/v2\/media\/6757"}],"wp:attachment":[{"href":"https:\/\/elmundodelapolitica.com\/v1\/wp-json\/wp\/v2\/media?parent=6755"}],"wp:term":[{"taxonomy":"category","embeddable":true,"href":"https:\/\/elmundodelapolitica.com\/v1\/wp-json\/wp\/v2\/categories?post=6755"},{"taxonomy":"post_tag","embeddable":true,"href":"https:\/\/elmundodelapolitica.com\/v1\/wp-json\/wp\/v2\/tags?post=6755"}],"curies":[{"name":"wp","href":"https:\/\/api.w.org\/{rel}","templated":true}]}}