{"id":6752,"date":"2025-09-26T16:13:38","date_gmt":"2025-09-26T20:13:38","guid":{"rendered":"https:\/\/elmundodelapolitica.com\/v1\/?p=6752"},"modified":"2025-09-28T16:15:02","modified_gmt":"2025-09-28T20:15:02","slug":"sistema-penitenciario-mantiene-activo-su-plan-de-contingencia-ante-intensas-lluvias","status":"publish","type":"post","link":"https:\/\/elmundodelapolitica.com\/v1\/sistema-penitenciario-mantiene-activo-su-plan-de-contingencia-ante-intensas-lluvias\/","title":{"rendered":"Sistema penitenciario mantiene activo su plan de contingencia ante intensas lluvias"},"content":{"rendered":"\n<p><strong>SANTO DOMINGO (Rep\u00fablica Dominicana).-<\/strong>&nbsp; La Direcci\u00f3n General de Servicios Penitenciarios y Correccionales (DGSPC) mantiene activado su plan de contingencia ante posibles emergencias relacionadas con las intensas lluvias que afectan al territorio nacional.<\/p>\n\n\n\n<p>Siguiendo los protocolos para proteger la vida de los privados de libertad y de los servidores de la DGSPC, as\u00ed como de las infraestructuras del sistema penitenciario en todo el pa\u00eds, este viernes se llev\u00f3 a cabo una reuni\u00f3n del Comit\u00e9 de Emergencia Institucional de la DGSPC.<\/p>\n\n\n\n<p>El comit\u00e9 se mantiene en sesi\u00f3n permanente&nbsp; a&nbsp; fin&nbsp; de&nbsp; atender posibles emergencias que pudieran&nbsp; ocurrir&nbsp; en&nbsp; algunos de&nbsp; los&nbsp; centros&nbsp; ubicados&nbsp; en las provincias&nbsp; que en estos&nbsp; mementos se encuentran bajo alerta&nbsp; roja.<\/p>\n\n\n\n<p>Durante la reuni\u00f3n, encabezada por el titular de la&nbsp; DGSPC,&nbsp; Roberto&nbsp; Hern\u00e1ndez&nbsp; Basilio, se revisaron los protocolos de contingencia vigentes,&nbsp; las medidas preventivas y correctivas aplicadas hasta el momento, as\u00ed como la situaci\u00f3n general de los centros penitenciarios y correccionales a nivel nacional.<\/p>\n\n\n\n<p>En su informe correspondiente a la 1:00 de la tarde de este viernes, el Instituto Dominicano de Meteorolog\u00eda (Indomet) mantiene alertas y avisos meteorol\u00f3gicos por riesgo de inundaciones serveras, crecidas de r\u00edos, arroyos y ca\u00f1adas. \u201cEl amplio campo nuboso asociado a la activa onda tropical, que actualmente ubica su eje sobre la parte oriental de Cuba, se mantiene sobre el pa\u00eds\u201d, indica.<\/p>\n\n\n\n<p>\u201cEsta actividad, apoyada por la incidencia de una vaguada en varios niveles de la troposfera, contin\u00faa generando aguaceros moderados a fuertes, tormentas el\u00e9ctricas y r\u00e1fagas de viento hacia Santo Domingo, Monte Plata, Hato Mayor, Saman\u00e1, Mar\u00eda Trinidad S\u00e1nchez, Duarte, San Crist\u00f3bal, Peravia, San Jos\u00e9 de Ocoa, Santiago Rodr\u00edguez y Santiago, entre otras provincias cercanas\u201d.<\/p>\n\n\n\n<p>El Indomet prev\u00e9 que para las pr\u00f3ximas horas las precipitaciones contin\u00faen y se extiendan hacia provincias como La Romana, La Altagracia, S\u00e1nchez Ram\u00edrez, Duarte, entre otras aleda\u00f1as, aunque tambi\u00e9n hacia el Cibao.<\/p>\n","protected":false},"excerpt":{"rendered":"<p>SANTO DOMINGO (Rep\u00fablica Dominicana).-&nbsp; La Direcci\u00f3n General de Servicios Penitenciarios y Correccionales (DGSPC) mantiene activado su plan de contingencia ante posibles emergencias relacionadas con las intensas lluvias que afectan al&hellip; <\/p>\n","protected":false},"author":2,"featured_media":6754,"comment_status":"closed","ping_status":"closed","sticky":false,"template":"","format":"standard","meta":{"fifu_image_url":"https:\/\/pgr.gob.do\/wp-content\/uploads\/2022\/03\/MG_3813-scaled.jpg","fifu_image_alt":"","footnotes":""},"categories":[26],"tags":[],"class_list":["post-6752","post","type-post","status-publish","format-standard","has-post-thumbnail","hentry","category-justicia"],"_links":{"self":[{"href":"https:\/\/elmundodelapolitica.com\/v1\/wp-json\/wp\/v2\/posts\/6752","targetHints":{"allow":["GET"]}}],"collection":[{"href":"https:\/\/elmundodelapolitica.com\/v1\/wp-json\/wp\/v2\/posts"}],"about":[{"href":"https:\/\/elmundodelapolitica.com\/v1\/wp-json\/wp\/v2\/types\/post"}],"author":[{"embeddable":true,"href":"https:\/\/elmundodelapolitica.com\/v1\/wp-json\/wp\/v2\/users\/2"}],"replies":[{"embeddable":true,"href":"https:\/\/elmundodelapolitica.com\/v1\/wp-json\/wp\/v2\/comments?post=6752"}],"version-history":[{"count":1,"href":"https:\/\/elmundodelapolitica.com\/v1\/wp-json\/wp\/v2\/posts\/6752\/revisions"}],"predecessor-version":[{"id":6753,"href":"https:\/\/elmundodelapolitica.com\/v1\/wp-json\/wp\/v2\/posts\/6752\/revisions\/6753"}],"wp:featuredmedia":[{"embeddable":true,"href":"https:\/\/elmundodelapolitica.com\/v1\/wp-json\/wp\/v2\/media\/6754"}],"wp:attachment":[{"href":"https:\/\/elmundodelapolitica.com\/v1\/wp-json\/wp\/v2\/media?parent=6752"}],"wp:term":[{"taxonomy":"category","embeddable":true,"href":"https:\/\/elmundodelapolitica.com\/v1\/wp-json\/wp\/v2\/categories?post=6752"},{"taxonomy":"post_tag","embeddable":true,"href":"https:\/\/elmundodelapolitica.com\/v1\/wp-json\/wp\/v2\/tags?post=6752"}],"curies":[{"name":"wp","href":"https:\/\/api.w.org\/{rel}","templated":true}]}}