{"id":6743,"date":"2025-09-28T16:34:16","date_gmt":"2025-09-28T20:34:16","guid":{"rendered":"https:\/\/elmundodelapolitica.com\/v1\/?p=6743"},"modified":"2025-09-28T16:34:18","modified_gmt":"2025-09-28T20:34:18","slug":"prd-afirma-corrupcion-del-gobierno-perremeista-se-profundizo-bajo-la-sombra-de-la-reeleccion","status":"publish","type":"post","link":"https:\/\/elmundodelapolitica.com\/v1\/prd-afirma-corrupcion-del-gobierno-perremeista-se-profundizo-bajo-la-sombra-de-la-reeleccion\/","title":{"rendered":"PRD afirma corrupci\u00f3n del Gobierno perremeista se profundiz\u00f3 bajo la sombra de la reelecci\u00f3n"},"content":{"rendered":"<div class=\"wp-block-image\">\n<figure class=\"aligncenter\"><img decoding=\"async\" src=\"https:\/\/elmundodelapolitica.com\/v1\/wp-content\/uploads\/2025\/09\/WhatsApp-Image-2025-09-28-at-105240-AM.jpeg\" alt=\"\"\/><\/figure>\n<\/div>\n\n\n<p>Rep\u00fablica Dominicana.\u2013El Partido Revolucionario Dominicano (PRD), a trav\u00e9s de su vicepresidente H\u00e9ctor Guzm\u00e1n, denunci\u00f3 que los compromisos asumidos por funcionarios y dirigentes del Partido Revolucionario Moderno (PRM) para garantizar la reelecci\u00f3n presidencial generaron un clima de impunidad que explica la falta de sanciones frente a los m\u00faltiples casos de corrupci\u00f3n que sacuden a la presente administraci\u00f3n.<\/p>\n\n\n\n<p>Guzm\u00e1n afirm\u00f3 que los esc\u00e1ndalos de corrupci\u00f3n que han salido a la luz en los \u00faltimos a\u00f1os tienen un denominador com\u00fan: el esfuerzo reeleccionista. \u201cAqu\u00ed todo tiene un origen, se\u00f1ores, todo tiene un origen y es la campa\u00f1a por la reelecci\u00f3n presidencial. Se le dio mano suelta a funcionarios para ganar la reelecci\u00f3n. Y a muchos hasta se les fueron las manos y los pies\u201d, asegur\u00f3.<\/p>\n\n\n\n<p>El dirigente perrede\u00edsta lament\u00f3 que, a pesar de la magnitud y el reconocimiento oficial de muchos expedientes, las autoridades no han dado respuestas contundentes.<\/p>\n\n\n\n<p>\u201cLa propia Dra. Milagros Ortiz Bosch dijo que hab\u00eda llevado cerca de 47 expedientes y en un momento m\u00e1s de 200 a la Procuradur\u00eda, \u00bfy qu\u00e9 ha pasado? Nada. Nosotros mismos, desde el PRD, depositamos un caso sobre el fideicomiso de la basura el 29 de julio, y tampoco ha pasado nada\u201d, sostuvo.<\/p>\n\n\n\n<p>Al referirse al desfalco millonario recientemente descubierto en el Servicio Nacional de Salud (SENASA), revelado por periodistas de investigaci\u00f3n, Guzm\u00e1n lo calific\u00f3 como un hecho doblemente criminal.<\/p>\n\n\n\n<p>\u201cPrimero, porque se ha desfalcado una instituci\u00f3n vital que garantiza la salud de millones de dominicanos pobres; y segundo, porque en la campa\u00f1a pasada se usaron los carn\u00e9s de SENASA como instrumento pol\u00edtico, entreg\u00e1ndolos en operativos y actos proselitistas para ganar votos. Eso es inaceptable\u201d, declar\u00f3.<\/p>\n\n\n\n<p>El dirigente perrede\u00edsta subray\u00f3 que este caso refleja c\u00f3mo la corrupci\u00f3n y la reelecci\u00f3n caminaron de la mano. \u201cAqu\u00ed se jug\u00f3 con la salud de los m\u00e1s pobres y vulnerables. Mientras el pueblo lucha por conseguir medicamentos para enfermedades graves como la hipertensi\u00f3n o el c\u00e1ncer, vemos c\u00f3mo se manejaron miles de millones de pesos como si no fueran nada. Es una barbaridad y un crimen contra la gente humilde de este pa\u00eds\u201d, advirti\u00f3.<\/p>\n\n\n\n<p>Asimismo, cuestion\u00f3 la participaci\u00f3n de sectores privados en estos esc\u00e1ndalos. \u201cYo respeto al empresario que hace riqueza leg\u00edtima, pero no pueden llegar al extremo de hacerle esto a un pa\u00eds. Aqu\u00ed se est\u00e1 negociando con la pobreza del pueblo dominicano, y eso es imperdonable\u201d, denunci\u00f3.<\/p>\n\n\n\n<p>Finalmente, Guzm\u00e1n reafirm\u00f3 la posici\u00f3n del PRD de exigir un combate real y efectivo contra la corrupci\u00f3n en todas sus manifestaciones. \u201cAhora, \u00bfque el presidente Abinader vaya a actuar para que caiga quien caiga en estos casos de corrupci\u00f3n? Lo dudo, por el compromiso pol\u00edtico, lo dudo\u201d, concluy\u00f3.<\/p>\n","protected":false},"excerpt":{"rendered":"<p>Rep\u00fablica Dominicana.\u2013El Partido Revolucionario Dominicano (PRD), a trav\u00e9s de su vicepresidente H\u00e9ctor Guzm\u00e1n, denunci\u00f3 que los compromisos asumidos por funcionarios y dirigentes del Partido Revolucionario Moderno (PRM) para garantizar la&hellip; <\/p>\n","protected":false},"author":1,"featured_media":6775,"comment_status":"closed","ping_status":"closed","sticky":false,"template":"","format":"standard","meta":{"fifu_image_url":"https:\/\/proceso.com.do\/wp-content\/uploads\/2025\/09\/WhatsApp-Image-2025-09-28-at-10.52.40-AM-650x400.webp","fifu_image_alt":"","footnotes":""},"categories":[12],"tags":[],"class_list":["post-6743","post","type-post","status-publish","format-standard","has-post-thumbnail","hentry","category-agenda-politica"],"_links":{"self":[{"href":"https:\/\/elmundodelapolitica.com\/v1\/wp-json\/wp\/v2\/posts\/6743","targetHints":{"allow":["GET"]}}],"collection":[{"href":"https:\/\/elmundodelapolitica.com\/v1\/wp-json\/wp\/v2\/posts"}],"about":[{"href":"https:\/\/elmundodelapolitica.com\/v1\/wp-json\/wp\/v2\/types\/post"}],"author":[{"embeddable":true,"href":"https:\/\/elmundodelapolitica.com\/v1\/wp-json\/wp\/v2\/users\/1"}],"replies":[{"embeddable":true,"href":"https:\/\/elmundodelapolitica.com\/v1\/wp-json\/wp\/v2\/comments?post=6743"}],"version-history":[{"count":1,"href":"https:\/\/elmundodelapolitica.com\/v1\/wp-json\/wp\/v2\/posts\/6743\/revisions"}],"predecessor-version":[{"id":6774,"href":"https:\/\/elmundodelapolitica.com\/v1\/wp-json\/wp\/v2\/posts\/6743\/revisions\/6774"}],"wp:featuredmedia":[{"embeddable":true,"href":"https:\/\/elmundodelapolitica.com\/v1\/wp-json\/wp\/v2\/media\/6775"}],"wp:attachment":[{"href":"https:\/\/elmundodelapolitica.com\/v1\/wp-json\/wp\/v2\/media?parent=6743"}],"wp:term":[{"taxonomy":"category","embeddable":true,"href":"https:\/\/elmundodelapolitica.com\/v1\/wp-json\/wp\/v2\/categories?post=6743"},{"taxonomy":"post_tag","embeddable":true,"href":"https:\/\/elmundodelapolitica.com\/v1\/wp-json\/wp\/v2\/tags?post=6743"}],"curies":[{"name":"wp","href":"https:\/\/api.w.org\/{rel}","templated":true}]}}