{"id":6741,"date":"2025-09-28T16:56:50","date_gmt":"2025-09-28T20:56:50","guid":{"rendered":"https:\/\/elmundodelapolitica.com\/v1\/?p=6741"},"modified":"2025-09-28T16:56:52","modified_gmt":"2025-09-28T20:56:52","slug":"leonel-asegura-en-filadelfia-que-el-gobierno-del-prm-ha-fracasado-prometieron-de-todo-y-no-han-hecho-nada","status":"publish","type":"post","link":"https:\/\/elmundodelapolitica.com\/v1\/leonel-asegura-en-filadelfia-que-el-gobierno-del-prm-ha-fracasado-prometieron-de-todo-y-no-han-hecho-nada\/","title":{"rendered":"Leonel asegura en Filadelfia que el gobierno del PRM ha fracasado: Prometieron de todo y no han hecho nada"},"content":{"rendered":"\n<p>Filadelfia, EE. UU.\u2013 El expresidente de la Rep\u00fablica y l\u00edder de la Fuerza del Pueblo (FP), Leonel Fern\u00e1ndez, asegur\u00f3 este s\u00e1bado que el gobierno del Partido Revolucionario Moderno (PRM) ha sido un fracaso, al afirmar que en campa\u00f1a estaban \u201cprometiendo de todo\u201d y en 5 a\u00f1os \u201cno han hecho nada\u201d.<\/p>\n\n\n\n<p>Las declaraciones fueron ofrecidas durante un acto de juramentaci\u00f3n de nuevos miembros de la FP en la ciudad de Filadelfia, Pensilvania, en el marco de una intensa agenda acad\u00e9mica y pol\u00edtica que Fern\u00e1ndez desarrolla desde la pasada semana en los Estados Unidos.<\/p>\n\n\n\n<p>En su discurso, el exmandatario critic\u00f3 la falta de planificaci\u00f3n del actual gobierno y subray\u00f3 que el verdadero liderazgo debe llegar al poder con un proyecto claro. \u201cNo es llegar al poder para, y ahora, \u00bfqu\u00e9 hacemos? No. Llegamos al poder con un portafolio de saber qu\u00e9 vamos a hacer en cada lugar, en cada sitio, y cu\u00e1nto cuenta cada cosa, para poder prometer y poder cumplir. No como hacen ahora, mucha espuma y poco chocolate. Prometiendo de todo y no haciendo nada\u201d, expres\u00f3.<\/p>\n\n\n\n<p>Asimismo, Fern\u00e1ndez destac\u00f3 la importancia del proyecto RD 2044, una propuesta de desarrollo con visi\u00f3n de futuro que contempla 1,800 proyectos de infraestructuras distribuidos en cada municipio y distrito municipal del pa\u00eds. \u201cCuando la Rep\u00fablica cumpla 200 a\u00f1os de su fundaci\u00f3n, en 2044, queremos que ese sue\u00f1o dominicano de un pa\u00eds pr\u00f3spero, justo y equitativo se haya convertido en realidad\u201d, puntualiz\u00f3.<\/p>\n\n\n\n<p>En esa misma l\u00ednea, asegur\u00f3 que su visi\u00f3n ahora va m\u00e1s all\u00e1 del concepto de \u201cNueva York chiquito\u201d, planteado en gestiones anteriores, y que su gran apuesta es transformar a la Rep\u00fablica Dominicana en \u201cla capital del conocimiento de Am\u00e9rica Latina\u201d. Fern\u00e1ndez sostuvo que la di\u00e1spora jugar\u00e1 un papel esencial en este objetivo, al resaltar la fuerza econ\u00f3mica de los dominicanos en el exterior. \u201cHasta ahora se calcula que se env\u00edan anualmente 12,000 millones de d\u00f3lares en remesas\u201d. Pero cuando uno se encuentra con personas que tienen bodegas, supermercados y negocios, uno entiende la magnitud del potencial econ\u00f3mico de nuestra di\u00e1spora, dijo.<\/p>\n\n\n\n<p>El l\u00edder opositor insisti\u00f3 en que el camino hacia esos sue\u00f1os requiere primero alcanzar la victoria electoral en 2028. \u201cPara cristalizar todas esas aspiraciones, tenemos que ganar las elecciones. Ese es el punto de partida. Y yo les digo: si las elecciones fueran hoy, las ganar\u00edamos de calle, porque lo que tenemos es un gobierno fracasado y la apuesta est\u00e1 en la Fuerza del Pueblo\u201d, manifest\u00f3.<\/p>\n\n\n\n<p>Fern\u00e1ndez agreg\u00f3 que las condiciones para el triunfo est\u00e1n dadas, recordando que \u201cla oposici\u00f3n no gana elecciones, las pierden los gobiernos\u201d. En ese sentido, sentenci\u00f3: \u201cSi es as\u00ed, este gobierno la ha perdido ya\u201d.<\/p>\n\n\n\n<p>Agenda acad\u00e9mica y pol\u00edtica en Estados Unidos<\/p>\n\n\n\n<p>Durante su estancia en territorio norteamericano, el presidente de la Fuerza del Pueblo ha agotado una agenda que combina encuentros pol\u00edticos, acad\u00e9micos y comunitarios.<\/p>\n\n\n\n<p>En Nueva York, Fern\u00e1ndez visit\u00f3 el Martin Scorsese Virtual Production Center de la Universidad de Nueva York, un espacio pionero en producci\u00f3n virtual 3D y realidad inmersiva aplicada al cine.<\/p>\n\n\n\n<p>Asimismo, encabez\u00f3 en el VII Foro Global: Am\u00e9rica Latina y el Caribe 2025, celebrado en la Universidad de Columbia, donde se reafirm\u00f3 la importancia del di\u00e1logo y la cooperaci\u00f3n regional frente a los grandes desaf\u00edos comunes: democracia, integraci\u00f3n, desarrollo sostenible y tecnolog\u00edas emergentes.<\/p>\n\n\n\n<p>El expresidente tambi\u00e9n sostuvo un emotivo encuentro con la di\u00e1spora dominicana en Nueva Jersey, en el que destac\u00f3 el entusiasmo, apoyo y compromiso de la comunidad en el exterior con el futuro del pa\u00eds.<\/p>\n\n\n\n<p>Pr\u00f3ximas actividades<\/p>\n\n\n\n<p>Fern\u00e1ndez continuar\u00e1 este domingo en Nueva Jersey, donde encabezar\u00e1 diversas actividades, entre ellas la juramentaci\u00f3n de nuevos miembros de la FP y el Simposio Jos\u00e9 Mart\u00ed, que tendr\u00e1 lugar en la Colin Powell Elementary School.<\/p>\n\n\n\n<p>Para este domingo, la agenda incluye actos similares en Connecticut, Rhode Island y Boston, como parte de su recorrido de fortalecimiento de la Fuerza del Pueblo en la di\u00e1spora dominicana.<\/p>\n","protected":false},"excerpt":{"rendered":"<p>Filadelfia, EE. UU.\u2013 El expresidente de la Rep\u00fablica y l\u00edder de la Fuerza del Pueblo (FP), Leonel Fern\u00e1ndez, asegur\u00f3 este s\u00e1bado que el gobierno del Partido Revolucionario Moderno (PRM) ha&hellip; <\/p>\n","protected":false},"author":1,"featured_media":6778,"comment_status":"closed","ping_status":"closed","sticky":false,"template":"","format":"standard","meta":{"fifu_image_url":"https:\/\/proceso.com.do\/wp-content\/uploads\/2025\/09\/LEONEL-EN-FILADELFIA-650x400.webp","fifu_image_alt":"","footnotes":""},"categories":[12],"tags":[],"class_list":["post-6741","post","type-post","status-publish","format-standard","has-post-thumbnail","hentry","category-agenda-politica"],"_links":{"self":[{"href":"https:\/\/elmundodelapolitica.com\/v1\/wp-json\/wp\/v2\/posts\/6741","targetHints":{"allow":["GET"]}}],"collection":[{"href":"https:\/\/elmundodelapolitica.com\/v1\/wp-json\/wp\/v2\/posts"}],"about":[{"href":"https:\/\/elmundodelapolitica.com\/v1\/wp-json\/wp\/v2\/types\/post"}],"author":[{"embeddable":true,"href":"https:\/\/elmundodelapolitica.com\/v1\/wp-json\/wp\/v2\/users\/1"}],"replies":[{"embeddable":true,"href":"https:\/\/elmundodelapolitica.com\/v1\/wp-json\/wp\/v2\/comments?post=6741"}],"version-history":[{"count":1,"href":"https:\/\/elmundodelapolitica.com\/v1\/wp-json\/wp\/v2\/posts\/6741\/revisions"}],"predecessor-version":[{"id":6777,"href":"https:\/\/elmundodelapolitica.com\/v1\/wp-json\/wp\/v2\/posts\/6741\/revisions\/6777"}],"wp:featuredmedia":[{"embeddable":true,"href":"https:\/\/elmundodelapolitica.com\/v1\/wp-json\/wp\/v2\/media\/6778"}],"wp:attachment":[{"href":"https:\/\/elmundodelapolitica.com\/v1\/wp-json\/wp\/v2\/media?parent=6741"}],"wp:term":[{"taxonomy":"category","embeddable":true,"href":"https:\/\/elmundodelapolitica.com\/v1\/wp-json\/wp\/v2\/categories?post=6741"},{"taxonomy":"post_tag","embeddable":true,"href":"https:\/\/elmundodelapolitica.com\/v1\/wp-json\/wp\/v2\/tags?post=6741"}],"curies":[{"name":"wp","href":"https:\/\/api.w.org\/{rel}","templated":true}]}}