{"id":6734,"date":"2025-09-28T16:02:21","date_gmt":"2025-09-28T20:02:21","guid":{"rendered":"https:\/\/elmundodelapolitica.com\/v1\/?p=6734"},"modified":"2025-09-28T16:02:23","modified_gmt":"2025-09-28T20:02:23","slug":"dgm-detiene-a-1133-inmigrantes-irregulares-y-deporta-otros-1077-tras-jornadas-interdiccion","status":"publish","type":"post","link":"https:\/\/elmundodelapolitica.com\/v1\/dgm-detiene-a-1133-inmigrantes-irregulares-y-deporta-otros-1077-tras-jornadas-interdiccion\/","title":{"rendered":"DGM detiene a 1,133 inmigrantes irregulares y deporta otros 1,077 tras jornadas interdicci\u00f3n"},"content":{"rendered":"\n<p><strong>SANTO DOMINGO.-&nbsp;<\/strong>Las unidades de interdicci\u00f3n de la Direcci\u00f3n General de Migraci\u00f3n detuvieron a 1,133 nacionales haitianos en estatus irregular, en jornadas operacionales desplegadas ayer dentro de las estrategias que se ejecutan en todo el pa\u00eds para el control migratorio y garantizar mayor protecci\u00f3n y tranquilidad a la poblaci\u00f3n.<\/p>\n\n\n\n<p>La DGM, asimismo, repatri\u00f3 a 1,077 nacionales haitianos detenidos por falta de documentaci\u00f3n y los entregaron a las autoridades de su pa\u00eds por los puntos binacionales fronterizos de Dajab\u00f3n (323 personas), El\u00edas Pi\u00f1a (637), Pedernales (49) y Jiman\u00ed (68).<\/p>\n\n\n\n<p>Las interdicciones, apoyadas por las instituciones de seguridad p\u00fablica, se verificaron en el Gran Santo Domingo (151 personas), Santiago de los Caballeros (57), La Vega (44), Mao\/Santiago Rodr\u00edguez (75), Azua y Barahona (44 cada una), Montecristi (64), Dajab\u00f3n (49), El\u00edas Pi\u00f1a (57), Jiman\u00ed (74) y Pedernales (26). A esa cantidad de detenidos tambi\u00e9n se suman 328 de parte de efectivos del Ej\u00e9rcito de Rep\u00fablica Dominicana; 40 hechas por el CESFRONT y 80 por agentes de la Polic\u00eda Nacional.<\/p>\n\n\n\n<p>En correspondencia con las pol\u00edticas migratorias establecidas en la Ley 285-04, para que todos los extranjeros est\u00e9n debidamente documentados y registrados, los equipos de la DGM ejecutaron sus operaciones con respeto a los derechos humanos, la \u00e9tica y la dignidad de todas las personas pasibles de ser detenidas. Estas fueron llevadas a los centros de retenci\u00f3n de extranjeros ilegales de la DGM, donde se les registr\u00f3 y evalu\u00f3 de acuerdo a los protocolos establecidos.<\/p>\n\n\n\n<p>Los procesos de interdicci\u00f3n tambi\u00e9n fueron coordinados con la DGM, la Armada de Rep\u00fablica Dominicana, la Fuerza A\u00e9rea, el Ciutran, la Digesett, el Ministerio P\u00fablico y otros organismos vinculados con la seguridad del Estado.<\/p>\n\n\n\n<p>Con estas acciones, el organismo regulador de los flujos migratorios reafirma su compromiso con el orden, la seguridad, la estabilidad y el bienestar de la ciudadan\u00eda, en base a un entorno justo y sostenible.<\/p>\n","protected":false},"excerpt":{"rendered":"<p>SANTO DOMINGO.-&nbsp;Las unidades de interdicci\u00f3n de la Direcci\u00f3n General de Migraci\u00f3n detuvieron a 1,133 nacionales haitianos en estatus irregular, en jornadas operacionales desplegadas ayer dentro de las estrategias que se&hellip; <\/p>\n","protected":false},"author":2,"featured_media":6736,"comment_status":"closed","ping_status":"closed","sticky":false,"template":"","format":"standard","meta":{"fifu_image_url":"https:\/\/presidencia.gob.do\/sites\/default\/files\/news\/2025-08\/IMG_6985.jpeg","fifu_image_alt":"","footnotes":""},"categories":[28],"tags":[],"class_list":["post-6734","post","type-post","status-publish","format-standard","has-post-thumbnail","hentry","category-migracion"],"_links":{"self":[{"href":"https:\/\/elmundodelapolitica.com\/v1\/wp-json\/wp\/v2\/posts\/6734","targetHints":{"allow":["GET"]}}],"collection":[{"href":"https:\/\/elmundodelapolitica.com\/v1\/wp-json\/wp\/v2\/posts"}],"about":[{"href":"https:\/\/elmundodelapolitica.com\/v1\/wp-json\/wp\/v2\/types\/post"}],"author":[{"embeddable":true,"href":"https:\/\/elmundodelapolitica.com\/v1\/wp-json\/wp\/v2\/users\/2"}],"replies":[{"embeddable":true,"href":"https:\/\/elmundodelapolitica.com\/v1\/wp-json\/wp\/v2\/comments?post=6734"}],"version-history":[{"count":1,"href":"https:\/\/elmundodelapolitica.com\/v1\/wp-json\/wp\/v2\/posts\/6734\/revisions"}],"predecessor-version":[{"id":6735,"href":"https:\/\/elmundodelapolitica.com\/v1\/wp-json\/wp\/v2\/posts\/6734\/revisions\/6735"}],"wp:featuredmedia":[{"embeddable":true,"href":"https:\/\/elmundodelapolitica.com\/v1\/wp-json\/wp\/v2\/media\/6736"}],"wp:attachment":[{"href":"https:\/\/elmundodelapolitica.com\/v1\/wp-json\/wp\/v2\/media?parent=6734"}],"wp:term":[{"taxonomy":"category","embeddable":true,"href":"https:\/\/elmundodelapolitica.com\/v1\/wp-json\/wp\/v2\/categories?post=6734"},{"taxonomy":"post_tag","embeddable":true,"href":"https:\/\/elmundodelapolitica.com\/v1\/wp-json\/wp\/v2\/tags?post=6734"}],"curies":[{"name":"wp","href":"https:\/\/api.w.org\/{rel}","templated":true}]}}