{"id":6731,"date":"2025-09-28T15:58:05","date_gmt":"2025-09-28T19:58:05","guid":{"rendered":"https:\/\/elmundodelapolitica.com\/v1\/?p=6731"},"modified":"2025-09-28T15:58:07","modified_gmt":"2025-09-28T19:58:07","slug":"danilo-critica-gobierno-de-abinader-por-deterioro-de-servicios-en-republica-dominicana","status":"publish","type":"post","link":"https:\/\/elmundodelapolitica.com\/v1\/danilo-critica-gobierno-de-abinader-por-deterioro-de-servicios-en-republica-dominicana\/","title":{"rendered":"Danilo critica gobierno de Abinader por deterioro de servicios en Rep\u00fablica Dominicana"},"content":{"rendered":"\n<p>El expresidente de la Rep\u00fablica, Danilo Medina, critic\u00f3 el \"abandono\" de servicios b\u00e1sicos que ha deteriorado las condiciones de vida de la poblaci\u00f3n durante la gesti\u00f3n del Partido Revolucionario Moderno (PRM).<\/p>\n\n\n\n<p>Medina, durante la Asamblea Provincial del Partido de la Liberaci\u00f3n Dominicana (PLD) en Hato Mayor, afirm\u00f3 que durante el gobierno que encabeza Luis Abinader, programas como el de Medicamentos de Alto Costo, Sistema Nacional de Atenci\u00f3n a Emergencias y Seguridad 911, as\u00ed como servicios b\u00e1sicos como el energ\u00e9tico han sufrido un retroceso, llevando a una situaci\u00f3n de abandono y pobreza a las comunidades del pa\u00eds.<\/p>\n\n\n\n<p>Sobre el programa de Medicamentos de Alto Costo, el presidente del partido morado insisti\u00f3 en que no se trat\u00f3 de una propuesta antojadiza y que se cre\u00f3 para ayudar a las familias en condiciones econ\u00f3micas precarias.<\/p>\n\n\n\n<p>\"Ese programa est\u00e1 ah\u00ed para proteger a las familias dominicanas que ten\u00edan un miembro con una enfermedad catastr\u00f3fica, para ir en auxilio de las personas. No puede ser que esos programas sean eliminados, cuando este gobierno ha manejado m\u00e1s recursos que ning\u00fan gobierno en la historia de Rep\u00fablica Dominicana\", critic\u00f3.<\/p>\n\n\n\n<p>Respecto al Sistema 911, Medina afirm\u00f3 que, durante su gesti\u00f3n, el programa garantizaba atenci\u00f3n r\u00e1pida y digna, brind\u00e1ndole a las personas una asistencia de salud en ambulancias equipadas y una respuesta m\u00e9dica inmediata.<\/p>\n\n\n\n<p>\u201cEsas cosas se han perdido\u201d, sentenci\u00f3 el dos veces presidente dominicano (2012-2016 y 2016-2020).<\/p>\n\n\n\n<p>El exmandatario, al hablar sobre el sistema el\u00e9ctrico, afirm\u00f3 que en su gobierno se logr\u00f3 energizar a gran parte de la provincia de Hato Mayor, adem\u00e1s de otras zonas rurales en el pa\u00eds, lo que, seg\u00fan dijo, redujo los apagones y abarat\u00f3 el costo del servicio.<\/p>\n","protected":false},"excerpt":{"rendered":"<p>El expresidente de la Rep\u00fablica, Danilo Medina, critic\u00f3 el \"abandono\" de servicios b\u00e1sicos que ha deteriorado las condiciones de vida de la poblaci\u00f3n durante la gesti\u00f3n del Partido Revolucionario Moderno&hellip; <\/p>\n","protected":false},"author":2,"featured_media":6733,"comment_status":"closed","ping_status":"closed","sticky":false,"template":"","format":"standard","meta":{"fifu_image_url":"https:\/\/media.acento.com.do\/media\/storage02\/uploads\/2024\/11\/WhatsApp-Image-2024-11-25-at-8.30.31-AM-728x468.webp","fifu_image_alt":"","footnotes":""},"categories":[17],"tags":[],"class_list":["post-6731","post","type-post","status-publish","format-standard","has-post-thumbnail","hentry","category-politica"],"_links":{"self":[{"href":"https:\/\/elmundodelapolitica.com\/v1\/wp-json\/wp\/v2\/posts\/6731","targetHints":{"allow":["GET"]}}],"collection":[{"href":"https:\/\/elmundodelapolitica.com\/v1\/wp-json\/wp\/v2\/posts"}],"about":[{"href":"https:\/\/elmundodelapolitica.com\/v1\/wp-json\/wp\/v2\/types\/post"}],"author":[{"embeddable":true,"href":"https:\/\/elmundodelapolitica.com\/v1\/wp-json\/wp\/v2\/users\/2"}],"replies":[{"embeddable":true,"href":"https:\/\/elmundodelapolitica.com\/v1\/wp-json\/wp\/v2\/comments?post=6731"}],"version-history":[{"count":1,"href":"https:\/\/elmundodelapolitica.com\/v1\/wp-json\/wp\/v2\/posts\/6731\/revisions"}],"predecessor-version":[{"id":6732,"href":"https:\/\/elmundodelapolitica.com\/v1\/wp-json\/wp\/v2\/posts\/6731\/revisions\/6732"}],"wp:featuredmedia":[{"embeddable":true,"href":"https:\/\/elmundodelapolitica.com\/v1\/wp-json\/wp\/v2\/media\/6733"}],"wp:attachment":[{"href":"https:\/\/elmundodelapolitica.com\/v1\/wp-json\/wp\/v2\/media?parent=6731"}],"wp:term":[{"taxonomy":"category","embeddable":true,"href":"https:\/\/elmundodelapolitica.com\/v1\/wp-json\/wp\/v2\/categories?post=6731"},{"taxonomy":"post_tag","embeddable":true,"href":"https:\/\/elmundodelapolitica.com\/v1\/wp-json\/wp\/v2\/tags?post=6731"}],"curies":[{"name":"wp","href":"https:\/\/api.w.org\/{rel}","templated":true}]}}