{"id":6725,"date":"2025-09-28T15:53:54","date_gmt":"2025-09-28T19:53:54","guid":{"rendered":"https:\/\/elmundodelapolitica.com\/v1\/?p=6725"},"modified":"2025-09-28T15:53:55","modified_gmt":"2025-09-28T19:53:55","slug":"poder-ejecutivo-deposita-en-el-congreso-nacional-proyecto-de-ley-de-presupuesto-general-del-estado-2026","status":"publish","type":"post","link":"https:\/\/elmundodelapolitica.com\/v1\/poder-ejecutivo-deposita-en-el-congreso-nacional-proyecto-de-ley-de-presupuesto-general-del-estado-2026\/","title":{"rendered":"Poder Ejecutivo deposita en el Congreso Nacional proyecto de Ley de Presupuesto General del Estado 2026"},"content":{"rendered":"\n<p>Santo Domingo.\u2013&nbsp;<strong>El<\/strong>&nbsp;<strong>Poder Ejecutivo<\/strong>, a trav\u00e9s del&nbsp;<strong>Ministerio de Hacienda y Econom\u00eda,<\/strong>&nbsp;junto con la&nbsp;<strong>Direcci\u00f3n General de Presupuesto<\/strong>, deposit\u00f3 en el Congreso Nacional el&nbsp;<strong>proyecto de Ley de Presupuesto General del Estado 2026<\/strong>, cumpliendo con lo dispuesto en el art\u00edculo 233 de la<strong>&nbsp;Constituci\u00f3n de la Rep\u00fablica<\/strong>, y el art\u00edculo 34 de la&nbsp;<strong>Ley Org\u00e1nica de Presupuesto para el Sector P\u00fablico N\u00fam. 423-06.<\/strong><\/p>\n\n\n\n<p>Adicionalmente, se subraya el cumplimiento de la regla fiscal de gasto primario establecida mediante la&nbsp;<strong>Ley N\u00fam. 35-24 de Responsabilidad Fiscal de las Instituciones Estatales.<\/strong><\/p>\n\n\n\n<p>El proyecto presupuestario que asciende a&nbsp;<strong>1 bill\u00f3n 744,000 millones de pesos<\/strong>, equivalente al&nbsp;<strong>20.1 %<\/strong>&nbsp;del producto interno bruto&nbsp;<strong>(PIB)<\/strong>, fue entregado v\u00eda a la Secretar\u00eda General de la C\u00e1mara de Diputados por el director general de Presupuesto,&nbsp;<strong>Jos\u00e9 Rijo Presbot.<\/strong><\/p>\n\n\n\n<p>En cuanto la gesti\u00f3n fiscal, se proyectan ingresos por&nbsp;<strong>RD1,342,258.2 millones (15.5% del PIB)<\/strong>, mientras que los gastos totales ascienden a&nbsp;<strong>RD 1,622,833.4 millones (18.7% del PIB).<\/strong><\/p>\n\n\n\n<p>Estos recursos se destinar\u00e1n a las prioridades estrat\u00e9gicas del Gobierno, como son mantener la&nbsp;<strong>estabilidad macroecon\u00f3mica<\/strong>, impulsar el&nbsp;<strong>crecimiento econ\u00f3mico<\/strong>, fortalecer&nbsp;<strong>el rendimiento y la competitividad<\/strong>&nbsp;de los sectores productivos, asegurar el acceso a&nbsp;<strong>servicios esenciales de calidad<\/strong>, y fomentar el&nbsp;<strong>bienestar de aquellos sectores m\u00e1s vulnerables<\/strong>&nbsp;de la poblaci\u00f3n dominicana.<\/p>\n\n\n\n<p><strong>Reactivaci\u00f3n econ\u00f3mica mediante inversi\u00f3n<\/strong><\/p>\n\n\n\n<p>La iniciativa refuerza la pol\u00edtica de reactivaci\u00f3n econ\u00f3mica mediante la&nbsp;<strong>inversi\u00f3n p\u00fablica<\/strong>, que ascender\u00e1 a RD&nbsp;<strong>215,284.7 millones (2.5 % del PIB),<\/strong>&nbsp;monto superior al presupuesto inicial de 2025, e incluye&nbsp;<strong>proyectos emblem\u00e1ticos<\/strong>&nbsp;que buscan mejorar la conectividad y eficiencia del sistema de&nbsp;<strong>transporte<\/strong>, as\u00ed como impactar a sectores estrat\u00e9gicos como&nbsp;<strong>el turismo y la agropecuaria<\/strong>, en l\u00ednea con los objetivos plasmados en el&nbsp;<strong>Plan Meta RD 2036<\/strong>&nbsp;<strong>orientado a duplicar el PIB&nbsp;<\/strong>de la Rep\u00fablica Dominicana.<\/p>\n\n\n\n<p><em>\u201cEl proyecto reafirma el compromiso del Gobierno con la consecuci\u00f3n de resultados fiscales que permitir\u00e1n, en un plazo prudente, alcanzar un equilibrio en las finanzas p\u00fablicas, mantener la sostenibilidad fiscal, apoyar de manera eficiente las iniciativas privadas y asignar los recursos en aquellas \u00e1reas prioritarias para mejorar la calidad de vida de todos los dominicanos\u201d<\/em>, precisa el Ejecutivo en su carta de remisi\u00f3n del Presupuesto.<\/p>\n\n\n\n<p>Para el pr\u00f3ximo a\u00f1o, el proyecto plantea un&nbsp;<strong>d\u00e9ficit fiscal<\/strong>&nbsp;de apenas 3.2 % del PIB, equivalente a&nbsp;<strong>RD 280,575.3 millones<\/strong>, manteniendo la consolidaci\u00f3n fiscal de ejercicios anteriores y asegurando la&nbsp;<strong>continuidad de los programas prioritarios del Estado<\/strong>, al tiempo que se reafirma el compromiso con la&nbsp;<strong>disciplina en las finanzas p\u00fablicas.<\/strong><\/p>\n\n\n\n<p><strong>La pol\u00edtica de gasto 2026<\/strong>&nbsp;est\u00e1 dise\u00f1ada para responder a las&nbsp;<strong>17 prioridades estrat\u00e9gicas del Plan Nacional Plurianual del Sector P\u00fablico 2025-2028<\/strong>. En tal sentido, importantes medidas de corte social, como los recursos para la&nbsp;<strong>reforma policial<\/strong>, la atenci\u00f3n a las&nbsp;<strong>necesidades perentorias del sector de salud,<\/strong>&nbsp;las inversiones en&nbsp;<strong>agua potable y los Juegos Deportivos Centroamericanos y del Caribe<\/strong>, forman parte de la piedra angular de esta formulaci\u00f3n.<\/p>\n","protected":false},"excerpt":{"rendered":"<p>Santo Domingo.\u2013&nbsp;El&nbsp;Poder Ejecutivo, a trav\u00e9s del&nbsp;Ministerio de Hacienda y Econom\u00eda,&nbsp;junto con la&nbsp;Direcci\u00f3n General de Presupuesto, deposit\u00f3 en el Congreso Nacional el&nbsp;proyecto de Ley de Presupuesto General del Estado 2026, cumpliendo&hellip; <\/p>\n","protected":false},"author":2,"featured_media":6727,"comment_status":"closed","ping_status":"closed","sticky":false,"template":"","format":"standard","meta":{"fifu_image_url":"https:\/\/presidencia.gob.do\/sites\/default\/files\/styles\/large\/public\/news\/2025-09\/1000785557.jpg?itok=KYyJe6wW","fifu_image_alt":"","footnotes":""},"categories":[55],"tags":[],"class_list":["post-6725","post","type-post","status-publish","format-standard","has-post-thumbnail","hentry","category-congreso-y-legislacion"],"_links":{"self":[{"href":"https:\/\/elmundodelapolitica.com\/v1\/wp-json\/wp\/v2\/posts\/6725","targetHints":{"allow":["GET"]}}],"collection":[{"href":"https:\/\/elmundodelapolitica.com\/v1\/wp-json\/wp\/v2\/posts"}],"about":[{"href":"https:\/\/elmundodelapolitica.com\/v1\/wp-json\/wp\/v2\/types\/post"}],"author":[{"embeddable":true,"href":"https:\/\/elmundodelapolitica.com\/v1\/wp-json\/wp\/v2\/users\/2"}],"replies":[{"embeddable":true,"href":"https:\/\/elmundodelapolitica.com\/v1\/wp-json\/wp\/v2\/comments?post=6725"}],"version-history":[{"count":1,"href":"https:\/\/elmundodelapolitica.com\/v1\/wp-json\/wp\/v2\/posts\/6725\/revisions"}],"predecessor-version":[{"id":6726,"href":"https:\/\/elmundodelapolitica.com\/v1\/wp-json\/wp\/v2\/posts\/6725\/revisions\/6726"}],"wp:featuredmedia":[{"embeddable":true,"href":"https:\/\/elmundodelapolitica.com\/v1\/wp-json\/wp\/v2\/media\/6727"}],"wp:attachment":[{"href":"https:\/\/elmundodelapolitica.com\/v1\/wp-json\/wp\/v2\/media?parent=6725"}],"wp:term":[{"taxonomy":"category","embeddable":true,"href":"https:\/\/elmundodelapolitica.com\/v1\/wp-json\/wp\/v2\/categories?post=6725"},{"taxonomy":"post_tag","embeddable":true,"href":"https:\/\/elmundodelapolitica.com\/v1\/wp-json\/wp\/v2\/tags?post=6725"}],"curies":[{"name":"wp","href":"https:\/\/api.w.org\/{rel}","templated":true}]}}