{"id":6697,"date":"2025-09-26T10:19:11","date_gmt":"2025-09-26T14:19:11","guid":{"rendered":"https:\/\/elmundodelapolitica.com\/v1\/?p=6697"},"modified":"2025-09-26T10:35:58","modified_gmt":"2025-09-26T14:35:58","slug":"alcalde-de-santiago-resalta-importancia-de-abinader-e-hipolito-en-logros-del-gobierno-del-prm","status":"publish","type":"post","link":"https:\/\/elmundodelapolitica.com\/v1\/alcalde-de-santiago-resalta-importancia-de-abinader-e-hipolito-en-logros-del-gobierno-del-prm\/","title":{"rendered":"Alcalde de Santiago resalta importancia de Abinader e Hip\u00f3lito en logros del gobierno del PRM"},"content":{"rendered":"\n<p>El alcalde de Santiago,&nbsp;<strong>Ulises Rodr\u00edguez<\/strong>, recibi\u00f3 este jueves en su despacho al expresidente&nbsp;<strong>Hip\u00f3lito Mej\u00eda<\/strong>, de quien dijo que junto al presidente<strong>&nbsp;Luis Abinader<\/strong>&nbsp;\u00abhan sido los pilares que sustentan los \u00e9xitos logrados por el partido m\u00e1s joven del sistema pol\u00edtico dominicano\u00bb.<\/p>\n\n\n\n<p>\u201cEl gobierno del PRM representa la estabilidad y avances que vive hoy Rep\u00fablica Dominicana, y un futuro a\u00fan m\u00e1s auspicioso para todos los dominicanos, y en este proceso han sido clave los liderazgos del&nbsp;<strong>presidente Abinader<\/strong>&nbsp;y de nuestro compa\u00f1ero y amigo el expresidente Mej\u00eda\u201d, dijo Rodr\u00edguez mientras se abrazaba al expresidente.<\/p>\n\n\n<div class=\"wp-block-image\">\n<figure class=\"aligncenter is-resized\"><img decoding=\"async\" src=\"https:\/\/i0.wp.com\/rnn.com.do\/wp-content\/uploads\/2025\/09\/image-209.png?resize=696%2C464&amp;ssl=1\" alt=\"\" class=\"wp-image-452783\" style=\"width:840px;height:auto\"\/><\/figure>\n<\/div>\n\n\n<p>Mej\u00eda lleg\u00f3 a la alcald\u00eda alrededor de las 2:30 de la tarde y de inmediato sostuvo una reuni\u00f3n privada con el alcalde y luego salieron del despacho y conversaron con los periodistas.<\/p>\n\n\n\n<p>\u201cMe da gran satisfacci\u00f3n recibir la visita de un santiaguero tan distinguido como es mi amigo y compa\u00f1ero el expresidente Mej\u00eda, quien junto al presidente Luis Abinader han cuidado la democracia interna y la unidad de nuestro partido, que han sido pilares de los \u00e9xitos obtenidos en las primarias y las elecciones de 2020 y 2024\u201d, expres\u00f3 Rodr\u00edguez.<\/p>\n\n\n\n<p><strong>Habla Hip\u00f3lito<\/strong><\/p>\n\n\n\n<p>A su salida de la reuni\u00f3n con Rodr\u00edguez, el expresidente Mej\u00eda inform\u00f3 que hac\u00eda tiempo le deb\u00eda una visita al alcalde, del que dijo est\u00e1 realizando una excelente labor y tiene n\u00fameros muy favorables de apoyo del pueblo de Santiago.<\/p>\n\n\n\n<p>Preguntado sobre las gestiones de los precandidatos del PRM dijo que a\u00fan faltan 3 a\u00f1os para las elecciones y que es muy temprano para hablar sobre el tema.<\/p>\n\n\n<div class=\"wp-block-image\">\n<figure class=\"aligncenter is-resized\"><img decoding=\"async\" src=\"https:\/\/i0.wp.com\/rnn.com.do\/wp-content\/uploads\/2025\/09\/image-210.png?resize=696%2C464&amp;ssl=1\" alt=\"\" class=\"wp-image-452784\" style=\"width:840px;height:auto\"\/><\/figure>\n<\/div>\n\n\n<p>Consider\u00f3 que por ahora lo que todo deben hacer es fortalecer al partido y respaldar la gesti\u00f3n del presidente Abinader.<\/p>\n\n\n\n<p><\/p>\n","protected":false},"excerpt":{"rendered":"<p>El alcalde de Santiago,&nbsp;Ulises Rodr\u00edguez, recibi\u00f3 este jueves en su despacho al expresidente&nbsp;Hip\u00f3lito Mej\u00eda, de quien dijo que junto al presidente&nbsp;Luis Abinader&nbsp;\u00abhan sido los pilares que sustentan los \u00e9xitos logrados&hellip; <\/p>\n","protected":false},"author":1,"featured_media":6716,"comment_status":"closed","ping_status":"closed","sticky":false,"template":"","format":"standard","meta":{"fifu_image_url":"https:\/\/i0.wp.com\/rnn.com.do\/wp-content\/uploads\/2025\/09\/image-208.png?resize=696%2C552&ssl=1","fifu_image_alt":"","footnotes":""},"categories":[17],"tags":[],"class_list":["post-6697","post","type-post","status-publish","format-standard","has-post-thumbnail","hentry","category-politica"],"_links":{"self":[{"href":"https:\/\/elmundodelapolitica.com\/v1\/wp-json\/wp\/v2\/posts\/6697","targetHints":{"allow":["GET"]}}],"collection":[{"href":"https:\/\/elmundodelapolitica.com\/v1\/wp-json\/wp\/v2\/posts"}],"about":[{"href":"https:\/\/elmundodelapolitica.com\/v1\/wp-json\/wp\/v2\/types\/post"}],"author":[{"embeddable":true,"href":"https:\/\/elmundodelapolitica.com\/v1\/wp-json\/wp\/v2\/users\/1"}],"replies":[{"embeddable":true,"href":"https:\/\/elmundodelapolitica.com\/v1\/wp-json\/wp\/v2\/comments?post=6697"}],"version-history":[{"count":1,"href":"https:\/\/elmundodelapolitica.com\/v1\/wp-json\/wp\/v2\/posts\/6697\/revisions"}],"predecessor-version":[{"id":6715,"href":"https:\/\/elmundodelapolitica.com\/v1\/wp-json\/wp\/v2\/posts\/6697\/revisions\/6715"}],"wp:featuredmedia":[{"embeddable":true,"href":"https:\/\/elmundodelapolitica.com\/v1\/wp-json\/wp\/v2\/media\/6716"}],"wp:attachment":[{"href":"https:\/\/elmundodelapolitica.com\/v1\/wp-json\/wp\/v2\/media?parent=6697"}],"wp:term":[{"taxonomy":"category","embeddable":true,"href":"https:\/\/elmundodelapolitica.com\/v1\/wp-json\/wp\/v2\/categories?post=6697"},{"taxonomy":"post_tag","embeddable":true,"href":"https:\/\/elmundodelapolitica.com\/v1\/wp-json\/wp\/v2\/tags?post=6697"}],"curies":[{"name":"wp","href":"https:\/\/api.w.org\/{rel}","templated":true}]}}