{"id":6692,"date":"2025-09-26T10:18:23","date_gmt":"2025-09-26T14:18:23","guid":{"rendered":"https:\/\/elmundodelapolitica.com\/v1\/?p=6692"},"modified":"2025-09-26T10:18:26","modified_gmt":"2025-09-26T14:18:26","slug":"meta-rd-2036-y-pnud-impulsan-dialogo-de-alto-nivel-sobre-desarrollo-sostenible-en-las-prioridades-nacionales","status":"publish","type":"post","link":"https:\/\/elmundodelapolitica.com\/v1\/meta-rd-2036-y-pnud-impulsan-dialogo-de-alto-nivel-sobre-desarrollo-sostenible-en-las-prioridades-nacionales\/","title":{"rendered":"Meta RD 2036 y PNUD impulsan di\u00e1logo de alto nivel sobre desarrollo sostenible en las prioridades nacionales"},"content":{"rendered":"\n<p>Santo Domingo.\u2013&nbsp;<strong>La Comisi\u00f3n Meta RD 2036<\/strong>&nbsp;y el Programa de las Naciones Unidas para el Desarrollo&nbsp;<strong>(PNUD)<\/strong>&nbsp;llevaron a cabo un&nbsp;<strong>di\u00e1logo de alto nivel,<\/strong>&nbsp;orientado a integrar la visi\u00f3n de&nbsp;<strong>desarrollo humano sostenible<\/strong>&nbsp;en los&nbsp;<strong>planes estrat\u00e9gicos y prioridades nacionales de desarrollo<\/strong>.<\/p>\n\n\n\n<p>El encuentro reuni\u00f3 a&nbsp;<strong>l\u00edderes empresariales,<\/strong>&nbsp;representantes del&nbsp;<strong>sector p\u00fablico<\/strong>, coordinadores de los&nbsp;<strong>comit\u00e9s sectoriales<\/strong>&nbsp;de la Meta RD 2036 y asociaciones de la&nbsp;<strong>sociedad civil<\/strong>, quienes compartieron propuestas y experiencias para avanzar hacia un&nbsp;<strong>futuro m\u00e1s competitivo, inclusivo y sostenible<\/strong>&nbsp;en la Rep\u00fablica Dominicana.<\/p>\n\n\n\n<p><em>En sus palabras de apertura,&nbsp;<strong>Laura del Castillo<\/strong>, directora t\u00e9cnica del Consejo Nacional de Competitividad&nbsp;<strong>(CNC)<\/strong>, subray\u00f3 que&nbsp;\u201cLa Meta RD 2036 es un compromiso pa\u00eds que debe ir de la mano con la agenda clim\u00e1tica y los compromisos internacionales.<\/em><\/p>\n\n\n\n<p><em>Este di\u00e1logo fortalece la visi\u00f3n de futuro que queremos construir juntos\u201d.<\/em><\/p>\n\n\n\n<figure class=\"wp-block-image\"><img decoding=\"async\" src=\"https:\/\/presidencia.gob.do\/sites\/default\/files\/inline-images\/IMG_1616.jpeg\" alt=\"\"\/><\/figure>\n\n\n\n<p>Mientras que&nbsp;<strong>Ana Mar\u00eda D\u00edaz<\/strong>, representante residente del PNUD en el pa\u00eds, reiter\u00f3 el compromiso del organismo internacional de poner&nbsp;<strong>a disposici\u00f3n del pa\u00eds su<\/strong>&nbsp;red de&nbsp;<strong>conocimiento y alianzas en 170 pa\u00edses y territorios<\/strong>.<em>&nbsp;\u201cEste di\u00e1logo busca aportar a la discusi\u00f3n de la Meta 2036 como iniciativa de desarrollo nacional, integrando enfoques que permitan identificar los caminos \u00f3ptimos para lograr sus resultados. Uno de esos enfoques clave es el desarrollo humano sostenible\u201d,<\/em>&nbsp;afirm\u00f3.<\/p>\n\n\n\n<p>El encuentro se desarroll\u00f3 en el marco de la colaboraci\u00f3n entre PNUD y CNC y cont\u00f3 con la participaci\u00f3n de&nbsp;<strong>Javier Bronfman<\/strong>, asesor regional de Desarrollo Sostenible del PNUD para Am\u00e9rica Latina y el Caribe, quien, en el marco de su misi\u00f3n internacional al pa\u00eds, present\u00f3 un an\u00e1lisis t\u00e9cnico sobre los&nbsp;<strong>principales desaf\u00edos y oportunidades&nbsp;<\/strong>para alinear la<strong>&nbsp;Meta RD 2036<\/strong>&nbsp;con los&nbsp;<strong>compromisos internacionales<\/strong>&nbsp;en materia de&nbsp;<strong>sostenibilidad<\/strong>.<\/p>\n\n\n\n<p>Destac\u00f3 que esta visi\u00f3n es esencial para garantizar un&nbsp;crecimiento basado en el&nbsp;<strong>bienestar y la resiliencia.<\/strong><\/p>\n\n\n\n<p>&nbsp;El encuentro concluy\u00f3 con el compromiso de seguir fortaleciendo&nbsp;<strong>sinergias<\/strong>&nbsp;que permitan consolidar una&nbsp;<strong>visi\u00f3n compartida<\/strong>&nbsp;hacia una&nbsp;<strong>Rep\u00fablica Dominicana m\u00e1s pr\u00f3spera, competitiva y sostenible<\/strong>&nbsp;en el marco de la Meta RD 2036.<\/p>\n","protected":false},"excerpt":{"rendered":"<p>Santo Domingo.\u2013&nbsp;La Comisi\u00f3n Meta RD 2036&nbsp;y el Programa de las Naciones Unidas para el Desarrollo&nbsp;(PNUD)&nbsp;llevaron a cabo un&nbsp;di\u00e1logo de alto nivel,&nbsp;orientado a integrar la visi\u00f3n de&nbsp;desarrollo humano sostenible&nbsp;en los&nbsp;planes estrat\u00e9gicos&hellip; <\/p>\n","protected":false},"author":2,"featured_media":6694,"comment_status":"closed","ping_status":"closed","sticky":false,"template":"","format":"standard","meta":{"fifu_image_url":"https:\/\/presidencia.gob.do\/sites\/default\/files\/styles\/large\/public\/news\/2025-09\/IMG_1617.jpeg?itok=gN6X2Phi","fifu_image_alt":"","footnotes":""},"categories":[63],"tags":[],"class_list":["post-6692","post","type-post","status-publish","format-standard","has-post-thumbnail","hentry","category-actualidad"],"_links":{"self":[{"href":"https:\/\/elmundodelapolitica.com\/v1\/wp-json\/wp\/v2\/posts\/6692","targetHints":{"allow":["GET"]}}],"collection":[{"href":"https:\/\/elmundodelapolitica.com\/v1\/wp-json\/wp\/v2\/posts"}],"about":[{"href":"https:\/\/elmundodelapolitica.com\/v1\/wp-json\/wp\/v2\/types\/post"}],"author":[{"embeddable":true,"href":"https:\/\/elmundodelapolitica.com\/v1\/wp-json\/wp\/v2\/users\/2"}],"replies":[{"embeddable":true,"href":"https:\/\/elmundodelapolitica.com\/v1\/wp-json\/wp\/v2\/comments?post=6692"}],"version-history":[{"count":1,"href":"https:\/\/elmundodelapolitica.com\/v1\/wp-json\/wp\/v2\/posts\/6692\/revisions"}],"predecessor-version":[{"id":6693,"href":"https:\/\/elmundodelapolitica.com\/v1\/wp-json\/wp\/v2\/posts\/6692\/revisions\/6693"}],"wp:featuredmedia":[{"embeddable":true,"href":"https:\/\/elmundodelapolitica.com\/v1\/wp-json\/wp\/v2\/media\/6694"}],"wp:attachment":[{"href":"https:\/\/elmundodelapolitica.com\/v1\/wp-json\/wp\/v2\/media?parent=6692"}],"wp:term":[{"taxonomy":"category","embeddable":true,"href":"https:\/\/elmundodelapolitica.com\/v1\/wp-json\/wp\/v2\/categories?post=6692"},{"taxonomy":"post_tag","embeddable":true,"href":"https:\/\/elmundodelapolitica.com\/v1\/wp-json\/wp\/v2\/tags?post=6692"}],"curies":[{"name":"wp","href":"https:\/\/api.w.org\/{rel}","templated":true}]}}