{"id":6686,"date":"2025-09-22T11:35:50","date_gmt":"2025-09-22T15:35:50","guid":{"rendered":"https:\/\/elmundodelapolitica.com\/v1\/?p=6686"},"modified":"2025-09-22T11:35:52","modified_gmt":"2025-09-22T15:35:52","slug":"leonel-fernandez-juramento-en-fuerza-del-pueblo-a-roberto-duran-y-a-un-grupo-de-ingenieros-y-profesionales-de-otras-areas-en-santiago","status":"publish","type":"post","link":"https:\/\/elmundodelapolitica.com\/v1\/leonel-fernandez-juramento-en-fuerza-del-pueblo-a-roberto-duran-y-a-un-grupo-de-ingenieros-y-profesionales-de-otras-areas-en-santiago\/","title":{"rendered":"Leonel Fern\u00e1ndez jurament\u00f3 en Fuerza del Pueblo a Roberto Dur\u00e1n y a un grupo de ingenieros y profesionales de otras \u00e1reas en Santiago"},"content":{"rendered":"\n<p>Rep\u00fablica Dominicana.-El presidente de Fuerza del Pueblo (FP), Leonel Fern\u00e1ndez, jurament\u00f3 al ingeniero civil Roberto Dur\u00e1n junto a un equipo de destacados profesionales y dirigentes gremiales de Santiago, provenientes del Partido de la Liberaci\u00f3n Dominicana (PLD).<\/p>\n\n\n\n<p>Dur\u00e1n, es un destacado ingeniero gremialista, expresidente en varias ocasiones de la Regional Norte del Colegio Dominicano de Ingenieros, Arquitectos y Agrimensores (CODIA), se incorpor\u00f3 a la FP acompa\u00f1ado de reconocidos colegas de diferentes ramas de la ingenier\u00eda, la agrimensura y la arquitectura.<\/p>\n\n\n\n<p>En el acto realizado en la Casa del Pueblo Johnny Ventura en Santo Domingo, fueron juramentados, adem\u00e1s de Dur\u00e1n:<\/p>\n\n\n\n<p>&nbsp;&nbsp;&nbsp;&nbsp;&nbsp;&nbsp;&nbsp;&nbsp;&nbsp; \u2022&nbsp;&nbsp;&nbsp;&nbsp;&nbsp;&nbsp;&nbsp; Ancel Alderico Fern\u00e1ndez Rodr\u00edguez (Ing. Geom\u00e1tico y Agrimensor), expresidente Regional Norte del CODIA.<\/p>\n\n\n\n<p>&nbsp;&nbsp;&nbsp;&nbsp;&nbsp;&nbsp;&nbsp;&nbsp;&nbsp; \u2022&nbsp;&nbsp;&nbsp;&nbsp;&nbsp;&nbsp;&nbsp; Raysa Dur\u00e1n Jim\u00e9nez (Ing. Civil), expresidenta del Consejo de Direcci\u00f3n de N\u00facleos (CDN) del CODIA, y de la Regional Norte.<\/p>\n\n\n\n<p>&nbsp;&nbsp;&nbsp;&nbsp;&nbsp;&nbsp;&nbsp;&nbsp;&nbsp; \u2022&nbsp;&nbsp;&nbsp;&nbsp;&nbsp;&nbsp;&nbsp; Jos\u00e9 Gregorio Batista Sosa (Agrimensor), expresidente Regional Norte del CODIA.<\/p>\n\n\n\n<p>&nbsp;&nbsp;&nbsp;&nbsp;&nbsp;&nbsp;&nbsp;&nbsp;&nbsp; \u2022&nbsp;&nbsp;&nbsp;&nbsp;&nbsp;&nbsp;&nbsp; Vicente Bueno Jim\u00e9nez (Ing. Agr\u00f3nomo), expresidente Regional Norte del CODIA.<\/p>\n\n\n\n<p>&nbsp;&nbsp;&nbsp;&nbsp;&nbsp;&nbsp;&nbsp;&nbsp;&nbsp; \u2022&nbsp;&nbsp;&nbsp;&nbsp;&nbsp;&nbsp;&nbsp; Jos\u00e9 V\u00e1squez Dur\u00e1n (Ing. Civil), exjuez del Tribunal Disciplinario del CODIA Nacional y directivo del ISES-CODIA.<\/p>\n\n\n\n<p>&nbsp;&nbsp;&nbsp;&nbsp;&nbsp;&nbsp;&nbsp;&nbsp;&nbsp; \u2022&nbsp;&nbsp;&nbsp;&nbsp;&nbsp;&nbsp;&nbsp; Patricia Dur\u00e1n Jim\u00e9nez (Arquitecta y Agrimensora).<\/p>\n\n\n\n<p>&nbsp;&nbsp;&nbsp;&nbsp;&nbsp;&nbsp;&nbsp;&nbsp;&nbsp; \u2022&nbsp;&nbsp;&nbsp;&nbsp;&nbsp;&nbsp;&nbsp; Francisco Fa\u00f1a (Ing. Mec\u00e1nico).<\/p>\n\n\n\n<p>&nbsp;&nbsp;&nbsp;&nbsp;&nbsp;&nbsp;&nbsp;&nbsp;&nbsp; \u2022&nbsp;&nbsp;&nbsp;&nbsp;&nbsp;&nbsp;&nbsp; V\u00edctor Familia (Ing. Qu\u00edmico).<\/p>\n\n\n\n<p>&nbsp;&nbsp;&nbsp;&nbsp;&nbsp;&nbsp;&nbsp;&nbsp;&nbsp; \u2022&nbsp;&nbsp;&nbsp;&nbsp;&nbsp;&nbsp;&nbsp; H\u00e9ctor Rafael Dur\u00e1n Jim\u00e9nez.<\/p>\n\n\n\n<p>&nbsp;&nbsp;&nbsp;&nbsp;&nbsp;&nbsp;&nbsp;&nbsp;&nbsp; \u2022&nbsp;&nbsp;&nbsp;&nbsp;&nbsp;&nbsp;&nbsp; Roberto Antonio Dur\u00e1n Jim\u00e9nez.<\/p>\n\n\n\n<p>&nbsp;&nbsp;&nbsp;&nbsp;&nbsp;&nbsp;&nbsp;&nbsp;&nbsp; \u2022&nbsp;&nbsp;&nbsp;&nbsp;&nbsp;&nbsp;&nbsp; Elexida Jerez.<\/p>\n\n\n\n<p>Al tomarles juramento, Leonel Fern\u00e1ndez inst\u00f3 a los nuevos miembros a integrarse de inmediato a los trabajos partidarios, con el prop\u00f3sito de consolidar la estructura de la Fuerza del Pueblo y \u201csacar al PRM del poder en el a\u00f1o 2028\u201d.<\/p>\n\n\n\n<figure class=\"wp-block-image\"><img decoding=\"async\" src=\"https:\/\/proceso.com.do\/wp-content\/uploads\/2025\/09\/WhatsApp-Image-2025-09-18-at-12.25.25-PM-650x400.jpeg\" alt=\"\" class=\"wp-image-433206\"\/><\/figure>\n\n\n\n<p>Durante la juramentaci\u00f3n, Roberto Dur\u00e1n expres\u00f3 que su decisi\u00f3n de integrarse a la Fuerza del Pueblo responde a la necesidad de \u201caportar a la construcci\u00f3n de una alternativa pol\u00edtica que represente los intereses de los profesionales, de los gremios y de toda la sociedad dominicana\u201d. Asimismo, asegur\u00f3 que trabajar\u00e1 junto a su equipo para \u201cfortalecer el papel de los ingenieros y t\u00e9cnicos en la transformaci\u00f3n que demanda el pa\u00eds\u201d.<\/p>\n\n\n\n<p>En el acto, Leonel Fern\u00e1ndez estuvo acompa\u00f1ado de Radham\u00e9s Jim\u00e9nez, vicepresidente de la FP; Freddy P\u00e9rez, secretario de Asuntos Gremiales y Profesionales; V\u00edctor Torres, coordinador de la Fuerza Codiana, adem\u00e1s de otros dirigentes nacionales de la organizaci\u00f3n opositora.<\/p>\n\n\n\n<p>Con la incorporaci\u00f3n de estos dirigentes, la Fuerza del Pueblo consolida su estructura gremial y profesional en la provincia de Santiago y en toda la regi\u00f3n norte, reforzando su estrategia de crecimiento en el liderazgo t\u00e9cnico y acad\u00e9mico del pa\u00eds.<\/p>\n","protected":false},"excerpt":{"rendered":"<p>Rep\u00fablica Dominicana.-El presidente de Fuerza del Pueblo (FP), Leonel Fern\u00e1ndez, jurament\u00f3 al ingeniero civil Roberto Dur\u00e1n junto a un equipo de destacados profesionales y dirigentes gremiales de Santiago, provenientes del&hellip; <\/p>\n","protected":false},"author":2,"featured_media":6688,"comment_status":"closed","ping_status":"closed","sticky":false,"template":"","format":"standard","meta":{"fifu_image_url":"https:\/\/proceso.com.do\/wp-content\/uploads\/2025\/09\/WhatsApp-Image-2025-09-18-at-12.25.26-PM-650x400.webp","fifu_image_alt":"","footnotes":""},"categories":[17],"tags":[],"class_list":["post-6686","post","type-post","status-publish","format-standard","has-post-thumbnail","hentry","category-politica"],"_links":{"self":[{"href":"https:\/\/elmundodelapolitica.com\/v1\/wp-json\/wp\/v2\/posts\/6686","targetHints":{"allow":["GET"]}}],"collection":[{"href":"https:\/\/elmundodelapolitica.com\/v1\/wp-json\/wp\/v2\/posts"}],"about":[{"href":"https:\/\/elmundodelapolitica.com\/v1\/wp-json\/wp\/v2\/types\/post"}],"author":[{"embeddable":true,"href":"https:\/\/elmundodelapolitica.com\/v1\/wp-json\/wp\/v2\/users\/2"}],"replies":[{"embeddable":true,"href":"https:\/\/elmundodelapolitica.com\/v1\/wp-json\/wp\/v2\/comments?post=6686"}],"version-history":[{"count":1,"href":"https:\/\/elmundodelapolitica.com\/v1\/wp-json\/wp\/v2\/posts\/6686\/revisions"}],"predecessor-version":[{"id":6687,"href":"https:\/\/elmundodelapolitica.com\/v1\/wp-json\/wp\/v2\/posts\/6686\/revisions\/6687"}],"wp:featuredmedia":[{"embeddable":true,"href":"https:\/\/elmundodelapolitica.com\/v1\/wp-json\/wp\/v2\/media\/6688"}],"wp:attachment":[{"href":"https:\/\/elmundodelapolitica.com\/v1\/wp-json\/wp\/v2\/media?parent=6686"}],"wp:term":[{"taxonomy":"category","embeddable":true,"href":"https:\/\/elmundodelapolitica.com\/v1\/wp-json\/wp\/v2\/categories?post=6686"},{"taxonomy":"post_tag","embeddable":true,"href":"https:\/\/elmundodelapolitica.com\/v1\/wp-json\/wp\/v2\/tags?post=6686"}],"curies":[{"name":"wp","href":"https:\/\/api.w.org\/{rel}","templated":true}]}}