{"id":6670,"date":"2025-09-22T11:32:55","date_gmt":"2025-09-22T15:32:55","guid":{"rendered":"https:\/\/elmundodelapolitica.com\/v1\/?p=6670"},"modified":"2025-09-22T11:32:57","modified_gmt":"2025-09-22T15:32:57","slug":"abel-martinez-el-hoyo-corrupto-en-senasa-solo-es-equiparable-al-hoyo-ineficiente-del-sector-electrico","status":"publish","type":"post","link":"https:\/\/elmundodelapolitica.com\/v1\/abel-martinez-el-hoyo-corrupto-en-senasa-solo-es-equiparable-al-hoyo-ineficiente-del-sector-electrico\/","title":{"rendered":"Abel Mart\u00ednez: \u201cEl hoyo corrupto en SENASA solo es equiparable al hoyo ineficiente del sector el\u00e9ctrico\u201d"},"content":{"rendered":"\n<p>Las Terrenas, Saman\u00e1. \u2013 El excandidato presidencial y miembro del Comit\u00e9 Pol\u00edtico del Partido de la Liberaci\u00f3n Dominicana (PLD) Abel Mart\u00ednez, calific\u00f3 como un verdadero abismo de corrupci\u00f3n el esc\u00e1ndalo en SENASA, se\u00f1alando que ese \u201choyo criminal contra el erario\u201d solo puede compararse con el \u201choyo ineficiente y sin fondo\u201d del sector el\u00e9ctrico dominicano.<\/p>\n\n\n\n<p>Mart\u00ednez demand\u00f3 que la sociedad exija una investigaci\u00f3n profunda, seria y sin privilegios sobre este atentado contra los recursos p\u00fablicos, y que todas sus ramificaciones lleguen hasta las \u00faltimas consecuencias.<\/p>\n\n\n\n<p>\u201cEl pueblo dominicano no merece ser burlado con pa\u00f1os tibios. Lo de SENASA es un crimen contra la salud del pueblo y quienes resulten responsables deben ser sometidos con todo el peso de la ley\u201d, subray\u00f3.<\/p>\n\n\n\n<p>El dirigente pol\u00edtico se reuni\u00f3 con dirigentes, miembros y seguidores del PLD en Las Terrenas, as\u00ed como l\u00edderes comunitarios, emprendedores y empresarios del municipio, a quienes exhort\u00f3 a trabajar unidos en la construcci\u00f3n de una propuesta de gobierno seria, moderna y comprometida con la dignidad del pueblo dominicano de cara al 2028.\u201cLos \u00faltimos cinco a\u00f1os han sido una muestra de impotencia nacional.<\/p>\n\n\n\n<p>El pueblo ha tenido que vivir fuera de los par\u00e1metros m\u00ednimos de dignidad que todo ser humano merece. Por eso, desde el PLD debemos levantarnos con una nueva propuesta que devuelva la confianza y la esperanza al pa\u00eds\u201d, expres\u00f3.<\/p>\n\n\n\n<p>Mart\u00ednez hizo un llamado a que las estructuras del partido se fortalezcan con la integraci\u00f3n de sectores productivos, profesionales y comunitarios, destacando que la juventud debe jugar un papel estelar en este renacer pol\u00edtico.<\/p>\n\n\n\n<p>En su reflexi\u00f3n como miembro del Comit\u00e9 Pol\u00edtico, se\u00f1al\u00f3 que las altas instancias del PLD est\u00e1n en la obligaci\u00f3n de interpretar la voz de las bases y, sobre todo, la voz del pueblo dominicano, asegurando que el candidato o candidata presidencial que surja sea capaz de garantizar una competencia electoral favorable para el partido.Durante su intervenci\u00f3n,<\/p>\n\n\n\n<p>Abel Mart\u00ednez resalt\u00f3 adem\u00e1s las grandes potencialidades tur\u00edsticas de Las Terrenas, a la que calific\u00f3 como \u201cuna joya de nuestra tierra\u201d y uno de los polos con mayor proyecci\u00f3n para el desarrollo de la Rep\u00fablica Dominicana.<\/p>\n\n\n\n<p>El encuentro cont\u00f3 con la participaci\u00f3n del presidente del PLD en Las Terrenas, miembros del Comit\u00e9 Central, dirigentes medios, l\u00edderes comunitarios y representantes del sector empresarial y emprendedor del municipio.<\/p>\n","protected":false},"excerpt":{"rendered":"<p>Las Terrenas, Saman\u00e1. \u2013 El excandidato presidencial y miembro del Comit\u00e9 Pol\u00edtico del Partido de la Liberaci\u00f3n Dominicana (PLD) Abel Mart\u00ednez, calific\u00f3 como un verdadero abismo de corrupci\u00f3n el esc\u00e1ndalo&hellip; <\/p>\n","protected":false},"author":1,"featured_media":6681,"comment_status":"closed","ping_status":"closed","sticky":false,"template":"","format":"standard","meta":{"fifu_image_url":"https:\/\/proceso.com.do\/wp-content\/uploads\/2025\/09\/IMG-20250920-WA0000-650x400.webp","fifu_image_alt":"","footnotes":""},"categories":[12],"tags":[],"class_list":["post-6670","post","type-post","status-publish","format-standard","has-post-thumbnail","hentry","category-agenda-politica"],"_links":{"self":[{"href":"https:\/\/elmundodelapolitica.com\/v1\/wp-json\/wp\/v2\/posts\/6670","targetHints":{"allow":["GET"]}}],"collection":[{"href":"https:\/\/elmundodelapolitica.com\/v1\/wp-json\/wp\/v2\/posts"}],"about":[{"href":"https:\/\/elmundodelapolitica.com\/v1\/wp-json\/wp\/v2\/types\/post"}],"author":[{"embeddable":true,"href":"https:\/\/elmundodelapolitica.com\/v1\/wp-json\/wp\/v2\/users\/1"}],"replies":[{"embeddable":true,"href":"https:\/\/elmundodelapolitica.com\/v1\/wp-json\/wp\/v2\/comments?post=6670"}],"version-history":[{"count":1,"href":"https:\/\/elmundodelapolitica.com\/v1\/wp-json\/wp\/v2\/posts\/6670\/revisions"}],"predecessor-version":[{"id":6680,"href":"https:\/\/elmundodelapolitica.com\/v1\/wp-json\/wp\/v2\/posts\/6670\/revisions\/6680"}],"wp:featuredmedia":[{"embeddable":true,"href":"https:\/\/elmundodelapolitica.com\/v1\/wp-json\/wp\/v2\/media\/6681"}],"wp:attachment":[{"href":"https:\/\/elmundodelapolitica.com\/v1\/wp-json\/wp\/v2\/media?parent=6670"}],"wp:term":[{"taxonomy":"category","embeddable":true,"href":"https:\/\/elmundodelapolitica.com\/v1\/wp-json\/wp\/v2\/categories?post=6670"},{"taxonomy":"post_tag","embeddable":true,"href":"https:\/\/elmundodelapolitica.com\/v1\/wp-json\/wp\/v2\/tags?post=6670"}],"curies":[{"name":"wp","href":"https:\/\/api.w.org\/{rel}","templated":true}]}}