{"id":6666,"date":"2025-09-22T11:34:50","date_gmt":"2025-09-22T15:34:50","guid":{"rendered":"https:\/\/elmundodelapolitica.com\/v1\/?p=6666"},"modified":"2025-09-22T11:34:52","modified_gmt":"2025-09-22T15:34:52","slug":"el-silencio-tambien-es-complice-cesar-fernandez-denuncia-fallas-ocultas-en-la-linea-2c-del-metro","status":"publish","type":"post","link":"https:\/\/elmundodelapolitica.com\/v1\/el-silencio-tambien-es-complice-cesar-fernandez-denuncia-fallas-ocultas-en-la-linea-2c-del-metro\/","title":{"rendered":"C\u00e9sar Fern\u00e1ndez denuncia fallas ocultas en la L\u00ednea 2C del Metro"},"content":{"rendered":"\n<p><strong>Santo Domingo.<\/strong>&nbsp;\u2013 C\u00e9sar Fern\u00e1ndez, miembro de la Direcci\u00f3n Pol\u00edtica de la Fuerza del Pueblo, lanz\u00f3 fuertes cr\u00edticas al Gobierno tras las recientes denuncias sobre nuevas fallas en la L\u00ednea 2C del Metro de Santo Domingo, advirtiendo que el ocultamiento de problemas estructurales constituye una amenaza directa para la seguridad ciudadana.<\/p>\n\n\n\n<p>\u201c\u00bfCu\u00e1ntas fallas m\u00e1s van a esconder? La L\u00ednea 2C ha sido presentada como un s\u00edmbolo de progreso, pero cada d\u00eda se parece m\u00e1s a un monumento a la improvisaci\u00f3n\u201d, expres\u00f3 Fern\u00e1ndez, recordando que desde el inicio de la obra se han se\u00f1alado filtraciones, acabados defectuosos, falta de accesibilidad y deficiencias t\u00e9cnicas.<\/p>\n\n\n\n<p><strong>Exige transparencia y rendici\u00f3n de cuentas<\/strong><\/p>\n\n\n\n<p>Fern\u00e1ndez cuestion\u00f3 la ausencia de informaci\u00f3n clara sobre la magnitud de las fallas detectadas y denunci\u00f3 la falta de transparencia oficial:<\/p>\n\n\n\n<p>\u201c\u00bfD\u00f3nde est\u00e1n los informes t\u00e9cnicos? \u00bfD\u00f3nde est\u00e1 la rendici\u00f3n de cuentas? Ocultar una falla estructural en una l\u00ednea de transporte masivo no es solo negligencia: es poner en riesgo a miles de personas cada d\u00eda.\u201d<\/p>\n\n\n\n<p>El dirigente pol\u00edtico afirm\u00f3 que la pr\u00e1ctica del Gobierno de inaugurar obras sin concluir y de encubrir precariedades con \u201cpintura fresca y discursos vac\u00edos\u201d demuestra la improvisaci\u00f3n que caracteriza a la actual gesti\u00f3n.<\/p>\n\n\n\n<p><strong>Seguridad ciudadana en juego<\/strong><\/p>\n\n\n\n<p>Seg\u00fan Fern\u00e1ndez, ocultar defectos en una obra de transporte masivo \u201ces jugar con la vida de la gente para proteger intereses pol\u00edticos\u201d.<\/p>\n\n\n\n<p>\u201cLa infraestructura no se sostiene con propaganda, sino con planificaci\u00f3n, supervisi\u00f3n y respeto por la vida de los ciudadanos. La L\u00ednea 2C no puede seguir siendo una caja negra\u201d, sentenci\u00f3.<\/p>\n","protected":false},"excerpt":{"rendered":"<p>Santo Domingo.&nbsp;\u2013 C\u00e9sar Fern\u00e1ndez, miembro de la Direcci\u00f3n Pol\u00edtica de la Fuerza del Pueblo, lanz\u00f3 fuertes cr\u00edticas al Gobierno tras las recientes denuncias sobre nuevas fallas en la L\u00ednea 2C&hellip; <\/p>\n","protected":false},"author":1,"featured_media":6685,"comment_status":"closed","ping_status":"closed","sticky":false,"template":"","format":"standard","meta":{"fifu_image_url":"https:\/\/proceso.com.do\/wp-content\/uploads\/2024\/05\/CESARFERNANDEZENDIU-650x400.webp","fifu_image_alt":"","footnotes":""},"categories":[63],"tags":[],"class_list":["post-6666","post","type-post","status-publish","format-standard","has-post-thumbnail","hentry","category-actualidad"],"_links":{"self":[{"href":"https:\/\/elmundodelapolitica.com\/v1\/wp-json\/wp\/v2\/posts\/6666","targetHints":{"allow":["GET"]}}],"collection":[{"href":"https:\/\/elmundodelapolitica.com\/v1\/wp-json\/wp\/v2\/posts"}],"about":[{"href":"https:\/\/elmundodelapolitica.com\/v1\/wp-json\/wp\/v2\/types\/post"}],"author":[{"embeddable":true,"href":"https:\/\/elmundodelapolitica.com\/v1\/wp-json\/wp\/v2\/users\/1"}],"replies":[{"embeddable":true,"href":"https:\/\/elmundodelapolitica.com\/v1\/wp-json\/wp\/v2\/comments?post=6666"}],"version-history":[{"count":1,"href":"https:\/\/elmundodelapolitica.com\/v1\/wp-json\/wp\/v2\/posts\/6666\/revisions"}],"predecessor-version":[{"id":6684,"href":"https:\/\/elmundodelapolitica.com\/v1\/wp-json\/wp\/v2\/posts\/6666\/revisions\/6684"}],"wp:featuredmedia":[{"embeddable":true,"href":"https:\/\/elmundodelapolitica.com\/v1\/wp-json\/wp\/v2\/media\/6685"}],"wp:attachment":[{"href":"https:\/\/elmundodelapolitica.com\/v1\/wp-json\/wp\/v2\/media?parent=6666"}],"wp:term":[{"taxonomy":"category","embeddable":true,"href":"https:\/\/elmundodelapolitica.com\/v1\/wp-json\/wp\/v2\/categories?post=6666"},{"taxonomy":"post_tag","embeddable":true,"href":"https:\/\/elmundodelapolitica.com\/v1\/wp-json\/wp\/v2\/tags?post=6666"}],"curies":[{"name":"wp","href":"https:\/\/api.w.org\/{rel}","templated":true}]}}