{"id":6653,"date":"2025-09-22T11:18:49","date_gmt":"2025-09-22T15:18:49","guid":{"rendered":"https:\/\/elmundodelapolitica.com\/v1\/?p=6653"},"modified":"2025-09-22T11:20:22","modified_gmt":"2025-09-22T15:20:22","slug":"mario-diaz-atribuye-a-la-oposicion-plan-para-generar-caos-y-desacreditar-al-gobierno-con-sabotajes-y-especulacion","status":"publish","type":"post","link":"https:\/\/elmundodelapolitica.com\/v1\/mario-diaz-atribuye-a-la-oposicion-plan-para-generar-caos-y-desacreditar-al-gobierno-con-sabotajes-y-especulacion\/","title":{"rendered":"Mario D\u00edaz atribuye a la oposici\u00f3n plan para generar caos y desacreditar al Gobierno con sabotajes y especulaci\u00f3n"},"content":{"rendered":"\n<p><strong>Santo Domingo, R.D.&nbsp;<\/strong>\u2013 El abogado y dirigente sindical del transporte, Mario D\u00edaz, denunci\u00f3 este domingo que la actual situaci\u00f3n de inestabilidad en sectores estrat\u00e9gicos del pa\u00eds no es casual, sino parte de un plan pol\u00edtico articulado por la oposici\u00f3n con el objetivo de desacreditar al Gobierno que encabeza el presidente Luis Abinader originado caos con sabotajes y especulaci\u00f3n.<\/p>\n\n\n\n<p>D\u00edaz se\u00f1al\u00f3 que \u201ctodo el caos artificial en la cadena de distracci\u00f3n el\u00e9ctrica, en las terminales de algunos aeropuertos, en la cadena alimenticia, ademas la especulaci\u00f3n en los precios de ciertos productos de primera necesidad y hasta cierto grado el peque\u00f1o desequilibrio en la tasa del d\u00f3lar, forman parte de una estrategia dise\u00f1ada por sectores opositores que buscan restarle m\u00e9ritos al Partido Revolucionario Moderno (PRM) en su camino hacia la permanencia en el poder m\u00e1s all\u00e1 del 2028\u201d.<\/p>\n\n\n\n<p>El sindicalista advirti\u00f3 que mientras la oposici\u00f3n avanza con su campa\u00f1a de descr\u00e9dito, dentro del propio Gobierno se observa una falta de cohesi\u00f3n que debilita su capacidad de defensa a la actual gesti\u00f3n gubernamental, \u00abel Presidente Luis Abinader necesita m\u00e1s apoyo de sus colaboradores\u00bb, advirti\u00f3 D\u00edaz.<\/p>\n\n\n\n<p>\u201cLo lamentable es que el gobierno del presidente Luis Abinader a pesar de tener una amplia aseptacion del pueblo, tiene pocos defensores y lo que la ciudadan\u00eda percibe es una lucha de protagonismo entre algunos ministros y colaboradores con aspiraciones presidenciales adelantadas, lo cual distrae de la verdadera tarea de gobernar y de responder a los ataques de la oposici\u00f3n en contra del gobierno\u201d, indic\u00f3.<\/p>\n\n\n\n<p>Mario D\u00edaz hizo un llamado a los funcionarios del tren gubernamental a priorizar los intereses nacionales por encima de las ambiciones personales, a fin de fortalecer la estabilidad pol\u00edtica y social del pa\u00eds, defendiendo la gesti\u00f3n gubernamental del presidente Luis Abinader con m\u00e1s energ\u00eda.<\/p>\n","protected":false},"excerpt":{"rendered":"<p>Santo Domingo, R.D.&nbsp;\u2013 El abogado y dirigente sindical del transporte, Mario D\u00edaz, denunci\u00f3 este domingo que la actual situaci\u00f3n de inestabilidad en sectores estrat\u00e9gicos del pa\u00eds no es casual, sino&hellip; <\/p>\n","protected":false},"author":1,"featured_media":6656,"comment_status":"closed","ping_status":"closed","sticky":false,"template":"","format":"standard","meta":{"fifu_image_url":"https:\/\/i0.wp.com\/rnn.com.do\/wp-content\/uploads\/2025\/09\/WhatsApp-Image-2025-09-21-at-4.23.10-PM.jpeg?w=608&ssl=1","fifu_image_alt":"","footnotes":""},"categories":[63],"tags":[],"class_list":["post-6653","post","type-post","status-publish","format-standard","has-post-thumbnail","hentry","category-actualidad"],"_links":{"self":[{"href":"https:\/\/elmundodelapolitica.com\/v1\/wp-json\/wp\/v2\/posts\/6653","targetHints":{"allow":["GET"]}}],"collection":[{"href":"https:\/\/elmundodelapolitica.com\/v1\/wp-json\/wp\/v2\/posts"}],"about":[{"href":"https:\/\/elmundodelapolitica.com\/v1\/wp-json\/wp\/v2\/types\/post"}],"author":[{"embeddable":true,"href":"https:\/\/elmundodelapolitica.com\/v1\/wp-json\/wp\/v2\/users\/1"}],"replies":[{"embeddable":true,"href":"https:\/\/elmundodelapolitica.com\/v1\/wp-json\/wp\/v2\/comments?post=6653"}],"version-history":[{"count":1,"href":"https:\/\/elmundodelapolitica.com\/v1\/wp-json\/wp\/v2\/posts\/6653\/revisions"}],"predecessor-version":[{"id":6655,"href":"https:\/\/elmundodelapolitica.com\/v1\/wp-json\/wp\/v2\/posts\/6653\/revisions\/6655"}],"wp:featuredmedia":[{"embeddable":true,"href":"https:\/\/elmundodelapolitica.com\/v1\/wp-json\/wp\/v2\/media\/6656"}],"wp:attachment":[{"href":"https:\/\/elmundodelapolitica.com\/v1\/wp-json\/wp\/v2\/media?parent=6653"}],"wp:term":[{"taxonomy":"category","embeddable":true,"href":"https:\/\/elmundodelapolitica.com\/v1\/wp-json\/wp\/v2\/categories?post=6653"},{"taxonomy":"post_tag","embeddable":true,"href":"https:\/\/elmundodelapolitica.com\/v1\/wp-json\/wp\/v2\/tags?post=6653"}],"curies":[{"name":"wp","href":"https:\/\/api.w.org\/{rel}","templated":true}]}}