{"id":6652,"date":"2025-09-22T11:18:49","date_gmt":"2025-09-22T15:18:49","guid":{"rendered":"https:\/\/elmundodelapolitica.com\/v1\/?p=6652"},"modified":"2025-09-22T11:21:22","modified_gmt":"2025-09-22T15:21:22","slug":"prm-trazo-estrategia-para-elecciones-de-2028-primarias-seran-cerradas","status":"publish","type":"post","link":"https:\/\/elmundodelapolitica.com\/v1\/prm-trazo-estrategia-para-elecciones-de-2028-primarias-seran-cerradas\/","title":{"rendered":"PRM traz\u00f3 estrategia para elecciones de 2028; primarias ser\u00e1n cerradas"},"content":{"rendered":"\n<p>El Partido Revolucionario Moderno (PRM) realiz\u00f3 un taller estrat\u00e9gico&nbsp;para alinear las acciones y prioridades del partido rumbo a las pr\u00f3ximas etapas electorales, con el objetivo&nbsp;de mantener el poder en 2028.<\/p>\n\n\n\n<p>Con la asistencia de los miembros de la Direcci\u00f3n Ejecutiva, encabezada por el presidente de la Rep\u00fablica Luis Abinader, la vicepresidenta Raquel Pe\u00f1a, el expresidente Hip\u00f3lito Mej\u00eda, la exvicepresidenta Milagros Ortiz Bosch, el presidente del PRM, Jos\u00e9 Ignacio Paliza, y su secretaria general Carolina Mej\u00eda se dio inicio a los trabajos que durante 3 d\u00edas se llevaron a cabo en el municipio de Jarabacoa.<\/p>\n\n\n\n<p>\u00abEl taller fortaleci\u00f3 la visi\u00f3n unificada del PRM para enfrentar los desaf\u00edos del pa\u00eds y consolidar su proyecto de gobierno\u00bb, le\u00eda parte de un comunicado del partido.<\/p>\n\n\n\n<p>En ese documento, tambi\u00e9n se asegur\u00f3 que las decisiones se tomar\u00e1n con consulta y participaci\u00f3n, priorizando la legitimidad de las pol\u00edticas p\u00fablicas y la confianza de la ciudadan\u00eda.<\/p>\n\n\n\n<p>Se enfatiz\u00f3 la necesidad de mantener una gesti\u00f3n p\u00fablica eficiente, cercana y responsable, que siga traduciendo las necesidades de la ciudadan\u00eda en resultados tangibles.<\/p>\n\n\n\n<p>Asimismo, el PRM anunci\u00f3 que convocar\u00e1 una consulta interna para escuchar a las bases sobre diversos aspectos estrat\u00e9gicos del partido, y a la sociedad, con miras a enriquecer la toma de decisiones y la cohesi\u00f3n interna.<\/p>\n\n\n\n<p>Igualmente, informaron que la elecci\u00f3n de candidatos a cargos electivos en 2027 ser\u00e1 realizada por primarias, con padr\u00f3n cerrado.<\/p>\n","protected":false},"excerpt":{"rendered":"<p>El Partido Revolucionario Moderno (PRM) realiz\u00f3 un taller estrat\u00e9gico&nbsp;para alinear las acciones y prioridades del partido rumbo a las pr\u00f3ximas etapas electorales, con el objetivo&nbsp;de mantener el poder en 2028.&hellip; <\/p>\n","protected":false},"author":1,"featured_media":6658,"comment_status":"closed","ping_status":"closed","sticky":false,"template":"","format":"standard","meta":{"fifu_image_url":"https:\/\/i0.wp.com\/rnn.com.do\/wp-content\/uploads\/2025\/09\/image-164.png?resize=696%2C464&ssl=1","fifu_image_alt":"","footnotes":""},"categories":[9],"tags":[],"class_list":["post-6652","post","type-post","status-publish","format-standard","has-post-thumbnail","hentry","category-elecciones"],"_links":{"self":[{"href":"https:\/\/elmundodelapolitica.com\/v1\/wp-json\/wp\/v2\/posts\/6652","targetHints":{"allow":["GET"]}}],"collection":[{"href":"https:\/\/elmundodelapolitica.com\/v1\/wp-json\/wp\/v2\/posts"}],"about":[{"href":"https:\/\/elmundodelapolitica.com\/v1\/wp-json\/wp\/v2\/types\/post"}],"author":[{"embeddable":true,"href":"https:\/\/elmundodelapolitica.com\/v1\/wp-json\/wp\/v2\/users\/1"}],"replies":[{"embeddable":true,"href":"https:\/\/elmundodelapolitica.com\/v1\/wp-json\/wp\/v2\/comments?post=6652"}],"version-history":[{"count":1,"href":"https:\/\/elmundodelapolitica.com\/v1\/wp-json\/wp\/v2\/posts\/6652\/revisions"}],"predecessor-version":[{"id":6657,"href":"https:\/\/elmundodelapolitica.com\/v1\/wp-json\/wp\/v2\/posts\/6652\/revisions\/6657"}],"wp:featuredmedia":[{"embeddable":true,"href":"https:\/\/elmundodelapolitica.com\/v1\/wp-json\/wp\/v2\/media\/6658"}],"wp:attachment":[{"href":"https:\/\/elmundodelapolitica.com\/v1\/wp-json\/wp\/v2\/media?parent=6652"}],"wp:term":[{"taxonomy":"category","embeddable":true,"href":"https:\/\/elmundodelapolitica.com\/v1\/wp-json\/wp\/v2\/categories?post=6652"},{"taxonomy":"post_tag","embeddable":true,"href":"https:\/\/elmundodelapolitica.com\/v1\/wp-json\/wp\/v2\/tags?post=6652"}],"curies":[{"name":"wp","href":"https:\/\/api.w.org\/{rel}","templated":true}]}}