{"id":6651,"date":"2025-09-22T11:18:48","date_gmt":"2025-09-22T15:18:48","guid":{"rendered":"https:\/\/elmundodelapolitica.com\/v1\/?p=6651"},"modified":"2025-09-22T11:22:41","modified_gmt":"2025-09-22T15:22:41","slug":"prm-celebro-en-jarabacoa-taller-estrategico-para-definir-hoja-de-ruta-politica","status":"publish","type":"post","link":"https:\/\/elmundodelapolitica.com\/v1\/prm-celebro-en-jarabacoa-taller-estrategico-para-definir-hoja-de-ruta-politica\/","title":{"rendered":"PRM celebr\u00f3 en Jarabacoa Taller Estrat\u00e9gico para definir hoja de ruta pol\u00edtica"},"content":{"rendered":"\n<p>Jarabacoa. \u2013 El Partido Revolucionario Moderno (PRM) celebr\u00f3 este fin de semana un Taller Estrat\u00e9gico en el que su Direcci\u00f3n Ejecutiva deline\u00f3 la agenda pol\u00edtica que guiar\u00e1 a la organizaci\u00f3n en los pr\u00f3ximos a\u00f1os.<\/p>\n\n\n\n<p>El encuentro reuni\u00f3 a sesenta miembros de su m\u00e1ximo organismo de direcci\u00f3n, quienes debatieron sobre institucionalidad, gobernanza interna, planificaci\u00f3n electoral y comunicaci\u00f3n pol\u00edtica. La agenda incluy\u00f3 adem\u00e1s propuestas para reforzar la presencia del partido en los territorios y el dise\u00f1o de programas sociales y comunitarios.<\/p>\n\n\n<div class=\"wp-block-image\">\n<figure class=\"aligncenter\"><img decoding=\"async\" src=\"https:\/\/i0.wp.com\/rnn.com.do\/wp-content\/uploads\/2025\/09\/WhatsApp-Image-2025-09-20-at-3.50.27-PM-1.jpeg?resize=696%2C464&amp;ssl=1\" alt=\"\" class=\"wp-image-451389\"\/><\/figure>\n<\/div>\n\n\n<p>Seg\u00fan destacaron los organizadores las discusiones se enfocaron en los procesos electorales de 2026, 2027 y 2028, con atenci\u00f3n a la preparaci\u00f3n de candidaturas, alianzas y estrategias de participaci\u00f3n ciudadana.<\/p>\n\n\n\n<p>Los organizadores resaltaron que el taller busca dotar al PRM de una visi\u00f3n compartida y coherente, orientada a mantener la cohesi\u00f3n interna y a responder con efectividad a los desaf\u00edos del pa\u00eds, siempre sobre la base de la transparencia y la responsabilidad.<\/p>\n\n\n<div class=\"wp-block-image\">\n<figure class=\"aligncenter\"><img decoding=\"async\" src=\"https:\/\/i0.wp.com\/rnn.com.do\/wp-content\/uploads\/2025\/09\/WhatsApp-Image-2025-09-20-at-3.50.27-PM-4.jpeg?resize=696%2C464&amp;ssl=1\" alt=\"\" class=\"wp-image-451390\"\/><\/figure>\n<\/div>\n\n\n<p>La jornada concluye con sesiones de trabajo en grupos tem\u00e1ticos y plenarias, donde se espera consolidar acuerdos y compromisos que gu\u00eden la acci\u00f3n pol\u00edtica del partido.<\/p>\n\n\n<div class=\"wp-block-image\">\n<figure class=\"aligncenter\"><img decoding=\"async\" src=\"https:\/\/i0.wp.com\/rnn.com.do\/wp-content\/uploads\/2025\/09\/WhatsApp-Image-2025-09-20-at-3.50.26-PM.jpeg?resize=696%2C464&amp;ssl=1\" alt=\"\" class=\"wp-image-451391\"\/><\/figure>\n<\/div>","protected":false},"excerpt":{"rendered":"<p>Jarabacoa. \u2013 El Partido Revolucionario Moderno (PRM) celebr\u00f3 este fin de semana un Taller Estrat\u00e9gico en el que su Direcci\u00f3n Ejecutiva deline\u00f3 la agenda pol\u00edtica que guiar\u00e1 a la organizaci\u00f3n&hellip; <\/p>\n","protected":false},"author":1,"featured_media":6661,"comment_status":"closed","ping_status":"closed","sticky":false,"template":"","format":"standard","meta":{"fifu_image_url":"https:\/\/i0.wp.com\/rnn.com.do\/wp-content\/uploads\/2025\/09\/WhatsApp-Image-2025-09-20-at-3.50.27-PM.jpeg?resize=696%2C464&ssl=1","fifu_image_alt":"","footnotes":""},"categories":[59],"tags":[],"class_list":["post-6651","post","type-post","status-publish","format-standard","has-post-thumbnail","hentry","category-marketing"],"_links":{"self":[{"href":"https:\/\/elmundodelapolitica.com\/v1\/wp-json\/wp\/v2\/posts\/6651","targetHints":{"allow":["GET"]}}],"collection":[{"href":"https:\/\/elmundodelapolitica.com\/v1\/wp-json\/wp\/v2\/posts"}],"about":[{"href":"https:\/\/elmundodelapolitica.com\/v1\/wp-json\/wp\/v2\/types\/post"}],"author":[{"embeddable":true,"href":"https:\/\/elmundodelapolitica.com\/v1\/wp-json\/wp\/v2\/users\/1"}],"replies":[{"embeddable":true,"href":"https:\/\/elmundodelapolitica.com\/v1\/wp-json\/wp\/v2\/comments?post=6651"}],"version-history":[{"count":1,"href":"https:\/\/elmundodelapolitica.com\/v1\/wp-json\/wp\/v2\/posts\/6651\/revisions"}],"predecessor-version":[{"id":6660,"href":"https:\/\/elmundodelapolitica.com\/v1\/wp-json\/wp\/v2\/posts\/6651\/revisions\/6660"}],"wp:featuredmedia":[{"embeddable":true,"href":"https:\/\/elmundodelapolitica.com\/v1\/wp-json\/wp\/v2\/media\/6661"}],"wp:attachment":[{"href":"https:\/\/elmundodelapolitica.com\/v1\/wp-json\/wp\/v2\/media?parent=6651"}],"wp:term":[{"taxonomy":"category","embeddable":true,"href":"https:\/\/elmundodelapolitica.com\/v1\/wp-json\/wp\/v2\/categories?post=6651"},{"taxonomy":"post_tag","embeddable":true,"href":"https:\/\/elmundodelapolitica.com\/v1\/wp-json\/wp\/v2\/tags?post=6651"}],"curies":[{"name":"wp","href":"https:\/\/api.w.org\/{rel}","templated":true}]}}