{"id":6650,"date":"2025-09-22T11:24:46","date_gmt":"2025-09-22T15:24:46","guid":{"rendered":"https:\/\/elmundodelapolitica.com\/v1\/?p=6650"},"modified":"2025-09-22T11:24:49","modified_gmt":"2025-09-22T15:24:49","slug":"charlie-mariotti-advierte-desfalco-en-senasa-seria-mayor-al-revelado","status":"publish","type":"post","link":"https:\/\/elmundodelapolitica.com\/v1\/charlie-mariotti-advierte-desfalco-en-senasa-seria-mayor-al-revelado\/","title":{"rendered":"Charlie Mariotti advierte desfalco en SeNaSa ser\u00eda mayor al revelado"},"content":{"rendered":"\n<p>Santo Domingo. El aspirante a la nominaci\u00f3n presidencial por el Partido de la Liberaci\u00f3n Dominicana (PLD), Charlie Mariotti, advirti\u00f3 que el desfalco en el Seguro Nacional de Salud (SeNaSa) podr\u00eda ser mucho mayor a las cifras que se han hecho p\u00fablicas hasta el momento, y exigi\u00f3 que se realice una investigaci\u00f3n profunda que culmine en un expediente s\u00f3lido y confiable.<\/p>\n\n\n\n<p>\u201cQueremos justicia, un expediente bien instrumentado, que no pueda ser v\u00edctima de ning\u00fan subterfugio por parte de abogados. Deben decir toda la verdad sobre SeNaSa, no son 6 ni 10 mil los millones del fraude perpetrado\u201d, afirm\u00f3 el exsenador.<\/p>\n\n\n\n<p>Mariotti record\u00f3 que SeNaSa es una entidad de car\u00e1cter tripartito, donde convergen el sector laboral, sindical y el Gobierno, por lo que insisti\u00f3 en que \u201cla verdad tendr\u00e1 que salir a la luz\u201d.<\/p>\n\n\n\n<p>Las declaraciones del dirigente pelede\u00edsta se producen en medio de la crisis que enfrenta el Seguro Nacional de Salud, tras revelaciones sobre irregularidades administrativas y financieras. Entre ellas destacan.<\/p>\n\n\n\n<p>Mariotti sostuvo que no se trata de un simple caso administrativo, sino de un fraude estructural que afecta la confianza ciudadana en el sistema de seguridad social. En ese sentido, llam\u00f3 a las autoridades a garantizar sanciones ejemplares para quienes resulten responsables.<\/p>\n\n\n\n<p>\u201cSeNaSa no pertenece a un grupo ni a un partido. SeNaSa pertenece al pueblo dominicano y su salud no puede ponerse en juego\u201d, enfatiz\u00f3.<\/p>\n","protected":false},"excerpt":{"rendered":"<p>Santo Domingo. El aspirante a la nominaci\u00f3n presidencial por el Partido de la Liberaci\u00f3n Dominicana (PLD), Charlie Mariotti, advirti\u00f3 que el desfalco en el Seguro Nacional de Salud (SeNaSa) podr\u00eda&hellip; <\/p>\n","protected":false},"author":1,"featured_media":6665,"comment_status":"closed","ping_status":"closed","sticky":false,"template":"","format":"standard","meta":{"fifu_image_url":"https:\/\/i0.wp.com\/rnn.com.do\/wp-content\/uploads\/2022\/01\/CP-023.jpeg?resize=768%2C686&ssl=1","fifu_image_alt":"","footnotes":""},"categories":[17],"tags":[],"class_list":["post-6650","post","type-post","status-publish","format-standard","has-post-thumbnail","hentry","category-politica"],"_links":{"self":[{"href":"https:\/\/elmundodelapolitica.com\/v1\/wp-json\/wp\/v2\/posts\/6650","targetHints":{"allow":["GET"]}}],"collection":[{"href":"https:\/\/elmundodelapolitica.com\/v1\/wp-json\/wp\/v2\/posts"}],"about":[{"href":"https:\/\/elmundodelapolitica.com\/v1\/wp-json\/wp\/v2\/types\/post"}],"author":[{"embeddable":true,"href":"https:\/\/elmundodelapolitica.com\/v1\/wp-json\/wp\/v2\/users\/1"}],"replies":[{"embeddable":true,"href":"https:\/\/elmundodelapolitica.com\/v1\/wp-json\/wp\/v2\/comments?post=6650"}],"version-history":[{"count":1,"href":"https:\/\/elmundodelapolitica.com\/v1\/wp-json\/wp\/v2\/posts\/6650\/revisions"}],"predecessor-version":[{"id":6664,"href":"https:\/\/elmundodelapolitica.com\/v1\/wp-json\/wp\/v2\/posts\/6650\/revisions\/6664"}],"wp:featuredmedia":[{"embeddable":true,"href":"https:\/\/elmundodelapolitica.com\/v1\/wp-json\/wp\/v2\/media\/6665"}],"wp:attachment":[{"href":"https:\/\/elmundodelapolitica.com\/v1\/wp-json\/wp\/v2\/media?parent=6650"}],"wp:term":[{"taxonomy":"category","embeddable":true,"href":"https:\/\/elmundodelapolitica.com\/v1\/wp-json\/wp\/v2\/categories?post=6650"},{"taxonomy":"post_tag","embeddable":true,"href":"https:\/\/elmundodelapolitica.com\/v1\/wp-json\/wp\/v2\/tags?post=6650"}],"curies":[{"name":"wp","href":"https:\/\/api.w.org\/{rel}","templated":true}]}}