{"id":6649,"date":"2025-09-22T11:18:48","date_gmt":"2025-09-22T15:18:48","guid":{"rendered":"https:\/\/elmundodelapolitica.com\/v1\/?p=6649"},"modified":"2025-09-22T11:23:40","modified_gmt":"2025-09-22T15:23:40","slug":"frente-amplio-exige-castigo-ejemplar-para-los-responsables-de-supuesta-corrupcion-en-senasa","status":"publish","type":"post","link":"https:\/\/elmundodelapolitica.com\/v1\/frente-amplio-exige-castigo-ejemplar-para-los-responsables-de-supuesta-corrupcion-en-senasa\/","title":{"rendered":"Frente Amplio exige castigo ejemplar para los responsables de supuesta corrupci\u00f3n en SeNaSa"},"content":{"rendered":"\n<p><strong>Santo Domingo.-<\/strong>&nbsp;El&nbsp;<strong>Frente Amplio<\/strong>&nbsp;exigi\u00f3 castigo ejemplar para todos los implicados en los actos de las supuestas irregularidades cometidas en el<strong>&nbsp;Seguro Nacional de Salud (SeNaSa)<\/strong>. Seg\u00fan el partido pol\u00edtico, esas acciones han puesto en riesgo la estabilidad financiera de la instituci\u00f3n y la protecci\u00f3n social de miles de trabajadores y familias dominicanas.<\/p>\n\n\n\n<p>\u00abDemandamos una profunda mejor\u00eda en la calidad de los servicios de salud que \u00e9sta ARS ofrece a la clase trabajadora y a los m\u00e1s necesitados, garantizando atenci\u00f3n digna, oportuna y humana. Asimismo, una rebaja sustancial en el costo de los medicamentos, pues la salud no puede ser un negocio de pocos, sino que es un derecho fundamental que debe garantizar el estado para todas y todos\u00bb, se\u00f1al\u00f3 Luz Eneida Mej\u00eda, vicepresidenta nacional del Frente Amplio, seg\u00fan un comunicado.<\/p>\n\n\n\n<p>En el documento la organizaci\u00f3n pol\u00edtica denunci\u00f3 que, de acuerdo con reportajes de la prensa nacional,&nbsp;<strong>funcionarios y exfuncionarios del SeNaSa<\/strong>, en complicidad con prestadores privados de salud, inventaron miles de atenciones inexistentes, cobradas fraudulentamente al sistema, provocando el desv\u00edo de cientos de millones de pesos.<\/p>\n\n\n\n<p>\u201cEl SeNaSa ha sido convertido en bot\u00edn de corrupci\u00f3n, mientras se afectan las reservas y se compromete el derecho a la salud del pueblo dominicano\u201d, asever\u00f3 la entidad pol\u00edtica.<\/p>\n\n\n\n<p>Advirti\u00f3 adem\u00e1s que la transferencia de fondos p\u00fablicos al sector privado mediante contratos irregulares y tercerizaci\u00f3n de servicios constituye una nueva modalidad de saqueo.<\/p>\n\n\n\n<p>La entidad pol\u00edtica critic\u00f3 que los mecanismos de supervisi\u00f3n del SeNaSa, la SISALRIL y el Consejo Nacional de la Seguridad Social fallaron en su rol de vigilancia, y rechaz\u00f3 la decisi\u00f3n del gobierno de inyectar recursos extraordinarios, alegando que \u201cse convierten en subsidios sin garant\u00edas, perpetuando la impunidad y la corrupci\u00f3n\u201d.<\/p>\n\n\n\n<p>Asimismo, el FA llam\u00f3 al Ministerio P\u00fablico y la PEPCA a llevar a cabo una investigaci\u00f3n a fondo que derive en sanciones y condenas ejemplares contra todos los responsables, al tiempo que anunci\u00f3 la realizaci\u00f3n de una vigilia en defensa de la salud y contra la corrupci\u00f3n, el pr\u00f3ximo domingo 21 de septiembre de 2025, a las 10:00 a.m., frente al Hospital Moscoso Puello, donde adem\u00e1s exigir\u00e1n al gobierno la terminaci\u00f3n de la Ciudad Sanitaria Luis Eduardo Aybar.<\/p>\n","protected":false},"excerpt":{"rendered":"<p>Santo Domingo.-&nbsp;El&nbsp;Frente Amplio&nbsp;exigi\u00f3 castigo ejemplar para todos los implicados en los actos de las supuestas irregularidades cometidas en el&nbsp;Seguro Nacional de Salud (SeNaSa). Seg\u00fan el partido pol\u00edtico, esas acciones han&hellip; <\/p>\n","protected":false},"author":1,"featured_media":6663,"comment_status":"closed","ping_status":"closed","sticky":false,"template":"","format":"standard","meta":{"fifu_image_url":"https:\/\/i0.wp.com\/rnn.com.do\/wp-content\/uploads\/2025\/09\/WhatsApp-Image-2025-09-18-at-12.59.24-PM-1.jpeg?resize=696%2C464&ssl=1","fifu_image_alt":"","footnotes":""},"categories":[17],"tags":[],"class_list":["post-6649","post","type-post","status-publish","format-standard","has-post-thumbnail","hentry","category-politica"],"_links":{"self":[{"href":"https:\/\/elmundodelapolitica.com\/v1\/wp-json\/wp\/v2\/posts\/6649","targetHints":{"allow":["GET"]}}],"collection":[{"href":"https:\/\/elmundodelapolitica.com\/v1\/wp-json\/wp\/v2\/posts"}],"about":[{"href":"https:\/\/elmundodelapolitica.com\/v1\/wp-json\/wp\/v2\/types\/post"}],"author":[{"embeddable":true,"href":"https:\/\/elmundodelapolitica.com\/v1\/wp-json\/wp\/v2\/users\/1"}],"replies":[{"embeddable":true,"href":"https:\/\/elmundodelapolitica.com\/v1\/wp-json\/wp\/v2\/comments?post=6649"}],"version-history":[{"count":1,"href":"https:\/\/elmundodelapolitica.com\/v1\/wp-json\/wp\/v2\/posts\/6649\/revisions"}],"predecessor-version":[{"id":6662,"href":"https:\/\/elmundodelapolitica.com\/v1\/wp-json\/wp\/v2\/posts\/6649\/revisions\/6662"}],"wp:featuredmedia":[{"embeddable":true,"href":"https:\/\/elmundodelapolitica.com\/v1\/wp-json\/wp\/v2\/media\/6663"}],"wp:attachment":[{"href":"https:\/\/elmundodelapolitica.com\/v1\/wp-json\/wp\/v2\/media?parent=6649"}],"wp:term":[{"taxonomy":"category","embeddable":true,"href":"https:\/\/elmundodelapolitica.com\/v1\/wp-json\/wp\/v2\/categories?post=6649"},{"taxonomy":"post_tag","embeddable":true,"href":"https:\/\/elmundodelapolitica.com\/v1\/wp-json\/wp\/v2\/tags?post=6649"}],"curies":[{"name":"wp","href":"https:\/\/api.w.org\/{rel}","templated":true}]}}