{"id":6646,"date":"2025-09-22T10:59:21","date_gmt":"2025-09-22T14:59:21","guid":{"rendered":"https:\/\/elmundodelapolitica.com\/v1\/?p=6646"},"modified":"2025-09-22T10:59:23","modified_gmt":"2025-09-22T14:59:23","slug":"incrementa-entusiasmo-conferencia-logros-presidente-abinader-en-hotel-catalonia","status":"publish","type":"post","link":"https:\/\/elmundodelapolitica.com\/v1\/incrementa-entusiasmo-conferencia-logros-presidente-abinader-en-hotel-catalonia\/","title":{"rendered":"Incrementa entusiasmo conferencia logros presidente Abinader en Hotel Catalonia"},"content":{"rendered":"\n<p>Santo Domingo, R.D. \u2013 La conferencia&nbsp;<strong>\u201cLogros y Retos de los cinco a\u00f1os del presidente Luis Abinader\u201d<\/strong>, a cargo de la Dra.&nbsp;<strong>Geanilda V\u00e1squez<\/strong>&nbsp;y el economista&nbsp;<strong>Miguel Ceara Hatton<\/strong>, se celebrar\u00e1 ahora en el&nbsp;<strong>Gran Sal\u00f3n del Hotel Catalonia, 6to piso, Av. George Washington, frente al Malec\u00f3n Center<\/strong>, en lugar del espacio originalmente anunciado.<\/p>\n\n\n\n<p>La doctora V\u00e1squez Alm\u00e1nzar, c\u00f3nsul general de la Rep\u00fablica Dominicana en Miami, expres\u00f3 su entusiasmo por la oportunidad de analizar la gesti\u00f3n del presidente Abinader en un espacio acad\u00e9mico y abierto al debate.<\/p>\n\n\n\n<blockquote class=\"wp-block-quote is-layout-flow wp-block-quote-is-layout-flow\">\n<p>\u201cSer\u00e1 un privilegio compartir con la ciudadan\u00eda y con el p\u00fablico interesado una reflexi\u00f3n profunda sobre las transformaciones y desaf\u00edos de este gobierno, que ha marcado un rumbo de transparencia y crecimiento en la Rep\u00fablica Dominicana\u201d, manifest\u00f3.<\/p>\n<\/blockquote>\n\n\n\n<p>De igual modo, el exministro de Econom\u00eda, Planificaci\u00f3n y Desarrollo, Miguel Ceara Hatton, destac\u00f3 la importancia de examinar de manera directa los factores econ\u00f3micos que han acompa\u00f1ado estos cinco a\u00f1os de gesti\u00f3n.<\/p>\n\n\n\n<blockquote class=\"wp-block-quote is-layout-flow wp-block-quote-is-layout-flow\">\n<p>\u201cEs un momento oportuno para revisar las pol\u00edticas p\u00fablicas que han sostenido la estabilidad y el desarrollo econ\u00f3mico del pa\u00eds, as\u00ed como los retos que a\u00fan tenemos por delante\u201d, indic\u00f3.<\/p>\n<\/blockquote>\n\n\n\n<p>Los organizadores reiteraron la invitaci\u00f3n al p\u00fablico a asistir al evento en su&nbsp;<strong>nueva sede<\/strong>, el Hotel Catalonia, este pr\u00f3ximo&nbsp;<strong>22 de septiembre a las 4:00 de la tarde<\/strong>, asegurando que la conferencia constituir\u00e1 un espacio de an\u00e1lisis riguroso y de valor para todos los interesados en la realidad nacional.<\/p>\n","protected":false},"excerpt":{"rendered":"<p>Santo Domingo, R.D. \u2013 La conferencia&nbsp;\u201cLogros y Retos de los cinco a\u00f1os del presidente Luis Abinader\u201d, a cargo de la Dra.&nbsp;Geanilda V\u00e1squez&nbsp;y el economista&nbsp;Miguel Ceara Hatton, se celebrar\u00e1 ahora en&hellip; <\/p>\n","protected":false},"author":2,"featured_media":6647,"comment_status":"closed","ping_status":"closed","sticky":false,"template":"","format":"standard","meta":{"fifu_image_url":"","fifu_image_alt":"","footnotes":""},"categories":[8],"tags":[],"class_list":["post-6646","post","type-post","status-publish","format-standard","has-post-thumbnail","hentry","category-politica-economica"],"_links":{"self":[{"href":"https:\/\/elmundodelapolitica.com\/v1\/wp-json\/wp\/v2\/posts\/6646","targetHints":{"allow":["GET"]}}],"collection":[{"href":"https:\/\/elmundodelapolitica.com\/v1\/wp-json\/wp\/v2\/posts"}],"about":[{"href":"https:\/\/elmundodelapolitica.com\/v1\/wp-json\/wp\/v2\/types\/post"}],"author":[{"embeddable":true,"href":"https:\/\/elmundodelapolitica.com\/v1\/wp-json\/wp\/v2\/users\/2"}],"replies":[{"embeddable":true,"href":"https:\/\/elmundodelapolitica.com\/v1\/wp-json\/wp\/v2\/comments?post=6646"}],"version-history":[{"count":1,"href":"https:\/\/elmundodelapolitica.com\/v1\/wp-json\/wp\/v2\/posts\/6646\/revisions"}],"predecessor-version":[{"id":6648,"href":"https:\/\/elmundodelapolitica.com\/v1\/wp-json\/wp\/v2\/posts\/6646\/revisions\/6648"}],"wp:featuredmedia":[{"embeddable":true,"href":"https:\/\/elmundodelapolitica.com\/v1\/wp-json\/wp\/v2\/media\/6647"}],"wp:attachment":[{"href":"https:\/\/elmundodelapolitica.com\/v1\/wp-json\/wp\/v2\/media?parent=6646"}],"wp:term":[{"taxonomy":"category","embeddable":true,"href":"https:\/\/elmundodelapolitica.com\/v1\/wp-json\/wp\/v2\/categories?post=6646"},{"taxonomy":"post_tag","embeddable":true,"href":"https:\/\/elmundodelapolitica.com\/v1\/wp-json\/wp\/v2\/tags?post=6646"}],"curies":[{"name":"wp","href":"https:\/\/api.w.org\/{rel}","templated":true}]}}