{"id":6639,"date":"2025-09-18T10:17:03","date_gmt":"2025-09-18T14:17:03","guid":{"rendered":"https:\/\/elmundodelapolitica.com\/v1\/?p=6639"},"modified":"2025-09-18T10:17:05","modified_gmt":"2025-09-18T14:17:05","slug":"roy-acosta-se-integra-a-la-fuerza-del-pueblo-junto-a-su-equipo-politico","status":"publish","type":"post","link":"https:\/\/elmundodelapolitica.com\/v1\/roy-acosta-se-integra-a-la-fuerza-del-pueblo-junto-a-su-equipo-politico\/","title":{"rendered":"Roy Acosta se integra a la Fuerza del Pueblo junto a su equipo pol\u00edtico"},"content":{"rendered":"\n<p>SANTO DOMINGO.- El exdirigente del Partido Revolucionario Moderno (PRM) y exsubdirector general de Bienes Nacionales de la actual gesti\u00f3n, Roy Acosta, oficializ\u00f3 su paso a la Fuerza del Pueblo (FP) en un acto encabezado por el presidente de esa organizaci\u00f3n y expresidente de la Rep\u00fablica, Dr. Leonel Fern\u00e1ndez.<\/p>\n\n\n\n<p>De acuerdo con una nota de prensa, la juramentaci\u00f3n, se realiz\u00f3 el martes en la Casa Nacional de la Fuerza del Pueblo, cont\u00f3 exclusivamente con la presencia de Acosta y su equipo pol\u00edtico, quienes fueron recibidos por la alta dirigencia de la organizaci\u00f3n opositora.<\/p>\n\n\n\n<p>En su discurso, Acosta manifest\u00f3 que asume el compromiso de trabajar sin descanso para consolidar el crecimiento de la FP con miras a las elecciones de 2028, asegurando que su estructura pol\u00edtica aportar\u00e1 significativamente a la meta de alcanzar la mayor\u00eda de los votos<\/p>\n\n\n\n<p>El dirigente agradeci\u00f3 al presidente Fern\u00e1ndez, as\u00ed como al Dr. Radham\u00e9s Jim\u00e9nez, al senador Omar Fern\u00e1ndez y al Dr. Wilkin Moreno por la acogida recibida en su nueva casa pol\u00edtica.<\/p>\n","protected":false},"excerpt":{"rendered":"<p>SANTO DOMINGO.- El exdirigente del Partido Revolucionario Moderno (PRM) y exsubdirector general de Bienes Nacionales de la actual gesti\u00f3n, Roy Acosta, oficializ\u00f3 su paso a la Fuerza del Pueblo (FP)&hellip; <\/p>\n","protected":false},"author":2,"featured_media":6641,"comment_status":"closed","ping_status":"closed","sticky":false,"template":"","format":"standard","meta":{"fifu_image_url":"https:\/\/i0.wp.com\/nuevodiario-assets.s3.us-east-2.amazonaws.com\/wp-content\/uploads\/2025\/09\/WhatsApp-Image-2025-09-18-at-09.27.05-e1758202917843.jpeg?fit=738%2C490&quality=100&ssl=1","fifu_image_alt":"","footnotes":""},"categories":[5],"tags":[],"class_list":["post-6639","post","type-post","status-publish","format-standard","has-post-thumbnail","hentry","category-partidos"],"_links":{"self":[{"href":"https:\/\/elmundodelapolitica.com\/v1\/wp-json\/wp\/v2\/posts\/6639","targetHints":{"allow":["GET"]}}],"collection":[{"href":"https:\/\/elmundodelapolitica.com\/v1\/wp-json\/wp\/v2\/posts"}],"about":[{"href":"https:\/\/elmundodelapolitica.com\/v1\/wp-json\/wp\/v2\/types\/post"}],"author":[{"embeddable":true,"href":"https:\/\/elmundodelapolitica.com\/v1\/wp-json\/wp\/v2\/users\/2"}],"replies":[{"embeddable":true,"href":"https:\/\/elmundodelapolitica.com\/v1\/wp-json\/wp\/v2\/comments?post=6639"}],"version-history":[{"count":1,"href":"https:\/\/elmundodelapolitica.com\/v1\/wp-json\/wp\/v2\/posts\/6639\/revisions"}],"predecessor-version":[{"id":6640,"href":"https:\/\/elmundodelapolitica.com\/v1\/wp-json\/wp\/v2\/posts\/6639\/revisions\/6640"}],"wp:featuredmedia":[{"embeddable":true,"href":"https:\/\/elmundodelapolitica.com\/v1\/wp-json\/wp\/v2\/media\/6641"}],"wp:attachment":[{"href":"https:\/\/elmundodelapolitica.com\/v1\/wp-json\/wp\/v2\/media?parent=6639"}],"wp:term":[{"taxonomy":"category","embeddable":true,"href":"https:\/\/elmundodelapolitica.com\/v1\/wp-json\/wp\/v2\/categories?post=6639"},{"taxonomy":"post_tag","embeddable":true,"href":"https:\/\/elmundodelapolitica.com\/v1\/wp-json\/wp\/v2\/tags?post=6639"}],"curies":[{"name":"wp","href":"https:\/\/api.w.org\/{rel}","templated":true}]}}