{"id":6636,"date":"2025-09-18T10:07:44","date_gmt":"2025-09-18T14:07:44","guid":{"rendered":"https:\/\/elmundodelapolitica.com\/v1\/?p=6636"},"modified":"2025-09-18T10:07:46","modified_gmt":"2025-09-18T14:07:46","slug":"danilo-juramenta-dirigentes-que-regresan-al-pld-en-programa-de-vuelta-a-casa","status":"publish","type":"post","link":"https:\/\/elmundodelapolitica.com\/v1\/danilo-juramenta-dirigentes-que-regresan-al-pld-en-programa-de-vuelta-a-casa\/","title":{"rendered":"Danilo juramenta dirigentes que regresan al PLD en programa \u201cDe Vuelta a Casa\u201d"},"content":{"rendered":"\n<p>SANTO DOMINGO.- El Presidente del Partido de la Liberaci\u00f3n Dominicana (PLD), Danilo Medina, tom\u00f3 el juramento de reingreso a la organizaci\u00f3n pol\u00edtica de varios dirigentes provenientes de otros partidos pol\u00edticos, entre ellos el Partido Revolucionario Moderno (PRM).<\/p>\n\n\n\n<p>Con estas juramentaciones realizadas por separado en las oficinas de la Presidencia del PLD, se da continuidad al esquema \u201cDe Vuelta a Casa\u201d, mediante el cual una considerable cantidad de exdirigentes retoman su membres\u00eda en el PLD.<\/p>\n\n\n\n<p>Se suma a este reingreso al PLD, las juramentaciones de nuevos miembros que encabeza el presidente Danilo Medina en las asambleas de dirigentes que se celebran los fines de semana en el territorio nacional, fortaleciendo la organizaci\u00f3n pol\u00edtica.<\/p>\n\n\n<div class=\"wp-block-image\">\n<figure class=\"aligncenter\" id=\"attachment_2822899\"><img decoding=\"async\" src=\"https:\/\/i0.wp.com\/nuevodiario-assets.s3.us-east-2.amazonaws.com\/wp-content\/uploads\/2025\/09\/Danilo-Medina-al-juramentar-dirigente-Foto-PLD.jpeg?resize=640%2C895&amp;quality=100&amp;ssl=1\" alt=\"\" class=\"wp-image-2822899\"\/><figcaption class=\"wp-element-caption\"><strong>Danilo Medina al juramentar dirigente (Foto: PLD)<\/strong><\/figcaption><\/figure>\n<\/div>\n\n\n<p>Sandra Reynoso, de Villa La Mata, provincia S\u00e1nchez Ram\u00edrez, quien fuera candidata a alcaldesa de ese municipio por otro partido, regresa al PLD, comprometi\u00e9ndose, junto a dos j\u00f3venes integrantes de su equipo, a trabajar con firmeza por el fortalecimiento del PLD y por el regreso del Partido de la Liberaci\u00f3n Dominicana al Gobierno<\/p>\n\n\n\n<p>Por igual, V\u00edctor Pe\u00f1a del sector Cristo Rey en el Distrito Nacional, regresa a su casa, el Partido de la Liberaci\u00f3n Dominicana, luego de una corta membres\u00eda en otra fuerza pol\u00edtica<\/p>\n\n\n\n<p>Junior de Jes\u00fas, fue tambi\u00e9n juramentado por&nbsp; Medina, procedente del PRM en donde hab\u00eda sido candidato a regidor.<\/p>\n\n\n<div class=\"wp-block-image\">\n<figure class=\"aligncenter\" id=\"attachment_2822901\"><img decoding=\"async\" src=\"https:\/\/i0.wp.com\/nuevodiario-assets.s3.us-east-2.amazonaws.com\/wp-content\/uploads\/2025\/09\/Danilo-Medina-al-juramentar-dirigente-Foto-PLD-2.jpeg?resize=640%2C870&amp;quality=100&amp;ssl=1\" alt=\"\" class=\"wp-image-2822901\"\/><figcaption class=\"wp-element-caption\"><strong>Danilo Medina juramenta dirigente (Foto: PLD)<\/strong><\/figcaption><\/figure>\n<\/div>\n\n\n<p>Los juramentados miembros del PLD son asentados en el padr\u00f3n del partido morado de la estrella amarilla y ser\u00e1n asignados a un recinto electoral en donde ejercen su derecho al voto para desde all\u00ed realizar las tareas partidarias que se les asignen<\/p>\n","protected":false},"excerpt":{"rendered":"<p>SANTO DOMINGO.- El Presidente del Partido de la Liberaci\u00f3n Dominicana (PLD), Danilo Medina, tom\u00f3 el juramento de reingreso a la organizaci\u00f3n pol\u00edtica de varios dirigentes provenientes de otros partidos pol\u00edticos,&hellip; <\/p>\n","protected":false},"author":2,"featured_media":6638,"comment_status":"closed","ping_status":"closed","sticky":false,"template":"","format":"standard","meta":{"fifu_image_url":"https:\/\/i0.wp.com\/nuevodiario-assets.s3.us-east-2.amazonaws.com\/wp-content\/uploads\/2025\/09\/Danilo-Medina-al-juramentar-dirigentes-Foto-PLD.jpeg?fit=900%2C686&quality=100&ssl=1","fifu_image_alt":"","footnotes":""},"categories":[5],"tags":[],"class_list":["post-6636","post","type-post","status-publish","format-standard","has-post-thumbnail","hentry","category-partidos"],"_links":{"self":[{"href":"https:\/\/elmundodelapolitica.com\/v1\/wp-json\/wp\/v2\/posts\/6636","targetHints":{"allow":["GET"]}}],"collection":[{"href":"https:\/\/elmundodelapolitica.com\/v1\/wp-json\/wp\/v2\/posts"}],"about":[{"href":"https:\/\/elmundodelapolitica.com\/v1\/wp-json\/wp\/v2\/types\/post"}],"author":[{"embeddable":true,"href":"https:\/\/elmundodelapolitica.com\/v1\/wp-json\/wp\/v2\/users\/2"}],"replies":[{"embeddable":true,"href":"https:\/\/elmundodelapolitica.com\/v1\/wp-json\/wp\/v2\/comments?post=6636"}],"version-history":[{"count":1,"href":"https:\/\/elmundodelapolitica.com\/v1\/wp-json\/wp\/v2\/posts\/6636\/revisions"}],"predecessor-version":[{"id":6637,"href":"https:\/\/elmundodelapolitica.com\/v1\/wp-json\/wp\/v2\/posts\/6636\/revisions\/6637"}],"wp:featuredmedia":[{"embeddable":true,"href":"https:\/\/elmundodelapolitica.com\/v1\/wp-json\/wp\/v2\/media\/6638"}],"wp:attachment":[{"href":"https:\/\/elmundodelapolitica.com\/v1\/wp-json\/wp\/v2\/media?parent=6636"}],"wp:term":[{"taxonomy":"category","embeddable":true,"href":"https:\/\/elmundodelapolitica.com\/v1\/wp-json\/wp\/v2\/categories?post=6636"},{"taxonomy":"post_tag","embeddable":true,"href":"https:\/\/elmundodelapolitica.com\/v1\/wp-json\/wp\/v2\/tags?post=6636"}],"curies":[{"name":"wp","href":"https:\/\/api.w.org\/{rel}","templated":true}]}}