{"id":6633,"date":"2025-09-18T10:05:34","date_gmt":"2025-09-18T14:05:34","guid":{"rendered":"https:\/\/elmundodelapolitica.com\/v1\/?p=6633"},"modified":"2025-09-18T10:05:36","modified_gmt":"2025-09-18T14:05:36","slug":"prm-celebrara-cinco-anos-de-gestion-del-presidente-luis-abinader","status":"publish","type":"post","link":"https:\/\/elmundodelapolitica.com\/v1\/prm-celebrara-cinco-anos-de-gestion-del-presidente-luis-abinader\/","title":{"rendered":"PRM celebrar\u00e1 cinco a\u00f1os de gesti\u00f3n del presidente Luis Abinader"},"content":{"rendered":"\n<p>Santo Domingo. El Partido Revolucionario Moderno (PRM) celebrar\u00e1 los cinco a\u00f1os de gesti\u00f3n de gobierno del presidente Luis Abinader.<\/p>\n\n\n\n<p>El acto est\u00e1 convocado para el domingo 17 de agosto a las 9:00 de la ma\u00f1ana en el Polideportivo Nuevo Domingo Savio.<\/p>\n\n\n\n<p>El presidente del PRM, Jos\u00e9 Ignacio Paliza, llam\u00f3 a los perremeistas a acudir en respaldo a los primeros cinco a\u00f1os de gobierno de esta organizaci\u00f3n \u201cPor cinco a\u00f1os de grandes realizaciones\u201d.<\/p>\n\n\n\n<p>Se espera la asistencia de dirigentes nacionales, Direcci\u00f3n Ejecutiva, Comit\u00e9 Nacional, militantes, dirigentes municipales y provinciales de la organizaci\u00f3n.<\/p>\n\n\n\n<p>El presidente Luis Abinader ha dirigido una gesti\u00f3n de gobierno en la que destaca la transparencia, reformas institucionales, m\u00e1s de 2 millones de personas salen de la pobreza y se cierran las brechas de la desigualdad al disminuir la pobreza rural de 38.5% en 2012 a 14.5% en 2024.<\/p>\n\n\n\n<p>En Rep\u00fablica Dominicana m\u00e1s de dos millones de personas han salido de la pobreza, mientras que a nivel mundial sigue aumentando. Estos resultados positivos se deben a iniciativas y programas como Sup\u00e9rate, alimentaci\u00f3n escolar y la generaci\u00f3n de empleos, agreg\u00f3 el jefe de Estado.<\/p>\n\n\n\n<p>El Foro Econ\u00f3mico Mundial indica que el pa\u00eds tiene m\u00e1s de 17.8 puntos en estabilidad pol\u00edtica y el Banco Mundial reporta m\u00e1s de 30 en posiciones en eficacia gubernamental y m\u00e1s de 17.7 puntos en calidad regulatoria. Estos son datos del periodo&nbsp;2020-2024.<\/p>\n","protected":false},"excerpt":{"rendered":"<p>Santo Domingo. El Partido Revolucionario Moderno (PRM) celebrar\u00e1 los cinco a\u00f1os de gesti\u00f3n de gobierno del presidente Luis Abinader. El acto est\u00e1 convocado para el domingo 17 de agosto a&hellip; <\/p>\n","protected":false},"author":2,"featured_media":6635,"comment_status":"closed","ping_status":"closed","sticky":false,"template":"","format":"standard","meta":{"fifu_image_url":"https:\/\/prm.org.do\/wp-content\/uploads\/2025\/08\/Luis-Abinader-thegem-blog-default.jpg","fifu_image_alt":"","footnotes":""},"categories":[10],"tags":[],"class_list":["post-6633","post","type-post","status-publish","format-standard","has-post-thumbnail","hentry","category-marketing-politico"],"_links":{"self":[{"href":"https:\/\/elmundodelapolitica.com\/v1\/wp-json\/wp\/v2\/posts\/6633","targetHints":{"allow":["GET"]}}],"collection":[{"href":"https:\/\/elmundodelapolitica.com\/v1\/wp-json\/wp\/v2\/posts"}],"about":[{"href":"https:\/\/elmundodelapolitica.com\/v1\/wp-json\/wp\/v2\/types\/post"}],"author":[{"embeddable":true,"href":"https:\/\/elmundodelapolitica.com\/v1\/wp-json\/wp\/v2\/users\/2"}],"replies":[{"embeddable":true,"href":"https:\/\/elmundodelapolitica.com\/v1\/wp-json\/wp\/v2\/comments?post=6633"}],"version-history":[{"count":1,"href":"https:\/\/elmundodelapolitica.com\/v1\/wp-json\/wp\/v2\/posts\/6633\/revisions"}],"predecessor-version":[{"id":6634,"href":"https:\/\/elmundodelapolitica.com\/v1\/wp-json\/wp\/v2\/posts\/6633\/revisions\/6634"}],"wp:featuredmedia":[{"embeddable":true,"href":"https:\/\/elmundodelapolitica.com\/v1\/wp-json\/wp\/v2\/media\/6635"}],"wp:attachment":[{"href":"https:\/\/elmundodelapolitica.com\/v1\/wp-json\/wp\/v2\/media?parent=6633"}],"wp:term":[{"taxonomy":"category","embeddable":true,"href":"https:\/\/elmundodelapolitica.com\/v1\/wp-json\/wp\/v2\/categories?post=6633"},{"taxonomy":"post_tag","embeddable":true,"href":"https:\/\/elmundodelapolitica.com\/v1\/wp-json\/wp\/v2\/tags?post=6633"}],"curies":[{"name":"wp","href":"https:\/\/api.w.org\/{rel}","templated":true}]}}