{"id":6630,"date":"2025-09-18T10:02:54","date_gmt":"2025-09-18T14:02:54","guid":{"rendered":"https:\/\/elmundodelapolitica.com\/v1\/?p=6630"},"modified":"2025-09-18T10:02:56","modified_gmt":"2025-09-18T14:02:56","slug":"leonel-propone-veeduria-de-seguimiento-a-conclusiones-del-ces-en-torno-al-dialogo-sobre-haiti","status":"publish","type":"post","link":"https:\/\/elmundodelapolitica.com\/v1\/leonel-propone-veeduria-de-seguimiento-a-conclusiones-del-ces-en-torno-al-dialogo-sobre-haiti\/","title":{"rendered":"Leonel propone veedur\u00eda d\u00e9 seguimiento a conclusiones del CES en torno al di\u00e1logo sobre Hait\u00ed"},"content":{"rendered":"\n<p>El presidente del partido Fuerza del Pueblo (FP),&nbsp;<strong>Leonel Fern\u00e1ndez<\/strong>, propuso este martes crear un&nbsp;<strong>comit\u00e9 de veedur\u00eda<\/strong>&nbsp;y seguimiento para garantizar la aplicaci\u00f3n de las recomendaciones que contiene el&nbsp;<strong>informe final<\/strong>&nbsp;del Consejo Econ\u00f3mico y Social (<strong>CES<\/strong>) sobre el di\u00e1logo que sostuvieron por la&nbsp;<strong>crisis haitiana<\/strong>.<\/p>\n\n\n\n<p>El&nbsp;<strong>CES<\/strong>&nbsp;se reuni\u00f3 con&nbsp;<strong>representantes<\/strong>&nbsp;del presidente de la Rep\u00fablica, Luis Abinader, y los exmandatarios&nbsp;<strong>Leonel Fern\u00e1ndez<\/strong>, Danilo Medina e Hip\u00f3lito Mej\u00eda para abordar la fr\u00e1gil situaci\u00f3n de Hait\u00ed y su impacto en la Rep\u00fablica Dominicana, as\u00ed como buscar&nbsp;<strong>soluciones<\/strong>&nbsp;a las problem\u00e1ticas.<\/p>\n\n\n\n<p>Una nota de prensa indica que Fern\u00e1ndez hizo la&nbsp;<strong>recomendaci\u00f3n<\/strong>&nbsp;de crear la&nbsp;<strong>veedur\u00eda de seguimiento<\/strong>&nbsp;luego de recibir este martes el informe del&nbsp;<strong>CES<\/strong>&nbsp;que incluye varias recomendaciones. La entrega se le hizo en la Fundaci\u00f3n Global Democracia y Desarrollo (Funglode), de la cual es presidente.<\/p>\n\n\n\n<ul class=\"wp-block-list\">\n<li>El\u00a0<strong>documento entregado<\/strong>\u00a0por el\u00a0<strong>CES<\/strong>\u00a0este martes es el resultado de\u00a0<strong>seis mesas tem\u00e1ticas<\/strong>\u00a0en las que participaron\u00a0<strong>representantes<\/strong>\u00a0del sector social, laboral, empresarial, de la sociedad civil organizada, as\u00ed como delegados del presidente de la Rep\u00fablica y de los tres exmandatarios.<\/li>\n<\/ul>\n\n\n\n<p>Conforme al presidente de la FP, el organismo que propone crear ser\u00eda similar al implementado para dar seguimiento al&nbsp;<strong>Pacto El\u00e9ctrico<\/strong>&nbsp;y \"permitir\u00eda mantener un v\u00ednculo con la sociedad a trav\u00e9s de&nbsp;<strong>informes anuales<\/strong>&nbsp;sobre los avances de los&nbsp;<strong>acuerdos<\/strong>\".<\/p>\n\n\n\n<p>Fern\u00e1ndez enfatiz\u00f3 que ahora corresponde al&nbsp;<strong>gobierno<\/strong>&nbsp;asumir el compromiso de&nbsp;<strong>cumplir y ejecutar<\/strong>&nbsp;lo acordado.<\/p>\n\n\n\n<p>La nota dice que el presidente del&nbsp;<strong>CES<\/strong>,&nbsp;<strong>Rafael Toribio<\/strong>, coincidi\u00f3 con esta visi\u00f3n, al se\u00f1alar que, tal como expres\u00f3 Fern\u00e1ndez, corresponde al Poder Ejecutivo implementar las recomendaciones. Resalt\u00f3 adem\u00e1s que las&nbsp;<strong>conclusiones del informe<\/strong>&nbsp;respaldan la propuesta de crear \"un \u00f3rgano, una entidad que d\u00e9 seguimiento al cumplimiento y que informe peri\u00f3dicamente c\u00f3mo vamos\".<\/p>\n","protected":false},"excerpt":{"rendered":"<p>El presidente del partido Fuerza del Pueblo (FP),&nbsp;Leonel Fern\u00e1ndez, propuso este martes crear un&nbsp;comit\u00e9 de veedur\u00eda&nbsp;y seguimiento para garantizar la aplicaci\u00f3n de las recomendaciones que contiene el&nbsp;informe final&nbsp;del Consejo Econ\u00f3mico&hellip; <\/p>\n","protected":false},"author":2,"featured_media":6632,"comment_status":"closed","ping_status":"closed","sticky":false,"template":"","format":"standard","meta":{"fifu_image_url":"https:\/\/resources.diariolibre.com\/images\/2025\/09\/16\/ces-informe-8d78ef57.jpg","fifu_image_alt":"","footnotes":""},"categories":[12],"tags":[],"class_list":["post-6630","post","type-post","status-publish","format-standard","has-post-thumbnail","hentry","category-agenda-politica"],"_links":{"self":[{"href":"https:\/\/elmundodelapolitica.com\/v1\/wp-json\/wp\/v2\/posts\/6630","targetHints":{"allow":["GET"]}}],"collection":[{"href":"https:\/\/elmundodelapolitica.com\/v1\/wp-json\/wp\/v2\/posts"}],"about":[{"href":"https:\/\/elmundodelapolitica.com\/v1\/wp-json\/wp\/v2\/types\/post"}],"author":[{"embeddable":true,"href":"https:\/\/elmundodelapolitica.com\/v1\/wp-json\/wp\/v2\/users\/2"}],"replies":[{"embeddable":true,"href":"https:\/\/elmundodelapolitica.com\/v1\/wp-json\/wp\/v2\/comments?post=6630"}],"version-history":[{"count":1,"href":"https:\/\/elmundodelapolitica.com\/v1\/wp-json\/wp\/v2\/posts\/6630\/revisions"}],"predecessor-version":[{"id":6631,"href":"https:\/\/elmundodelapolitica.com\/v1\/wp-json\/wp\/v2\/posts\/6630\/revisions\/6631"}],"wp:featuredmedia":[{"embeddable":true,"href":"https:\/\/elmundodelapolitica.com\/v1\/wp-json\/wp\/v2\/media\/6632"}],"wp:attachment":[{"href":"https:\/\/elmundodelapolitica.com\/v1\/wp-json\/wp\/v2\/media?parent=6630"}],"wp:term":[{"taxonomy":"category","embeddable":true,"href":"https:\/\/elmundodelapolitica.com\/v1\/wp-json\/wp\/v2\/categories?post=6630"},{"taxonomy":"post_tag","embeddable":true,"href":"https:\/\/elmundodelapolitica.com\/v1\/wp-json\/wp\/v2\/tags?post=6630"}],"curies":[{"name":"wp","href":"https:\/\/api.w.org\/{rel}","templated":true}]}}