{"id":6627,"date":"2025-09-18T09:58:28","date_gmt":"2025-09-18T13:58:28","guid":{"rendered":"https:\/\/elmundodelapolitica.com\/v1\/?p=6627"},"modified":"2025-09-18T09:58:30","modified_gmt":"2025-09-18T13:58:30","slug":"seminario-en-la-uasd-analiza-movimientos-de-la-nueva-derecha-en-america-latina","status":"publish","type":"post","link":"https:\/\/elmundodelapolitica.com\/v1\/seminario-en-la-uasd-analiza-movimientos-de-la-nueva-derecha-en-america-latina\/","title":{"rendered":"Seminario en la UASD analiza movimientos de la nueva derecha en Am\u00e9rica Latina"},"content":{"rendered":"\n<p>La Universidad Aut\u00f3noma de Santo Domingo (UASD) fue la sede del seminario&nbsp;<strong>\"Las nuevas derechas en Latinoam\u00e9rica: fundamentos y desaf\u00edos\"<\/strong>, celebrado el pasado 16 de septiembre. El evento, organizado en colaboraci\u00f3n con la Universidad del Pa\u00eds Vasco, reuni\u00f3 a acad\u00e9micos de Am\u00e9rica Latina y Europa.<\/p>\n\n\n\n<p>El seminario, que tuvo lugar en el Paraninfo de la Facultad de Ciencias Jur\u00eddicas y Pol\u00edticas, analiz\u00f3 los movimientos pol\u00edticos de derecha en la regi\u00f3n. La vicerrectora de Extensi\u00f3n de la UASD, Rosal\u00eda Sosa P\u00e9rez, y el catedr\u00e1tico espa\u00f1ol Esteban Anch\u00fastegui Igartua ofrecieron la introducci\u00f3n.<\/p>\n\n\n<div class=\"wp-block-image\">\n<figure class=\"aligncenter\"><img decoding=\"async\" src=\"https:\/\/media.acento.com.do\/media\/storage02\/uploads\/2025\/09\/Rosalia-Sosa-Perez-Vicerrectora-de-Extension-de-la-UASD-546x728.webp\" alt=\" Rosal\u00eda Sosa P\u00e9rez, Vicerrectora de Extensi\u00f3n de la UASD.\" title=\" Rosal\u00eda Sosa P\u00e9rez, Vicerrectora de Extensi\u00f3n de la UASD.\"\/><figcaption class=\"wp-element-caption\">Rosal\u00eda Sosa P\u00e9rez, Vicerrectora de Extensi\u00f3n de la UASD.<\/figcaption><\/figure>\n<\/div>\n\n\n<p>Las ponencias abordaron casos de pa\u00edses espec\u00edficos, incluyendo a Rep\u00fablica Dominicana, Chile, El Salvador, Puerto Rico y M\u00e9xico.<\/p>\n\n\n\n<p>Los expositores y los temas tratados fueron:&nbsp;<strong>Olaya Ondina Dotel Caraballo<\/strong>&nbsp;(Rep\u00fablica Dominicana): Movimientos sociales y convergencias.&nbsp;<strong>John Campos Benavides<\/strong>&nbsp;(Chile): El Salvador y el Estado.&nbsp;<strong>Lizbeth Joan Rivera Morales<\/strong>&nbsp;(Puerto Rico): Colonialismo, austeridad y nuevas derechas.&nbsp;<strong>Yamil Aitor Musa Iratzagorria<\/strong>&nbsp;(Chile): La nueva derecha mexicana.<strong>Roberto Lagos Flores<\/strong>&nbsp;(Chile): Soberan\u00eda, Estado y seguridad.&nbsp;<strong>Andr\u00e9s Merejo Checo<\/strong>&nbsp;(Rep\u00fablica Dominicana): La nueva derecha en el ciberespacio. Posteriormente, se realiz\u00f3 una sesi\u00f3n de preguntas y debate.<\/p>\n\n\n\n<p>Paralelamente al seminario, se reuni\u00f3 un grupo de investigaci\u00f3n sobre las nuevas derechas en Am\u00e9rica Latina. El grupo, integrado por acad\u00e9micos de varios pa\u00edses, planific\u00f3 la publicaci\u00f3n de dos trabajos acad\u00e9micos.<\/p>\n\n\n\n<p>Se design\u00f3 a la Dra. Lizbeth Rivera Morales, de la Universidad de Puerto Rico, como editora principal. El doctorando No\u00e9 Alejo Romero Luqu\u00edn, de la Universidad del Pa\u00eds Vasco, fue nombrado coeditor. Las publicaciones recoger\u00e1n investigaciones de Chile, Rep\u00fablica Dominicana, El Salvador, M\u00e9xico y Puerto Rico.<\/p>\n","protected":false},"excerpt":{"rendered":"<p>La Universidad Aut\u00f3noma de Santo Domingo (UASD) fue la sede del seminario&nbsp;\"Las nuevas derechas en Latinoam\u00e9rica: fundamentos y desaf\u00edos\", celebrado el pasado 16 de septiembre. El evento, organizado en colaboraci\u00f3n&hellip; <\/p>\n","protected":false},"author":2,"featured_media":6629,"comment_status":"closed","ping_status":"closed","sticky":false,"template":"","format":"standard","meta":{"fifu_image_url":"https:\/\/media.acento.com.do\/media\/storage02\/uploads\/2025\/09\/foto1-728x511.webp","fifu_image_alt":"","footnotes":""},"categories":[10],"tags":[],"class_list":["post-6627","post","type-post","status-publish","format-standard","has-post-thumbnail","hentry","category-marketing-politico"],"_links":{"self":[{"href":"https:\/\/elmundodelapolitica.com\/v1\/wp-json\/wp\/v2\/posts\/6627","targetHints":{"allow":["GET"]}}],"collection":[{"href":"https:\/\/elmundodelapolitica.com\/v1\/wp-json\/wp\/v2\/posts"}],"about":[{"href":"https:\/\/elmundodelapolitica.com\/v1\/wp-json\/wp\/v2\/types\/post"}],"author":[{"embeddable":true,"href":"https:\/\/elmundodelapolitica.com\/v1\/wp-json\/wp\/v2\/users\/2"}],"replies":[{"embeddable":true,"href":"https:\/\/elmundodelapolitica.com\/v1\/wp-json\/wp\/v2\/comments?post=6627"}],"version-history":[{"count":1,"href":"https:\/\/elmundodelapolitica.com\/v1\/wp-json\/wp\/v2\/posts\/6627\/revisions"}],"predecessor-version":[{"id":6628,"href":"https:\/\/elmundodelapolitica.com\/v1\/wp-json\/wp\/v2\/posts\/6627\/revisions\/6628"}],"wp:featuredmedia":[{"embeddable":true,"href":"https:\/\/elmundodelapolitica.com\/v1\/wp-json\/wp\/v2\/media\/6629"}],"wp:attachment":[{"href":"https:\/\/elmundodelapolitica.com\/v1\/wp-json\/wp\/v2\/media?parent=6627"}],"wp:term":[{"taxonomy":"category","embeddable":true,"href":"https:\/\/elmundodelapolitica.com\/v1\/wp-json\/wp\/v2\/categories?post=6627"},{"taxonomy":"post_tag","embeddable":true,"href":"https:\/\/elmundodelapolitica.com\/v1\/wp-json\/wp\/v2\/tags?post=6627"}],"curies":[{"name":"wp","href":"https:\/\/api.w.org\/{rel}","templated":true}]}}