{"id":660,"date":"2022-09-29T01:02:01","date_gmt":"2022-09-29T05:02:01","guid":{"rendered":"https:\/\/elmundodelapolitica.com\/v1\/?p=660"},"modified":"2022-09-29T01:02:01","modified_gmt":"2022-09-29T05:02:01","slug":"la-fundacion-cultural-latin-grammy-empieza-a-recibir-solicitudes-para-el-programa-de-subvenciones-de-investigacion-y-preservacion-2023","status":"publish","type":"post","link":"https:\/\/elmundodelapolitica.com\/v1\/la-fundacion-cultural-latin-grammy-empieza-a-recibir-solicitudes-para-el-programa-de-subvenciones-de-investigacion-y-preservacion-2023\/","title":{"rendered":"LA FUNDACI\u00d3N CULTURAL LATIN GRAMMY\u00ae EMPIEZA A RECIBIR SOLICITUDES PARA EL PROGRAMA DE SUBVENCIONES DE INVESTIGACI\u00d3N Y PRESERVACI\u00d3N 2023"},"content":{"rendered":"<p>Fecha l\u00edmite para solicitar es el 20 de noviembre de 2022, a las 11:59 p.m. ET.<br \/>\nMIAMI&#8211;(BUSINESS WIRE)&#8211;La Fundaci\u00f3n Cultural Latin GRAMMY\u00ae anunci\u00f3 que ha empezado oficialmente a recibir solicitudes para su programa de Subvenciones de Investigaci\u00f3n y Preservaci\u00f3n de M\u00fasica Latina de 2023. El programa otorga anualmente cuatro subvenciones a instituciones musicales, music\u00f3logos, investigadores, entidades sin fines de lucro y personas en todo el mundo que realzan y preservan el patrimonio de la m\u00fasica latina.<\/p>\n<p>La Fundaci\u00f3n Cultural Latin GRAMMY ofrece subvenciones bajo dos categor\u00edas:<\/p>\n<p>Dos (2) Subvenciones de Investigaci\u00f3n por un m\u00e1ximo de $5,000 d\u00f3lares cada una, que financian proyectos centrados en la investigaci\u00f3n hist\u00f3rica, el folclor y la antropolog\u00eda de los g\u00e9neros de la m\u00fasica latina.<\/p>\n<p>Dos (2) Subvenciones de Preservaci\u00f3n por un m\u00e1ximo de $5,000 d\u00f3lares cada una, que apoyan proyectos de archivar y preservar el patrimonio de la m\u00fasica latina.<\/p>\n<p>Un comit\u00e9 de expertos de Latinoam\u00e9rica, la Pen\u00ednsula Ib\u00e9rica y Estados Unidos revisar\u00e1 las solicitudes de los candidatos que re\u00fanen los requisitos. Cuatro solicitantes recibir\u00e1n una subvenci\u00f3n de un m\u00e1ximo de $5,000 d\u00f3lares.<\/p>\n<p>\u201cNuestro programa de Subvenciones de Preservaci\u00f3n e Investigaci\u00f3n de M\u00fasica Latina, continua con orgullo nuestra misi\u00f3n de promover la m\u00fasica latina y sus creadores a nivel internacional, proveyendo acceso a recursos econ\u00f3micos de gran necesidad que ayudan a estudiar y preservar la m\u00fasica Latina,\u201d dijo Manuel Abud, CEO de La Academia Latina de la Grabaci\u00f3n\u00ae. \u201cCada a\u00f1o tenemos el inmenso honor y la responsabilidad de facilitar estas oportunidades, y esperamos con inter\u00e9s todas las nuevas solicitudes.\"<\/p>\n<p>Desde su creaci\u00f3n en el 2015, el programa ha otorgado subvenciones con un valor de m\u00e1s de $155,000 d\u00f3lares para apoyar 32 proyectos en todo el mundo.<\/p>\n<p>El enlace a la solicitud, las reglas y muestras de los proyectos de ganadores pasados se pueden encontrar aqu\u00ed. Los materiales se pueden enviar en ingl\u00e9s, espa\u00f1ol o portugu\u00e9s. Las solicitudes se deben enviar el 20 de noviembre de 2022 a las 11:59 p.m. ET. (hora este de Estados Unidos). Si tiene alguna pregunta, escr\u00edbanos a LGCF@grammy.com o visite www.latingrammyculturalfoundation.org.<\/p>\n<p>ABOUT THE LATIN GRAMMY CULTURAL FOUNDATION:<\/p>\n<p>La Fundaci\u00f3n Cultural Latin GRAMMY\u00ae es una organizaci\u00f3n ben\u00e9fica 501(c)(3) establecida por La Academia Latina de la Grabaci\u00f3n\u00ae en 2014 para incrementar el inter\u00e9s y la apreciaci\u00f3n internacional de los significativos aportes de la m\u00fasica latina y sus creadores a la cultura mundial. La Fundaci\u00f3n ofrece becas universitarias, programas educativos y subvenciones para apoyar la investigaci\u00f3n y preservaci\u00f3n de su rico legado musical, y hasta la fecha ha donado m\u00e1s de $7.6 millones de d\u00f3lares con el apoyo de miembros de La Academia Latina, artistas, patrocinadores corporativos y otros generosos donantes. Para obtener m\u00e1s informaci\u00f3n o hacer una donaci\u00f3n, por favor, visite latingrammyculturalfoundation.org, Amazon Smile o nuestra p\u00e1gina de Facebook . Y s\u00edganos @latingrammyfdn en Twitter e Instagram, y Latin GRAMMY Cultural Foundation en Facebook.<br \/>\n Contacts<br \/>\nCONTACTO PARA LOS MEDIOS:<\/p>\n<p>La Academia Latina de la Grabaci\u00f3nNathalie Alberto<br \/>\nNathalie.Alberto@grammy.com<\/p>\n","protected":false},"excerpt":{"rendered":"<div>\n<p class=\"bwalignc\">\n<b><i>Fecha l\u00edmite para solicitar es el 20 de noviembre de 2022, a las 11:59 p.m. ET.<\/i><\/b>\n<\/p>\n<p>MIAMI&#8211;(BUSINESS WIRE)&#8211;La Fundaci\u00f3n Cultural Latin GRAMMY<sup>\u00ae<\/sup> anunci\u00f3 que ha empezado oficialmente a recibir solicitudes para su <b>programa de Subvenciones de Investigaci\u00f3n y Preservaci\u00f3n de M\u00fasica Latina<\/b> <b>de<\/b> <b>2023<\/b>. El programa otorga anualmente cuatro subvenciones a instituciones musicales, music\u00f3logos, investigadores, entidades sin fines de lucro y personas en todo el mundo que realzan y preservan el patrimonio de la m\u00fasica latina.\n<\/p>\n<p><a href=\"https:\/\/mms.businesswire.com\/media\/20220928005972\/es\/821154\/5\/LARAS_LOGO_PLATINUM_NEG_ENG.jpg\"><img decoding=\"async\" src=\"https:\/\/mms.businesswire.com\/media\/20220928005968\/en\/821154\/21\/LARAS_LOGO_PLATINUM_NEG_ENG.jpg\"><\/a><\/p>\n<p>\nLa Fundaci\u00f3n Cultural Latin GRAMMY ofrece subvenciones bajo dos categor\u00edas:\n<\/p>\n<ul class=\"bwlistdisc\">\n<li>\n<b>Dos (2) Subvenciones de Investigaci\u00f3n por un m\u00e1ximo de $5,000 d\u00f3lares cada una<\/b>, que financian proyectos centrados en la investigaci\u00f3n hist\u00f3rica, el folclor y la antropolog\u00eda de los g\u00e9neros de la m\u00fasica latina.\n<\/li>\n<li>\n<b>Dos (2) Subvenciones de Preservaci\u00f3n por un m\u00e1ximo de $5,000 d\u00f3lares cada una<\/b>,<b> <\/b>que apoyan proyectos de archivar y preservar el patrimonio de la m\u00fasica latina.\n<\/li>\n<\/ul>\n<p>\nUn comit\u00e9 de expertos de Latinoam\u00e9rica, la Pen\u00ednsula Ib\u00e9rica y Estados Unidos revisar\u00e1 las solicitudes de los candidatos que re\u00fanen los requisitos. Cuatro solicitantes recibir\u00e1n una subvenci\u00f3n de un m\u00e1ximo de $5,000 d\u00f3lares.\n<\/p>\n<p>\n\u201cNuestro programa de Subvenciones de Preservaci\u00f3n e Investigaci\u00f3n de M\u00fasica Latina, continua con orgullo nuestra misi\u00f3n de promover la m\u00fasica latina y sus creadores a nivel internacional, proveyendo acceso a recursos econ\u00f3micos de gran necesidad que ayudan a estudiar y preservar la m\u00fasica Latina,\u201d dijo <b>Manuel Abud<\/b>, CEO de La Academia Latina de la Grabaci\u00f3n<sup>\u00ae<\/sup>. \u201cCada a\u00f1o tenemos el inmenso honor y la responsabilidad de facilitar estas oportunidades, y esperamos con inter\u00e9s todas las nuevas solicitudes.\"\n<\/p>\n<p>\nDesde su creaci\u00f3n en el 2015, el programa ha otorgado subvenciones con un valor de m\u00e1s de $155,000 d\u00f3lares para apoyar 32 proyectos en todo el mundo.\n<\/p>\n<p>\nEl enlace a la solicitud, las reglas y muestras de los proyectos de ganadores pasados se pueden encontrar <a target=\"_blank\" href=\"https:\/\/cts.businesswire.com\/ct\/CT?id=smartlink&amp;url=https%3A%2F%2Fwww.latingrammyculturalfoundation.org%2Fes%2Fwhat-we-do%2Flatin-music-research-and-preservation-grants&amp;esheet=52929330&amp;newsitemid=20220928005972&amp;lan=es-AR&amp;anchor=aqu%26iacute%3B.&amp;index=1&amp;md5=fe0fecd145f58363f5244c1622ea836e\" rel=\"nofollow noopener\">aqu\u00ed.<\/a> Los materiales se pueden enviar en ingl\u00e9s, espa\u00f1ol o portugu\u00e9s. Las solicitudes se deben enviar el 20 de noviembre de 2022 a las 11:59 p.m. ET. (hora este de Estados Unidos). Si tiene alguna pregunta, escr\u00edbanos a <a target=\"_blank\" href=\"mailto:LGCF@grammy.com\" rel=\"nofollow noopener\">LGCF@grammy.com<\/a> o visite <a target=\"_blank\" href=\"https:\/\/cts.businesswire.com\/ct\/CT?id=smartlink&amp;url=http%3A%2F%2Fwww.latingrammyculturalfoundation.org&amp;esheet=52929330&amp;newsitemid=20220928005972&amp;lan=es-AR&amp;anchor=www.latingrammyculturalfoundation.org&amp;index=2&amp;md5=7f6fd35323d4b9902c538d39b155778a\" rel=\"nofollow noopener\">www.latingrammyculturalfoundation.org<\/a>.\n<\/p>\n<p>\n<b>ABOUT THE LATIN GRAMMY CULTURAL FOUNDATION:<\/b>\n<\/p>\n<p>\nLa Fundaci\u00f3n Cultural Latin GRAMMY<sup>\u00ae<\/sup> es una organizaci\u00f3n ben\u00e9fica 501(c)(3) establecida por La Academia Latina de la Grabaci\u00f3n<sup>\u00ae<\/sup> en 2014 para incrementar el inter\u00e9s y la apreciaci\u00f3n internacional de los significativos aportes de la m\u00fasica latina y sus creadores a la cultura mundial. La Fundaci\u00f3n ofrece becas universitarias, programas educativos y subvenciones para apoyar la investigaci\u00f3n y preservaci\u00f3n de su rico legado musical, y hasta la fecha ha donado m\u00e1s de $7.6 millones de d\u00f3lares con el apoyo de miembros de La Academia Latina, artistas, patrocinadores corporativos y otros generosos donantes. Para obtener m\u00e1s informaci\u00f3n o hacer una donaci\u00f3n, por favor, visite <a target=\"_blank\" href=\"https:\/\/cts.businesswire.com\/ct\/CT?id=smartlink&amp;url=https%3A%2F%2Fwww.latingrammyculturalfoundation.org%2Fen&amp;esheet=52929330&amp;newsitemid=20220928005972&amp;lan=es-AR&amp;anchor=latingrammyculturalfoundation.org&amp;index=3&amp;md5=746b6e40a5fc3d77005c639ea23d9be6\" rel=\"nofollow noopener\">latingrammyculturalfoundation.org<\/a>, <a target=\"_blank\" href=\"https:\/\/cts.businesswire.com\/ct\/CT?id=smartlink&amp;url=https%3A%2F%2Fsmile.amazon.com%2Fgp%2Fchpf%2Fhomepage%2Fref%3Dsmi_chpf_redirect%3Fie%3DUTF8%26ein%3D46-4770436%26ref_%3Dsmi_ext_ch_46-4770436_cl&amp;esheet=52929330&amp;newsitemid=20220928005972&amp;lan=es-AR&amp;anchor=Amazon+Smile&amp;index=4&amp;md5=e838c63cdae05bd4025ff7e396316589\" rel=\"nofollow noopener\">Amazon Smile<\/a> o nuestra p\u00e1gina de <a target=\"_blank\" href=\"https:\/\/cts.businesswire.com\/ct\/CT?id=smartlink&amp;url=https%3A%2F%2Fwww.facebook.com%2FLatinGRAMMYCulturalFoundation&amp;esheet=52929330&amp;newsitemid=20220928005972&amp;lan=es-AR&amp;anchor=Facebook&amp;index=5&amp;md5=dd4f7778ea5d5d914b5751856c9f68a7\" rel=\"nofollow noopener\">Facebook<\/a> . Y s\u00edganos @latingrammyfdn en <a target=\"_blank\" href=\"https:\/\/cts.businesswire.com\/ct\/CT?id=smartlink&amp;url=https%3A%2F%2Ftwitter.com%2FLatinGRAMMYFdn&amp;esheet=52929330&amp;newsitemid=20220928005972&amp;lan=es-AR&amp;anchor=Twitter&amp;index=6&amp;md5=744782c34b2be604dc2ba7bc4142192b\" rel=\"nofollow noopener\">Twitter<\/a> e <a target=\"_blank\" href=\"https:\/\/cts.businesswire.com\/ct\/CT?id=smartlink&amp;url=https%3A%2F%2Fwww.instagram.com%2Flatingrammyfdn%2F&amp;esheet=52929330&amp;newsitemid=20220928005972&amp;lan=es-AR&amp;anchor=Instagram&amp;index=7&amp;md5=abe3f1f56d359dfeec04e600a02ac201\" rel=\"nofollow noopener\">Instagram<\/a>, y Latin GRAMMY Cultural Foundation en <a target=\"_blank\" href=\"https:\/\/cts.businesswire.com\/ct\/CT?id=smartlink&amp;url=https%3A%2F%2Fwww.facebook.com%2FLatinGRAMMYCulturalFoundation&amp;esheet=52929330&amp;newsitemid=20220928005972&amp;lan=es-AR&amp;anchor=Facebook&amp;index=8&amp;md5=d2a8a3eded4796d75df21ddc46938699\" rel=\"nofollow noopener\">Facebook<\/a>.\n<\/p>\n<p> <b>Contacts<\/b> <\/p>\n<p>\n<b>CONTACTO PARA LOS MEDIOS:<\/b>\n<\/p>\n<p>\n<b>La Academia Latina de la Grabaci\u00f3n<\/b><br \/>Nathalie Alberto<br \/>\n<br \/><a target=\"_blank\" href=\"mailto:Nathalie.Alberto@grammy.com\" rel=\"nofollow noopener\">Nathalie.Alberto@grammy.com<\/a>\n<\/p>\n<\/div>\n","protected":false},"author":2,"featured_media":661,"comment_status":"closed","ping_status":"closed","sticky":false,"template":"","format":"standard","meta":{"fifu_image_url":"","fifu_image_alt":"","footnotes":""},"categories":[44],"tags":[],"class_list":["post-660","post","type-post","status-publish","format-standard","has-post-thumbnail","hentry","category-business-wire"],"_links":{"self":[{"href":"https:\/\/elmundodelapolitica.com\/v1\/wp-json\/wp\/v2\/posts\/660","targetHints":{"allow":["GET"]}}],"collection":[{"href":"https:\/\/elmundodelapolitica.com\/v1\/wp-json\/wp\/v2\/posts"}],"about":[{"href":"https:\/\/elmundodelapolitica.com\/v1\/wp-json\/wp\/v2\/types\/post"}],"author":[{"embeddable":true,"href":"https:\/\/elmundodelapolitica.com\/v1\/wp-json\/wp\/v2\/users\/2"}],"replies":[{"embeddable":true,"href":"https:\/\/elmundodelapolitica.com\/v1\/wp-json\/wp\/v2\/comments?post=660"}],"version-history":[{"count":0,"href":"https:\/\/elmundodelapolitica.com\/v1\/wp-json\/wp\/v2\/posts\/660\/revisions"}],"wp:featuredmedia":[{"embeddable":true,"href":"https:\/\/elmundodelapolitica.com\/v1\/wp-json\/wp\/v2\/media\/661"}],"wp:attachment":[{"href":"https:\/\/elmundodelapolitica.com\/v1\/wp-json\/wp\/v2\/media?parent=660"}],"wp:term":[{"taxonomy":"category","embeddable":true,"href":"https:\/\/elmundodelapolitica.com\/v1\/wp-json\/wp\/v2\/categories?post=660"},{"taxonomy":"post_tag","embeddable":true,"href":"https:\/\/elmundodelapolitica.com\/v1\/wp-json\/wp\/v2\/tags?post=660"}],"curies":[{"name":"wp","href":"https:\/\/api.w.org\/{rel}","templated":true}]}}