{"id":6583,"date":"2025-09-14T11:30:32","date_gmt":"2025-09-14T15:30:32","guid":{"rendered":"https:\/\/elmundodelapolitica.com\/v1\/?p=6583"},"modified":"2025-09-14T11:30:32","modified_gmt":"2025-09-14T15:30:32","slug":"gobierno-entrega-proyectos-de-electrificacion-rural-que-benefician-a-mas-de-210-familias-en-san-jose-de-ocoa-y-san-cristobal","status":"publish","type":"post","link":"https:\/\/elmundodelapolitica.com\/v1\/gobierno-entrega-proyectos-de-electrificacion-rural-que-benefician-a-mas-de-210-familias-en-san-jose-de-ocoa-y-san-cristobal\/","title":{"rendered":"Gobierno entrega proyectos de electrificaci\u00f3n rural que benefician a m\u00e1s de 210 familias en San Jos\u00e9 de Ocoa y San Crist\u00f3bal"},"content":{"rendered":"<div>\n<div>\n<div class=\"pf-content\">\n<div class=\"printfriendly pf-button pf-button-content pf-alignright\">\n                    <a href=\"https:\/\/mem.gob.do\/gobierno-entrega-proyectos-de-electrificacion-rural-que-benefician-a-mas-de-210-familias-en-san-jose-de-ocoa-y-san-cristobal\/?pfstyle=wp\" rel=\"nofollow\" onclick=\"\" title=\"Printer Friendly, PDF &amp; Email\"><br \/>\n                    <img decoding=\"async\" class=\"pf-button-img\" src=\"https:\/\/cdn.printfriendly.com\/buttons\/printfriendly-pdf-email-button-notext.png\" alt=\"Print Friendly, PDF &amp; Email\" style=\"width: 110px;height: 30px;\"><br \/>\n                    <\/a>\n                <\/div>\n<p><em>El ministro Joel Santos asegur\u00f3 que estas obras, que superan los RD$25 millones, representan progreso, dignidad y esperanza<\/em><\/p>\n<p><span id=\"more-12135\"><\/span><\/p>\n<p><em>El ministro Joel Santos asegur\u00f3 que estas obras, que superan los RD$25 millones, representan progreso, dignidad y esperanza<\/em><\/p>\n<div class=\"wp-block-post-date\"><time datetime=\"2025-09-14T18:55:48+04:00\">14 septiembre, 2025<\/time><\/div>\n<div class=\"wp-block-media-text is-stacked-on-mobile\" style=\"grid-template-columns:36% auto\">\n<figure class=\"wp-block-media-text__media\"><img data-attachment-id=\"12137\" data-permalink=\"https:\/\/www.elmundodelosnegocios.com.do\/v1\/facilita-solucion-compra-billetes-transporte-publico-a-traves-whatsapp\/facilita-solucion-compra-billetes-transporte-publico-a-traves-whatsapp\/\" data-orig-file=\"https:\/\/i0.wp.com\/elmundodelosnegocios.com.do\/v1\/wp-content\/uploads\/2021\/11\/g6b223bb6fb480b457f472d33f8641c664eac6168406c8091e06ac6e885c46853a640e0ea99937482596f068af0ff17cd_640.jpg?fit=640%2C426&amp;ssl=1\" data-orig-size=\"640,426\" data-comments-opened=\"0\" data-image-meta='{\"aperture\":\"11\",\"credit\":\"\",\"camera\":\"NIKON D5600\",\"caption\":\"\",\"created_timestamp\":\"0\",\"copyright\":\"\",\"focal_length\":\"60\",\"iso\":\"200\",\"shutter_speed\":\"0.002\",\"title\":\"\",\"orientation\":\"0\"}' data-image-title=\"Facilita Soluci\u00f3n compra billetes transporte p\u00fablico a trav\u00e9s WhatsApp\" data-image-description=\"\" data-image-caption=\"\" data-medium-file=\"https:\/\/i0.wp.com\/elmundodelosnegocios.com.do\/v1\/wp-content\/uploads\/2021\/11\/g6b223bb6fb480b457f472d33f8641c664eac6168406c8091e06ac6e885c46853a640e0ea99937482596f068af0ff17cd_640.jpg?fit=300%2C200&amp;ssl=1\" data-large-file=\"https:\/\/i0.wp.com\/elmundodelosnegocios.com.do\/v1\/wp-content\/uploads\/2021\/11\/g6b223bb6fb480b457f472d33f8641c664eac6168406c8091e06ac6e885c46853a640e0ea99937482596f068af0ff17cd_640.jpg?fit=640%2C426&amp;ssl=1\" fetchpriority=\"high\" decoding=\"async\" width=\"1024\" height=\"684\" src=\"https:\/\/mem.gob.do\/wp-content\/uploads\/2025\/09\/WhatsApp-Image-2025-09-14-at-9.00.57-AM-1-1024x684.jpeg\" alt=\"\" class=\"wp-image-12137 size-full\" srcset=\"https:\/\/mem.gob.do\/wp-content\/uploads\/2025\/09\/WhatsApp-Image-2025-09-14-at-9.00.57-AM-1-1024x684.jpeg 1024w, https:\/\/mem.gob.do\/wp-content\/uploads\/2025\/09\/WhatsApp-Image-2025-09-14-at-9.00.57-AM-1-300x200.jpeg 300w, https:\/\/mem.gob.do\/wp-content\/uploads\/2025\/09\/WhatsApp-Image-2025-09-14-at-9.00.57-AM-1-768x513.jpeg 768w, https:\/\/mem.gob.do\/wp-content\/uploads\/2025\/09\/WhatsApp-Image-2025-09-14-at-9.00.57-AM-1-1536x1026.jpeg 1536w, https:\/\/mem.gob.do\/wp-content\/uploads\/2025\/09\/WhatsApp-Image-2025-09-14-at-9.00.57-AM-1-2048x1368.jpeg 2048w\" sizes=\"(max-width: 1024px) 100vw, 1024px\"><\/figure>\n<div class=\"wp-block-media-text__content\">\n<p><strong>SAN JOS\u00c9 DE OCOA.<\/strong> \u2013 El ministro de Energ\u00eda y Minas, Joel Santos, encabez\u00f3 la entrega de proyectos de electrificaci\u00f3n rural que beneficiar\u00e1n a 213 hogares de comunidades de San Jos\u00e9 de Ocoa y San Crist\u00f3bal, impactando a cerca de 430 personas con una inversi\u00f3n superior a RD$25 millones.<\/p>\n<\/div>\n<\/div>\n<p>Estas iniciativas forman parte del programa \u201cLlevando Luz\u201d, ejecutado por la Direcci\u00f3n de Electrificaci\u00f3n Rural y Suburbana (DERS) del Viceministerio de Energ\u00eda, dentro del plan nacional de electrificaci\u00f3n que impulsa el Gobierno para llevar electricidad a las comunidades m\u00e1s remotas del pa\u00eds.<\/p>\n<p>Durante el acto realizado en la comunidad Arroyo Manteca, municipio Rancho Arriba, el ministro Santos destac\u00f3 el valor social de estas obras. \u201cSignifican progreso, dignidad y esperanza. Permiten que un ni\u00f1o estudie de noche, que un agricultor conserve sus productos, que una madre use sus electrodom\u00e9sticos y que un peque\u00f1o negocio crezca\u201d, afirm\u00f3.<\/p>\n<p>Agreg\u00f3 que \u201cla electricidad no es solo luz; es una herramienta de transformaci\u00f3n social, progreso y dignidad\u201d.<\/p>\n<p><strong>Inversi\u00f3n por comunidades<\/strong><\/p>\n<p>En Arroyo Manteca se rehabilitaron y extendieron redes con una inversi\u00f3n superior a RD$7.2 millones, beneficiando a 43 hogares y cerca de 130 comunitarios, con la instalaci\u00f3n de 65 postes, 3,242 metros de l\u00edneas, 43 acometidas, 22 luminarias LED y una capacidad instalada de 67.5 KVA.<\/p>\n<p>En la comunidad El Canal, la inversi\u00f3n super\u00f3 los RD$4.3 millones, beneficiando a 45 hogares y 145 comunitarios. Los trabajos incluyeron 45 postes, m\u00e1s de 1,700 metros de l\u00edneas, 21 acometidas y una capacidad de 177.5 KVA.<\/p>\n<p>En Callej\u00f3n Lolen, provincia San Crist\u00f3bal, se beneficiaron 20 hogares con 60 comunitarios, gracias a una inversi\u00f3n de m\u00e1s de RD$1 mill\u00f3n, que permiti\u00f3 instalar 8 postes, 320 metros de l\u00edneas, 19 acometidas, 2 luminarias LED y una capacidad de 37.5 KVA.<\/p>\n<p><strong>Energ\u00eda limpia con el Proyecto Techo Solar e inversiones futuras<\/strong><\/p>\n<div class=\"wp-block-media-text is-stacked-on-mobile\" style=\"grid-template-columns:35% auto\">\n<figure class=\"wp-block-media-text__media\"><img loading=\"lazy\" decoding=\"async\" width=\"1024\" height=\"684\" src=\"https:\/\/mem.gob.do\/wp-content\/uploads\/2025\/09\/WhatsApp-Image-2025-09-14-at-9.00.57-AM-2-1024x684.jpeg\" alt=\"Techo Solar\" class=\"wp-image-12139 size-full\" srcset=\"https:\/\/mem.gob.do\/wp-content\/uploads\/2025\/09\/WhatsApp-Image-2025-09-14-at-9.00.57-AM-2-1024x684.jpeg 1024w, https:\/\/mem.gob.do\/wp-content\/uploads\/2025\/09\/WhatsApp-Image-2025-09-14-at-9.00.57-AM-2-300x200.jpeg 300w, https:\/\/mem.gob.do\/wp-content\/uploads\/2025\/09\/WhatsApp-Image-2025-09-14-at-9.00.57-AM-2-768x513.jpeg 768w, https:\/\/mem.gob.do\/wp-content\/uploads\/2025\/09\/WhatsApp-Image-2025-09-14-at-9.00.57-AM-2-1536x1026.jpeg 1536w, https:\/\/mem.gob.do\/wp-content\/uploads\/2025\/09\/WhatsApp-Image-2025-09-14-at-9.00.57-AM-2-2048x1368.jpeg 2048w\" sizes=\"auto, (max-width: 1024px) 100vw, 1024px\"><\/figure>\n<div class=\"wp-block-media-text__content\">\n<p>El Ministerio tambi\u00e9n ejecut\u00f3 el Proyecto Techo Solar, que dot\u00f3 de paneles solares a 105 viviendas en comunidades agr\u00edcolas de Ocoa y San Crist\u00f3bal, con una inversi\u00f3n superior a RD$12 millones. Esta iniciativa llev\u00f3 energ\u00eda limpia y sostenible a zonas remotas, beneficiando la producci\u00f3n local.<\/p>\n<\/div>\n<\/div>\n<p>Adem\u00e1s, el ministro Santos anunci\u00f3 nuevos proyectos de electrificaci\u00f3n en El Caliche, Derrumbado y Bejucal, con una inversi\u00f3n estimada de RD$30 millones, reafirmando el compromiso del Gobierno de llevar desarrollo a todos los rincones del pa\u00eds.<\/p>\n<p><strong>Reacciones de autoridades y comunitarios<\/strong><\/p>\n<p>Santos agradeci\u00f3 a los t\u00e9cnicos de la DERS por su labor y resalt\u00f3 que la electricidad es un incentivo para que las familias sigan apostando al futuro.<\/p>\n<div class=\"wp-block-media-text is-stacked-on-mobile\" style=\"grid-template-columns:36% auto\">\n<figure class=\"wp-block-media-text__media\"><img loading=\"lazy\" decoding=\"async\" width=\"1024\" height=\"684\" src=\"https:\/\/mem.gob.do\/wp-content\/uploads\/2025\/09\/WhatsApp-Image-2025-09-14-at-9.00.58-AM-1-1024x684.jpeg\" alt=\"\" class=\"wp-image-12140 size-full\" srcset=\"https:\/\/mem.gob.do\/wp-content\/uploads\/2025\/09\/WhatsApp-Image-2025-09-14-at-9.00.58-AM-1-1024x684.jpeg 1024w, https:\/\/mem.gob.do\/wp-content\/uploads\/2025\/09\/WhatsApp-Image-2025-09-14-at-9.00.58-AM-1-300x200.jpeg 300w, https:\/\/mem.gob.do\/wp-content\/uploads\/2025\/09\/WhatsApp-Image-2025-09-14-at-9.00.58-AM-1-768x513.jpeg 768w, https:\/\/mem.gob.do\/wp-content\/uploads\/2025\/09\/WhatsApp-Image-2025-09-14-at-9.00.58-AM-1-1536x1025.jpeg 1536w, https:\/\/mem.gob.do\/wp-content\/uploads\/2025\/09\/WhatsApp-Image-2025-09-14-at-9.00.58-AM-1-2048x1367.jpeg 2048w\" sizes=\"auto, (max-width: 1024px) 100vw, 1024px\"><\/figure>\n<div class=\"wp-block-media-text__content\">\n<p>Autoridades locales y comunitarios, entre ellos el alcalde de Rancho Arriba, expresaron su gratitud al presidente Luis Abinader y al Ministerio de Energ\u00eda y Minas por cumplir con las promesas de electrificaci\u00f3n, destacando la transformaci\u00f3n y alegr\u00eda que estas obras llevan al campo.<\/p>\n<\/div>\n<\/div>\n<p>La jornada concluy\u00f3 con la juramentaci\u00f3n de una comisi\u00f3n comunitaria encargada de velar por el buen uso de las infraestructuras, en presencia de diversas autoridades provinciales y legislativas.<\/p>\n<\/div>\n<p>The post <a href=\"https:\/\/mem.gob.do\/gobierno-entrega-proyectos-de-electrificacion-rural-que-benefician-a-mas-de-210-familias-en-san-jose-de-ocoa-y-san-cristobal\/\">Gobierno entrega proyectos de electrificaci\u00f3n rural que benefician a m\u00e1s de 210 familias en San Jos\u00e9 de Ocoa y San Crist\u00f3bal<\/a> first appeared on <a href=\"https:\/\/mem.gob.do\/\">Ministerio de Energ\u00eda y Minas<\/a>.<\/p>\n<\/div>\n<\/div>\n","protected":false},"excerpt":{"rendered":"<p>El ministro Joel Santos asegur\u00f3 que estas obras, que superan los RD$25 millones, representan progreso, dignidad y esperanza El ministro Joel Santos asegur\u00f3 que estas obras, que superan los RD$25&hellip; <\/p>\n","protected":false},"author":2,"featured_media":6584,"comment_status":"closed","ping_status":"closed","sticky":false,"template":"","format":"standard","meta":{"fifu_image_url":"https:\/\/cdn.printfriendly.com\/buttons\/printfriendly-pdf-email-button-notext.png","fifu_image_alt":"Gobierno entrega proyectos de electrificaci\u00f3n rural que benefician a m\u00e1s de 210 familias en San Jos\u00e9 de Ocoa y San Crist\u00f3bal","footnotes":""},"categories":[29],"tags":[],"class_list":["post-6583","post","type-post","status-publish","format-standard","has-post-thumbnail","hentry","category-energia"],"_links":{"self":[{"href":"https:\/\/elmundodelapolitica.com\/v1\/wp-json\/wp\/v2\/posts\/6583","targetHints":{"allow":["GET"]}}],"collection":[{"href":"https:\/\/elmundodelapolitica.com\/v1\/wp-json\/wp\/v2\/posts"}],"about":[{"href":"https:\/\/elmundodelapolitica.com\/v1\/wp-json\/wp\/v2\/types\/post"}],"author":[{"embeddable":true,"href":"https:\/\/elmundodelapolitica.com\/v1\/wp-json\/wp\/v2\/users\/2"}],"replies":[{"embeddable":true,"href":"https:\/\/elmundodelapolitica.com\/v1\/wp-json\/wp\/v2\/comments?post=6583"}],"version-history":[{"count":0,"href":"https:\/\/elmundodelapolitica.com\/v1\/wp-json\/wp\/v2\/posts\/6583\/revisions"}],"wp:featuredmedia":[{"embeddable":true,"href":"https:\/\/elmundodelapolitica.com\/v1\/wp-json\/wp\/v2\/media\/6584"}],"wp:attachment":[{"href":"https:\/\/elmundodelapolitica.com\/v1\/wp-json\/wp\/v2\/media?parent=6583"}],"wp:term":[{"taxonomy":"category","embeddable":true,"href":"https:\/\/elmundodelapolitica.com\/v1\/wp-json\/wp\/v2\/categories?post=6583"},{"taxonomy":"post_tag","embeddable":true,"href":"https:\/\/elmundodelapolitica.com\/v1\/wp-json\/wp\/v2\/tags?post=6583"}],"curies":[{"name":"wp","href":"https:\/\/api.w.org\/{rel}","templated":true}]}}