{"id":6582,"date":"2025-09-12T15:30:34","date_gmt":"2025-09-12T19:30:34","guid":{"rendered":"https:\/\/elmundodelapolitica.com\/v1\/?p=6582"},"modified":"2025-09-12T15:30:34","modified_gmt":"2025-09-12T19:30:34","slug":"gobierno-asigna-subsidio-de-rd294-7-millones-para-mantener-sin-variacion-precios-de-combustibles-esenciales","status":"publish","type":"post","link":"https:\/\/elmundodelapolitica.com\/v1\/gobierno-asigna-subsidio-de-rd294-7-millones-para-mantener-sin-variacion-precios-de-combustibles-esenciales\/","title":{"rendered":"Gobierno asigna subsidio de  RD$294.7 millones  para mantener sin variaci\u00f3n precios de combustibles esenciales"},"content":{"rendered":"<div>\n<div>\n<p><strong>Santo Domingo, D. N.-<\/strong> El viceministro de Comercio Interno del Ministerio de Industria, Comercio y Mipymes (MICM), Ram\u00f3n P\u00e9rez Ferm\u00edn, inform\u00f3 que, durante la semana del 13 al 19 de septiembre de 2025, los precios de los combustibles esenciales se mantendr\u00e1n sin variaci\u00f3n debido a la asignaci\u00f3n del Gobierno de subsidio ascendente a RD$294.7 millones.<\/p>\n<p>P\u00e9rez Ferm\u00edn anunci\u00f3 que ser\u00e1n subsidiados el gas licuado de petr\u00f3leo (GLP) en RD$12.78 por gal\u00f3n; el gasoil Regular en RD$18.30; el gasoil \u00d3ptimo en RD$15.12; la gasolina Regular en RD$10.60, y la gasolina Premium en RD$2.96.<\/p>\n<p><strong>Precios de los combustibles<\/strong><\/p>\n<p>Para la semana del 13 al 19 de septiembre de 2025, los combustibles se comercializar\u00e1n a los precios siguientes:<\/p>\n<ul>\n<li>Gasolina Premium se vender\u00e1 a RD$290.10 por gal\u00f3n; mantiene su precio.<\/li>\n<li>Gasolina Regular, RD$272.50 por gal\u00f3n; mantiene su precio.<\/li>\n<li>Gasoil Regular, RD$224.80 por gal\u00f3n; mantiene su precio.<\/li>\n<li>Gasoil \u00d3ptimo, RD$242.10 por gal\u00f3n; mantiene su precio.<\/li>\n<li>Avtur, RD$198.80 por gal\u00f3n; sube RD$2.63.<\/li>\n<li>Kerosene, RD$229.80 por gal\u00f3n; sube RD$2.10.<\/li>\n<li>Fueloil #6, RD$156.54 por gal\u00f3n; sube RD$0.18.<\/li>\n<li>Fueloil 1%S, RD$172.79 por gal\u00f3n; sube RD$0.11.<\/li>\n<li>Gas licuado de petr\u00f3leo (GLP), RD$137.20 por gal\u00f3n; mantiene su precio.<\/li>\n<li>Gas natural, RD$43.97 por m3 ; mantiene su precio.<\/li>\n<\/ul>\n<p>La tasa de cambio promedio semanal es de RD$63.98, de las publicaciones diarias del Banco Central.<\/p>\n<p><strong>Fuente:<\/strong> Direcci\u00f3n de Comunicaciones<\/p>\n<p>The post <a href=\"https:\/\/micm.gob.do\/gobierno-asigna-subsidio-de-rd294-7-millones-para-mantener-sin-variacion-precios-de-combustibles-esenciales\/\">Gobierno asigna subsidio de  RD$294.7 millones  para mantener sin variaci\u00f3n precios de combustibles esenciales<\/a> appeared first on <a href=\"https:\/\/micm.gob.do\/\">MICM<\/a>.<\/p>\n<\/div>\n<\/div>\n","protected":false},"excerpt":{"rendered":"<p>Santo Domingo, D. N.- El viceministro de Comercio Interno del Ministerio de Industria, Comercio y Mipymes (MICM), Ram\u00f3n P\u00e9rez Ferm\u00edn, inform\u00f3 que, durante la semana del 13 al 19 de&hellip; <\/p>\n","protected":false},"author":2,"featured_media":0,"comment_status":"closed","ping_status":"closed","sticky":false,"template":"","format":"standard","meta":{"fifu_image_url":"","fifu_image_alt":"","footnotes":""},"categories":[38],"tags":[],"class_list":["post-6582","post","type-post","status-publish","format-standard","hentry","category-comercio"],"_links":{"self":[{"href":"https:\/\/elmundodelapolitica.com\/v1\/wp-json\/wp\/v2\/posts\/6582","targetHints":{"allow":["GET"]}}],"collection":[{"href":"https:\/\/elmundodelapolitica.com\/v1\/wp-json\/wp\/v2\/posts"}],"about":[{"href":"https:\/\/elmundodelapolitica.com\/v1\/wp-json\/wp\/v2\/types\/post"}],"author":[{"embeddable":true,"href":"https:\/\/elmundodelapolitica.com\/v1\/wp-json\/wp\/v2\/users\/2"}],"replies":[{"embeddable":true,"href":"https:\/\/elmundodelapolitica.com\/v1\/wp-json\/wp\/v2\/comments?post=6582"}],"version-history":[{"count":0,"href":"https:\/\/elmundodelapolitica.com\/v1\/wp-json\/wp\/v2\/posts\/6582\/revisions"}],"wp:attachment":[{"href":"https:\/\/elmundodelapolitica.com\/v1\/wp-json\/wp\/v2\/media?parent=6582"}],"wp:term":[{"taxonomy":"category","embeddable":true,"href":"https:\/\/elmundodelapolitica.com\/v1\/wp-json\/wp\/v2\/categories?post=6582"},{"taxonomy":"post_tag","embeddable":true,"href":"https:\/\/elmundodelapolitica.com\/v1\/wp-json\/wp\/v2\/tags?post=6582"}],"curies":[{"name":"wp","href":"https:\/\/api.w.org\/{rel}","templated":true}]}}