{"id":6579,"date":"2025-09-12T15:51:45","date_gmt":"2025-09-12T19:51:45","guid":{"rendered":"https:\/\/elmundodelapolitica.com\/v1\/?p=6579"},"modified":"2025-09-12T15:51:47","modified_gmt":"2025-09-12T19:51:47","slug":"juramentan-exsenador-rosario-consul-dominicano-en-orlando","status":"publish","type":"post","link":"https:\/\/elmundodelapolitica.com\/v1\/juramentan-exsenador-rosario-consul-dominicano-en-orlando\/","title":{"rendered":"Juramentan exsenador Rosario c\u00f3nsul dominicano en Orlando"},"content":{"rendered":"\n<p><strong>Orlando, Florida. &#8211;&nbsp;<\/strong>El exsenador del municipio San Crist\u00f3bal y dirigente nacional del Partido Revolucionario Moderno (PRM), Domingo Antonio Rosario Pimentel, asumi\u00f3 oficialmente su cargo como el nuevo c\u00f3nsul general de Rep\u00fablica Dominicana en Orlando, Florida, otorgado por el presidente Luis Abinader mediante el Decreto 330-25.<\/p>\n\n\n\n<p>Rosario Pimentel fue juramentado por el c\u00f3nsul saliente, Francisco (Holi) Matos, quien a partir de ahora asumir\u00e1 la funci\u00f3n de embajador en el servicio interno del Ministerio de Relaciones Exteriores (Mirex). &nbsp;<\/p>\n\n\n\n<p>Durante el acto el nuevo c\u00f3nsul agradeci\u00f3 al presidente Abinader por la designaci\u00f3n, reconoci\u00f3 y resalt\u00f3 el trabajo realizado por Holi Matos frente a la misi\u00f3n y se comprometi\u00f3 a dar continuidad al mismo, en beneficio de la di\u00e1spora dominicana en esa jurisdicci\u00f3n.<\/p>\n\n\n\n<p>\u00a8Creo en la continuidad y en la institucionalidad. Los dominicanos en Orlando pueden tener la seguridad de que cuentan con un funcionario dedicado a su causa\u00a8, expres\u00f3 Rosario Pimentel.<\/p>\n\n\n\n<p>El tambi\u00e9n exdiputado oriundo de San Crist\u00f3bal enfatiz\u00f3 su compromiso con la transparencia y el servicio permanente a la comunidad dominicana, adem\u00e1s de seguir fortaleciendo los lazos bilaterales y defendiendo los intereses de la patria.<\/p>\n\n\n\n<figure class=\"wp-block-image size-full\"><img loading=\"lazy\" decoding=\"async\" width=\"677\" height=\"903\" src=\"https:\/\/elmundodelapolitica.com\/v1\/wp-content\/uploads\/2025\/09\/0.jpg\" alt=\"\" class=\"wp-image-6580\" srcset=\"https:\/\/elmundodelapolitica.com\/v1\/wp-content\/uploads\/2025\/09\/0.jpg 677w, https:\/\/elmundodelapolitica.com\/v1\/wp-content\/uploads\/2025\/09\/0-225x300.jpg 225w\" sizes=\"auto, (max-width: 677px) 100vw, 677px\" \/><\/figure>\n","protected":false},"excerpt":{"rendered":"<p>Orlando, Florida. &#8211;&nbsp;El exsenador del municipio San Crist\u00f3bal y dirigente nacional del Partido Revolucionario Moderno (PRM), Domingo Antonio Rosario Pimentel, asumi\u00f3 oficialmente su cargo como el nuevo c\u00f3nsul general de&hellip; <\/p>\n","protected":false},"author":2,"featured_media":6580,"comment_status":"closed","ping_status":"closed","sticky":false,"template":"","format":"standard","meta":{"fifu_image_url":"","fifu_image_alt":"","footnotes":""},"categories":[7],"tags":[],"class_list":["post-6579","post","type-post","status-publish","format-standard","has-post-thumbnail","hentry","category-politica-exterior"],"_links":{"self":[{"href":"https:\/\/elmundodelapolitica.com\/v1\/wp-json\/wp\/v2\/posts\/6579","targetHints":{"allow":["GET"]}}],"collection":[{"href":"https:\/\/elmundodelapolitica.com\/v1\/wp-json\/wp\/v2\/posts"}],"about":[{"href":"https:\/\/elmundodelapolitica.com\/v1\/wp-json\/wp\/v2\/types\/post"}],"author":[{"embeddable":true,"href":"https:\/\/elmundodelapolitica.com\/v1\/wp-json\/wp\/v2\/users\/2"}],"replies":[{"embeddable":true,"href":"https:\/\/elmundodelapolitica.com\/v1\/wp-json\/wp\/v2\/comments?post=6579"}],"version-history":[{"count":1,"href":"https:\/\/elmundodelapolitica.com\/v1\/wp-json\/wp\/v2\/posts\/6579\/revisions"}],"predecessor-version":[{"id":6581,"href":"https:\/\/elmundodelapolitica.com\/v1\/wp-json\/wp\/v2\/posts\/6579\/revisions\/6581"}],"wp:featuredmedia":[{"embeddable":true,"href":"https:\/\/elmundodelapolitica.com\/v1\/wp-json\/wp\/v2\/media\/6580"}],"wp:attachment":[{"href":"https:\/\/elmundodelapolitica.com\/v1\/wp-json\/wp\/v2\/media?parent=6579"}],"wp:term":[{"taxonomy":"category","embeddable":true,"href":"https:\/\/elmundodelapolitica.com\/v1\/wp-json\/wp\/v2\/categories?post=6579"},{"taxonomy":"post_tag","embeddable":true,"href":"https:\/\/elmundodelapolitica.com\/v1\/wp-json\/wp\/v2\/tags?post=6579"}],"curies":[{"name":"wp","href":"https:\/\/api.w.org\/{rel}","templated":true}]}}