{"id":656,"date":"2022-09-29T01:02:00","date_gmt":"2022-09-29T05:02:00","guid":{"rendered":"https:\/\/elmundodelapolitica.com\/v1\/?p=656"},"modified":"2022-09-29T01:02:00","modified_gmt":"2022-09-29T05:02:00","slug":"resumen-que-te-paguen-por-viajar-deel-ofrece-el-trabajo-sonado-en-el-extranjero-a-un-nomada-experto-en-redes-sociales","status":"publish","type":"post","link":"https:\/\/elmundodelapolitica.com\/v1\/resumen-que-te-paguen-por-viajar-deel-ofrece-el-trabajo-sonado-en-el-extranjero-a-un-nomada-experto-en-redes-sociales\/","title":{"rendered":"Resumen: \u00bf\u00a1Que te paguen por viajar!? Deel ofrece el trabajo so\u00f1ado en el extranjero a un \"n\u00f3mada experto en redes sociales\""},"content":{"rendered":"<p>Se trata de un puesto remunerado de creador de contenidos para mostrar las posibilidades que se presentan con un trabajo flexible y a distancia<\/p>\n<p>Deel, la soluci\u00f3n de m\u00e1s r\u00e1pido crecimiento para los RR. HH. globales, est\u00e1 contratando a un experto en redes sociales para viajar y captar contenidos en Australia y Nueva Zelanda.<\/p>\n<p>El n\u00f3mada viajar\u00e1 en una furgoneta totalmente equipada documentando toda la experiencia durante seis meses.<\/p>\n<p>Deel cubrir\u00e1 los gastos de comida, alojamiento (furgoneta amueblada), wifi, viajes, gasolina y aparcamiento. La empresa tambi\u00e9n reembolsar\u00e1 los gastos relacionados con el trabajo, necesarios para capturar el contenido, y ofrecer\u00e1 la posibilidad de participar en el programa de recompensa total de Deel, con beneficios de bienestar y desarrollo.<\/p>\n<p>El candidato tambi\u00e9n cobrar\u00e1 3400 d\u00f3lares mensuales para explorar la regi\u00f3n con estilo.<\/p>\n<p>La convocatoria de solicitudes se cierra el 11 de octubre de 2022.<\/p>\n<p>SAN FRANCISCO&#8211;(BUSINESS WIRE)&#8211;Deel, la soluci\u00f3n global l\u00edder para contratar, pagar y gestionar equipos globales, est\u00e1 aceptando solicitudes para trabajar como n\u00f3mada especialista en redes sociales.<\/p>\n<p>El comunicado en el idioma original es la versi\u00f3n oficial y autorizada del mismo. Esta traducci\u00f3n es solamente un medio de ayuda y deber\u00e1 ser comparada con el texto en idioma original, que es la \u00fanica versi\u00f3n del texto que tendr\u00e1 validez legal.<br \/>\n Contacts<br \/>\nraman@deel.com415.654.2709<\/p>\n","protected":false},"excerpt":{"rendered":"<div>\n<p class=\"bwalignc\">\n<i>Se trata de un puesto remunerado de creador de contenidos para mostrar las posibilidades que se presentan con un trabajo flexible y a distancia<\/i>\n<\/p>\n<ul class=\"bwlistdisc\">\n<li>\nDeel, la soluci\u00f3n de m\u00e1s r\u00e1pido crecimiento para los RR. HH. globales, est\u00e1 contratando a un experto en redes sociales para viajar y captar contenidos en Australia y Nueva Zelanda.\n<\/li>\n<li>\nEl n\u00f3mada viajar\u00e1 en una furgoneta totalmente equipada documentando toda la experiencia durante seis meses.\n<\/li>\n<li>\nDeel cubrir\u00e1 los gastos de comida, alojamiento (furgoneta amueblada), wifi, viajes, gasolina y aparcamiento. La empresa tambi\u00e9n reembolsar\u00e1 los gastos relacionados con el trabajo, necesarios para capturar el contenido, y ofrecer\u00e1 la posibilidad de participar en el programa de recompensa total de Deel, con beneficios de bienestar y desarrollo.\n<\/li>\n<li>\nEl candidato tambi\u00e9n cobrar\u00e1 3400 d\u00f3lares mensuales para explorar la regi\u00f3n con estilo.\n<\/li>\n<li>\nLa convocatoria de solicitudes se cierra el 11 de octubre de 2022.\n<\/li>\n<\/ul>\n<p>SAN FRANCISCO&#8211;(BUSINESS WIRE)&#8211;Deel, la soluci\u00f3n global l\u00edder para contratar, pagar y gestionar equipos globales, est\u00e1 aceptando solicitudes para trabajar como n\u00f3mada especialista en redes sociales.\n<\/p>\n<p><a href=\"https:\/\/mms.businesswire.com\/media\/20220927005518\/es\/1583613\/5\/image002.jpg\"><img decoding=\"async\" src=\"https:\/\/mms.businesswire.com\/media\/20220927005518\/es\/1583613\/21\/image002.jpg\"><\/a><br \/><a href=\"https:\/\/mms.businesswire.com\/media\/20220927005518\/es\/1583607\/5\/Deel-Wordmark-on_White_%281%29.jpg\"><img decoding=\"async\" src=\"https:\/\/mms.businesswire.com\/media\/20220927005515\/en\/1583607\/21\/Deel-Wordmark-on_White_%281%29.jpg\"><\/a><\/p>\n<p>\nEl comunicado en el idioma original es la versi\u00f3n oficial y autorizada del mismo. Esta traducci\u00f3n es solamente un medio de ayuda y deber\u00e1 ser comparada con el texto en idioma original, que es la \u00fanica versi\u00f3n del texto que tendr\u00e1 validez legal.\n<\/p>\n<p> <b>Contacts<\/b> <\/p>\n<p>\n<a target=\"_blank\" href=\"mailto:raman@deel.com\" rel=\"nofollow noopener\">raman@deel.com<\/a><br \/>415.654.2709\n<\/p>\n<\/div>\n","protected":false},"author":2,"featured_media":657,"comment_status":"closed","ping_status":"closed","sticky":false,"template":"","format":"standard","meta":{"fifu_image_url":"","fifu_image_alt":"","footnotes":""},"categories":[44],"tags":[],"class_list":["post-656","post","type-post","status-publish","format-standard","has-post-thumbnail","hentry","category-business-wire"],"_links":{"self":[{"href":"https:\/\/elmundodelapolitica.com\/v1\/wp-json\/wp\/v2\/posts\/656","targetHints":{"allow":["GET"]}}],"collection":[{"href":"https:\/\/elmundodelapolitica.com\/v1\/wp-json\/wp\/v2\/posts"}],"about":[{"href":"https:\/\/elmundodelapolitica.com\/v1\/wp-json\/wp\/v2\/types\/post"}],"author":[{"embeddable":true,"href":"https:\/\/elmundodelapolitica.com\/v1\/wp-json\/wp\/v2\/users\/2"}],"replies":[{"embeddable":true,"href":"https:\/\/elmundodelapolitica.com\/v1\/wp-json\/wp\/v2\/comments?post=656"}],"version-history":[{"count":0,"href":"https:\/\/elmundodelapolitica.com\/v1\/wp-json\/wp\/v2\/posts\/656\/revisions"}],"wp:featuredmedia":[{"embeddable":true,"href":"https:\/\/elmundodelapolitica.com\/v1\/wp-json\/wp\/v2\/media\/657"}],"wp:attachment":[{"href":"https:\/\/elmundodelapolitica.com\/v1\/wp-json\/wp\/v2\/media?parent=656"}],"wp:term":[{"taxonomy":"category","embeddable":true,"href":"https:\/\/elmundodelapolitica.com\/v1\/wp-json\/wp\/v2\/categories?post=656"},{"taxonomy":"post_tag","embeddable":true,"href":"https:\/\/elmundodelapolitica.com\/v1\/wp-json\/wp\/v2\/tags?post=656"}],"curies":[{"name":"wp","href":"https:\/\/api.w.org\/{rel}","templated":true}]}}