{"id":6540,"date":"2025-09-12T11:31:49","date_gmt":"2025-09-12T15:31:49","guid":{"rendered":"https:\/\/elmundodelapolitica.com\/v1\/?p=6540"},"modified":"2025-09-12T11:31:49","modified_gmt":"2025-09-12T15:31:49","slug":"anuncian-integracion-centroamerica-panama-y-dominicana-a-ey-latinoamerica","status":"publish","type":"post","link":"https:\/\/elmundodelapolitica.com\/v1\/anuncian-integracion-centroamerica-panama-y-dominicana-a-ey-latinoamerica\/","title":{"rendered":"Anuncian integraci\u00f3n Centroam\u00e9rica, Panam\u00e1 y Dominicana a EY Latinoam\u00e9rica"},"content":{"rendered":"<div>\n<p><b>Santo Domingo, agosto de 2025.- <\/b><span style=\"font-weight: 400;\">La operaci\u00f3n de EY Centroam\u00e9rica, Panam\u00e1 y Rep\u00fablica Dominicana concluy\u00f3 el proceso de integraci\u00f3n con EY Latam.<\/span><\/p>\n<p><a href=\"http:\/\/elmundodelosnegocios.com.do\/v1\/wp-content\/uploads\/2025\/09\/EY-LATAM-2.jpeg\"><img loading=\"lazy\" decoding=\"async\" data-attachment-id=\"72885\" data-permalink=\"https:\/\/www.elmundodelosnegocios.com.do\/v1\/anuncian-integracion-centroamerica-panama-y-dominicana-a-ey-latinoamerica\/night-view-of-earth-north-and-central-america-illuminated-2\/\" data-orig-file=\"https:\/\/i0.wp.com\/elmundodelosnegocios.com.do\/v1\/wp-content\/uploads\/2025\/09\/EY-LATAM-2.jpeg?fit=1000%2C567&amp;ssl=1\" data-orig-size=\"1000,567\" data-comments-opened=\"0\" data-image-meta='{\"aperture\":\"0\",\"credit\":\"POV Studio - stock.adobe.com\",\"camera\":\"\",\"caption\":\"Night view of Earth, North and Central America illuminated. (2)\",\"created_timestamp\":\"0\",\"copyright\":\"\",\"focal_length\":\"0\",\"iso\":\"0\",\"shutter_speed\":\"0\",\"title\":\"Night view of Earth, North and Central America illuminated. (2)\",\"orientation\":\"0\"}' data-image-title=\"Night view of Earth, North and Central America illuminated.\" data-image-description=\"\" data-image-caption=\"\" data-medium-file=\"https:\/\/i0.wp.com\/elmundodelosnegocios.com.do\/v1\/wp-content\/uploads\/2025\/09\/EY-LATAM-2.jpeg?fit=300%2C170&amp;ssl=1\" data-large-file=\"https:\/\/i0.wp.com\/elmundodelosnegocios.com.do\/v1\/wp-content\/uploads\/2025\/09\/EY-LATAM-2.jpeg?fit=1000%2C567&amp;ssl=1\" class=\"aligncenter size-full wp-image-72885\" src=\"http:\/\/elmundodelosnegocios.com.do\/v1\/wp-content\/uploads\/2025\/09\/EY-LATAM-2.jpeg\" alt=\"\" width=\"1000\" height=\"567\" srcset=\"http:\/\/elmundodelosnegocios.com.do\/v1\/wp-content\/uploads\/2025\/09\/EY-LATAM-2.jpeg 1000w, http:\/\/elmundodelosnegocios.com.do\/v1\/wp-content\/uploads\/2025\/09\/EY-LATAM-2-300x170.jpeg 300w, http:\/\/elmundodelosnegocios.com.do\/v1\/wp-content\/uploads\/2025\/09\/EY-LATAM-2-768x435.jpeg 768w\" sizes=\"auto, (max-width: 1000px) 100vw, 1000px\"><\/a><\/p>\n<p><span style=\"font-weight: 400;\">Este es un paso decisivo dentro de la estrategia global \u201cAll in\u201d, ideada para continuar innovando y amplificar, a\u00fan m\u00e1s, las capacidades necesarias para garantizar que los servicios globales que la firma ha venido ofreciendo est\u00e9n mucho m\u00e1s conectados, a trav\u00e9s de una red completamente integrada en 18 pa\u00edses, con m\u00e1s de 22,000 profesionales y 800 socios en Latinoam\u00e9rica.<\/span><\/p>\n<p><span style=\"font-weight: 400;\">La integraci\u00f3n a EY Latinoam\u00e9rica refuerza la visi\u00f3n de la organizaci\u00f3n de trabajar como una sola firma, unificando procesos, recursos y talento para ofrecer una propuesta disruptiva que impulse la evoluci\u00f3n y expansi\u00f3n de los servicios y acelere las implementaciones con el apoyo de equipos multidisciplinarios, que cuentan con experiencia en todas las \u00e1reas de servicios que ofrece la firma: Auditor\u00eda, Impuestos, Legal, Consultor\u00eda, Estrategia y Transacciones, con un portafolio amplio de servicios especializados en \u00e1reas cr\u00edticas como transformaci\u00f3n digital, <\/span><i><span style=\"font-weight: 400;\">nearshorin<\/span><\/i><span style=\"font-weight: 400;\">g, ESG, tecnolog\u00eda y litigios fiscales complejos, entre otros.<\/span><\/p>\n<p><span style=\"font-weight: 400;\">La direcci\u00f3n estrat\u00e9gica y operativa de EY en la regi\u00f3n estar\u00e1 a cargo de Juan Rafael Campos, en su rol de socio director, junto a Manuel Solano, socio director regional de EY Latinoam\u00e9rica.<\/span><\/p>\n<p><span style=\"font-weight: 400;\">\u201cEsta es una evoluci\u00f3n natural para EY y refleja nuestra manera disruptiva e innovadora de construir un mejor mundo de negocios. Contamos con l\u00edderes valiosos, con la mentalidad y las habilidades necesarias para guiar esta transici\u00f3n. Nos entusiasma seguir ampliando horizontes y compartiendo buenas pr\u00e1cticas, mientras fortalecemos las relaciones de largo plazo con nuestros clientes\u201d agreg\u00f3 Juan Rafael Campos, socio director regional.<\/span><\/p>\n<p><span style=\"font-weight: 400;\">Con este nuevo modelo, EY potencia su oferta de soluciones con tecnolog\u00eda, data y anal\u00edtica avanzada, con el alcance del respaldo de su red global.<\/span><\/p>\n<\/div>\n","protected":false},"excerpt":{"rendered":"<p>Santo Domingo, agosto de 2025.- La operaci\u00f3n de EY Centroam\u00e9rica, Panam\u00e1 y Rep\u00fablica Dominicana concluy\u00f3 el proceso de integraci\u00f3n con EY Latam. Este es un paso decisivo dentro de la&hellip; <\/p>\n","protected":false},"author":2,"featured_media":6541,"comment_status":"closed","ping_status":"closed","sticky":false,"template":"","format":"standard","meta":{"fifu_image_url":"http:\/\/elmundodelosnegocios.com.do\/v1\/wp-content\/uploads\/2025\/09\/EY-LATAM-2.jpeg","fifu_image_alt":"Anuncian integraci\u00f3n Centroam\u00e9rica, Panam\u00e1 y Dominicana a EY Latinoam\u00e9rica","footnotes":""},"categories":[36],"tags":[],"class_list":["post-6540","post","type-post","status-publish","format-standard","has-post-thumbnail","hentry","category-tecnologia"],"_links":{"self":[{"href":"https:\/\/elmundodelapolitica.com\/v1\/wp-json\/wp\/v2\/posts\/6540","targetHints":{"allow":["GET"]}}],"collection":[{"href":"https:\/\/elmundodelapolitica.com\/v1\/wp-json\/wp\/v2\/posts"}],"about":[{"href":"https:\/\/elmundodelapolitica.com\/v1\/wp-json\/wp\/v2\/types\/post"}],"author":[{"embeddable":true,"href":"https:\/\/elmundodelapolitica.com\/v1\/wp-json\/wp\/v2\/users\/2"}],"replies":[{"embeddable":true,"href":"https:\/\/elmundodelapolitica.com\/v1\/wp-json\/wp\/v2\/comments?post=6540"}],"version-history":[{"count":0,"href":"https:\/\/elmundodelapolitica.com\/v1\/wp-json\/wp\/v2\/posts\/6540\/revisions"}],"wp:featuredmedia":[{"embeddable":true,"href":"https:\/\/elmundodelapolitica.com\/v1\/wp-json\/wp\/v2\/media\/6541"}],"wp:attachment":[{"href":"https:\/\/elmundodelapolitica.com\/v1\/wp-json\/wp\/v2\/media?parent=6540"}],"wp:term":[{"taxonomy":"category","embeddable":true,"href":"https:\/\/elmundodelapolitica.com\/v1\/wp-json\/wp\/v2\/categories?post=6540"},{"taxonomy":"post_tag","embeddable":true,"href":"https:\/\/elmundodelapolitica.com\/v1\/wp-json\/wp\/v2\/tags?post=6540"}],"curies":[{"name":"wp","href":"https:\/\/api.w.org\/{rel}","templated":true}]}}