{"id":651,"date":"2022-09-28T10:55:17","date_gmt":"2022-09-28T14:55:17","guid":{"rendered":"https:\/\/elmundodelapolitica.com\/v1\/?p=651"},"modified":"2022-09-28T10:55:19","modified_gmt":"2022-09-28T14:55:19","slug":"jce-lanza-campana-de-empadronamiento-en-el-exterior-para-que-dominicanos-voten-en-el-2024","status":"publish","type":"post","link":"https:\/\/elmundodelapolitica.com\/v1\/jce-lanza-campana-de-empadronamiento-en-el-exterior-para-que-dominicanos-voten-en-el-2024\/","title":{"rendered":"JCE lanza campa\u00f1a de empadronamiento en el exterior para que dominicanos voten en el 2024"},"content":{"rendered":"\n<p><strong>Santiago, Rep\u00fablica Dominicana<\/strong>. &#8211; Con el eslogan \u201c<em><strong>Empadr\u00f3nate por la Patria que Llevas Dentro<\/strong><\/em>\u201d, la Junta Central Electoral (JCE) lanz\u00f3 oficialmente la campa\u00f1a de empadronamiento en el exterior, para que los dominicanos y dominicanas que residen fuera de Rep\u00fablica Dominicana puedan ejercer el sufragio en el proceso electoral de 2024.&nbsp;La campa\u00f1a fue inaugurada este lunes en las instalaciones del Aeropuerto Internacional del Cibao (AIC) y cont\u00f3 con la presencia del presidente de la JCE, Rom\u00e1n Andr\u00e9s J\u00e1quez Liranzo, los miembros titulares Rafael Armando Vallejo, Dolores Fern\u00e1ndez, Patricia Lorenzo Paniagua y Samir Chami Isa; Te\u00f3filo G\u00f3mez, administrador general del AIC, as\u00ed como funcionarios y colaboradores de ambas entidades.<\/p>\n\n\n\n<p>J\u00e1quez Liranzo, al dirigir las palabras centrales en el acto, se\u00f1al\u00f3 que la conquista del voto ser\u00e1 fortalecida m\u00e1s que nunca en la historia, al destacar que el Pleno se ha propuesto como meta duplicar la cifra del padr\u00f3n del exterior de 2020, que contempl\u00f3 la cantidad de 595 mil 879 electores, y llevarlo a 1 mill\u00f3n 191 mil 758 personas empadronadas para el 2024.&nbsp;<\/p>\n\n\n\n<p>\u201c<em>Hemos dividido este trabajo en 5 per\u00edodos de 4 trimestres y un cuatrimestre: el primer per\u00edodo, inicia precisamente este 1ro. de octubre hasta diciembre de este a\u00f1o; el segundo, de enero a marzo 2023; el tercero, de abril a junio; el cuarto, de junio a septiembre; y el quinto, de octubre a enero de 2024. En cada per\u00edodo la meta a lograr es de 99,794 personas<\/em>\u201d, resalt\u00f3.&nbsp;<\/p>\n\n\n\n<p>Se realizar\u00e1n 98 operativos m\u00f3viles de empadronamiento a nivel mundial&nbsp;<\/p>\n\n\n\n<p>El presidente de la JCE destac\u00f3 que la instituci\u00f3n cuenta con 23 oficinas de servicios con sus respectivas OCLEE que equivalen a las Juntas Electorales en el exterior y aprovech\u00f3 la ocasi\u00f3n para puntualizar que en cada una se priorizar\u00e1 el empadronamiento de los dominicanos y dominicanas, teniendo un d\u00eda en la semana de horario extendido para que los que trabajan puedan asistir.&nbsp;<\/p>\n\n\n\n<p>\u201c<em>Adicional a esto, viernes, s\u00e1bado y domingo, en este trimestre tendremos 98 operativos m\u00f3viles de empadronamiento a nivel mundial y tendremos 14 puntos fijos a nivel mundial y a nivel local cuatro lugares estrat\u00e9gicos que son los tres aeropuertos y la Direcci\u00f3n de Pasaportes<\/em>\u201d, manifest\u00f3.<\/p>\n\n\n\n<p>El funcionario agreg\u00f3 que, para lograr el objetivo de la JCE, es necesario el involucramiento activo, democr\u00e1tico y justo de los partidos pol\u00edticos acreditados en cada oficina u OCLEE en el exterior, como tambi\u00e9n de cada dominicano y dominicana residente en el exterior, de las entidades y organizaciones de la dominicanidad por todo el mundo: \u201cEs necesario el empuje de la Junta, el empuje de todos y de todas porque la democracia no se hace sola, se empuja en conjunto\u201d.<\/p>\n\n\n\n<p>\u201cCorran la voz porque la mayor conquista de los dominicanos y dominicanas en el exterior, que es poder ejercer el derecho al sufragio activo y pasivo, no se puede retrotraer. Al contrario, la meta es fortalecer y priorizar como antes nunca se haya visto el voto en el exterior. Dominicanas y dominicanos, para poder votar en las elecciones presidenciales y de diputaci\u00f3n de ultramar en las elecciones del 2024: \u00a1Empadr\u00f3nate por la Patria que Llevas Dentro!\u201d, finaliz\u00f3.<\/p>\n\n\n\n<p>Finalmente, se invit\u00f3 a quienes deseen tener m\u00e1s detalles sobre los operativos m\u00f3viles y los puntos fijos, a que visiten la p\u00e1gina web de la instituci\u00f3n.<\/p>\n","protected":false},"excerpt":{"rendered":"<p>Santiago, Rep\u00fablica Dominicana. &#8211; Con el eslogan \u201cEmpadr\u00f3nate por la Patria que Llevas Dentro\u201d, la Junta Central Electoral (JCE) lanz\u00f3 oficialmente la campa\u00f1a de empadronamiento en el exterior, para que&hellip; <\/p>\n","protected":false},"author":2,"featured_media":652,"comment_status":"open","ping_status":"open","sticky":false,"template":"","format":"standard","meta":{"fifu_image_url":"","fifu_image_alt":"","footnotes":""},"categories":[9],"tags":[],"class_list":["post-651","post","type-post","status-publish","format-standard","has-post-thumbnail","hentry","category-elecciones"],"_links":{"self":[{"href":"https:\/\/elmundodelapolitica.com\/v1\/wp-json\/wp\/v2\/posts\/651","targetHints":{"allow":["GET"]}}],"collection":[{"href":"https:\/\/elmundodelapolitica.com\/v1\/wp-json\/wp\/v2\/posts"}],"about":[{"href":"https:\/\/elmundodelapolitica.com\/v1\/wp-json\/wp\/v2\/types\/post"}],"author":[{"embeddable":true,"href":"https:\/\/elmundodelapolitica.com\/v1\/wp-json\/wp\/v2\/users\/2"}],"replies":[{"embeddable":true,"href":"https:\/\/elmundodelapolitica.com\/v1\/wp-json\/wp\/v2\/comments?post=651"}],"version-history":[{"count":1,"href":"https:\/\/elmundodelapolitica.com\/v1\/wp-json\/wp\/v2\/posts\/651\/revisions"}],"predecessor-version":[{"id":653,"href":"https:\/\/elmundodelapolitica.com\/v1\/wp-json\/wp\/v2\/posts\/651\/revisions\/653"}],"wp:featuredmedia":[{"embeddable":true,"href":"https:\/\/elmundodelapolitica.com\/v1\/wp-json\/wp\/v2\/media\/652"}],"wp:attachment":[{"href":"https:\/\/elmundodelapolitica.com\/v1\/wp-json\/wp\/v2\/media?parent=651"}],"wp:term":[{"taxonomy":"category","embeddable":true,"href":"https:\/\/elmundodelapolitica.com\/v1\/wp-json\/wp\/v2\/categories?post=651"},{"taxonomy":"post_tag","embeddable":true,"href":"https:\/\/elmundodelapolitica.com\/v1\/wp-json\/wp\/v2\/tags?post=651"}],"curies":[{"name":"wp","href":"https:\/\/api.w.org\/{rel}","templated":true}]}}