{"id":6500,"date":"2025-09-11T11:30:28","date_gmt":"2025-09-11T15:30:28","guid":{"rendered":"https:\/\/elmundodelapolitica.com\/v1\/?p=6500"},"modified":"2025-09-11T11:30:29","modified_gmt":"2025-09-11T15:30:29","slug":"paliza-asegura-el-pais-esta-mucho-mejor-que-como-lo-recibio-el-prm-en-el-2020","status":"publish","type":"post","link":"https:\/\/elmundodelapolitica.com\/v1\/paliza-asegura-el-pais-esta-mucho-mejor-que-como-lo-recibio-el-prm-en-el-2020\/","title":{"rendered":"Paliza asegura el pa\u00eds est\u00e1 mucho mejor que como lo recibi\u00f3 el PRM en el 2020"},"content":{"rendered":"\n<p>El presidente del Partido Revolucionario Moderno (PRM), Jos\u00e9 Ignacio Paliza, afirm\u00f3 que la Rep\u00fablica Dominicana muestra hoy avances significativos en materia institucional respecto a la situaci\u00f3n que encontr\u00f3 su organizaci\u00f3n al llegar al gobierno en el a\u00f1o 2020.<\/p>\n\n\n\n<p>Durante una rueda de prensa en la Casa Nacional del PRM, Paliza resalt\u00f3 que la Junta Central Electoral pas\u00f3 de estar integrada por dirigentes con afiliaci\u00f3n partidaria a convertirse en un \u00f3rgano independiente, lo que fortalece la credibilidad de los procesos democr\u00e1ticos.<\/p>\n\n\n\n<p>El dirigente se\u00f1al\u00f3 que las altas cortes tambi\u00e9n reflejan este cambio, ya que dejaron de ser espacios de designaciones vinculadas a comit\u00e9s pol\u00edticos y pasaron a contar con jueces sin compromisos partidarios. Asimismo, subray\u00f3 que el sistema de persecuci\u00f3n judicial funciona con independencia, investigando a personas relacionadas con pr\u00e1cticas indebidas del pasado y del presente sin intervenci\u00f3n del poder pol\u00edtico.<\/p>\n\n\n\n<p>Paliza agreg\u00f3 que, aunque el PRM goza de una mayor\u00eda congresual sin precedentes, ha preferido construir consensos con la ciudadan\u00eda en lugar de imponer su fuerza num\u00e9rica. Asegur\u00f3 que estos logros evidencian que el pa\u00eds est\u00e1 en mejores condiciones que en el momento en que el partido asumi\u00f3 la conducci\u00f3n del Estado en 2020, destacando adem\u00e1s la coherencia mantenida por la organizaci\u00f3n en su gesti\u00f3n.<\/p>\n","protected":false},"excerpt":{"rendered":"<p>El presidente del Partido Revolucionario Moderno (PRM), Jos\u00e9 Ignacio Paliza, afirm\u00f3 que la Rep\u00fablica Dominicana muestra hoy avances significativos en materia institucional respecto a la situaci\u00f3n que encontr\u00f3 su organizaci\u00f3n&hellip; <\/p>\n","protected":false},"author":2,"featured_media":6502,"comment_status":"closed","ping_status":"closed","sticky":false,"template":"","format":"standard","meta":{"fifu_image_url":"https:\/\/robertocavada.com\/wp-content\/uploads\/2025\/09\/600487fa-50eb-4839-925d-d7a5127dcdbf-770x540.jpeg","fifu_image_alt":"","footnotes":""},"categories":[17],"tags":[],"class_list":["post-6500","post","type-post","status-publish","format-standard","has-post-thumbnail","hentry","category-politica"],"_links":{"self":[{"href":"https:\/\/elmundodelapolitica.com\/v1\/wp-json\/wp\/v2\/posts\/6500","targetHints":{"allow":["GET"]}}],"collection":[{"href":"https:\/\/elmundodelapolitica.com\/v1\/wp-json\/wp\/v2\/posts"}],"about":[{"href":"https:\/\/elmundodelapolitica.com\/v1\/wp-json\/wp\/v2\/types\/post"}],"author":[{"embeddable":true,"href":"https:\/\/elmundodelapolitica.com\/v1\/wp-json\/wp\/v2\/users\/2"}],"replies":[{"embeddable":true,"href":"https:\/\/elmundodelapolitica.com\/v1\/wp-json\/wp\/v2\/comments?post=6500"}],"version-history":[{"count":1,"href":"https:\/\/elmundodelapolitica.com\/v1\/wp-json\/wp\/v2\/posts\/6500\/revisions"}],"predecessor-version":[{"id":6501,"href":"https:\/\/elmundodelapolitica.com\/v1\/wp-json\/wp\/v2\/posts\/6500\/revisions\/6501"}],"wp:featuredmedia":[{"embeddable":true,"href":"https:\/\/elmundodelapolitica.com\/v1\/wp-json\/wp\/v2\/media\/6502"}],"wp:attachment":[{"href":"https:\/\/elmundodelapolitica.com\/v1\/wp-json\/wp\/v2\/media?parent=6500"}],"wp:term":[{"taxonomy":"category","embeddable":true,"href":"https:\/\/elmundodelapolitica.com\/v1\/wp-json\/wp\/v2\/categories?post=6500"},{"taxonomy":"post_tag","embeddable":true,"href":"https:\/\/elmundodelapolitica.com\/v1\/wp-json\/wp\/v2\/tags?post=6500"}],"curies":[{"name":"wp","href":"https:\/\/api.w.org\/{rel}","templated":true}]}}