{"id":6494,"date":"2025-09-11T11:21:52","date_gmt":"2025-09-11T15:21:52","guid":{"rendered":"https:\/\/elmundodelapolitica.com\/v1\/?p=6494"},"modified":"2025-09-11T11:21:54","modified_gmt":"2025-09-11T15:21:54","slug":"ces-entrega-informe-final-sobre-crisis-haitiana-al-presidente-abinader","status":"publish","type":"post","link":"https:\/\/elmundodelapolitica.com\/v1\/ces-entrega-informe-final-sobre-crisis-haitiana-al-presidente-abinader\/","title":{"rendered":"CES entrega informe final sobre crisis haitiana al presidente Abinader"},"content":{"rendered":"\n<p>Santo Domingo.\u2013 El Consejo Econ\u00f3mico y Social&nbsp;<strong>(CES)<\/strong>&nbsp;entreg\u00f3 al&nbsp;<strong>presidente Luis Abinader<\/strong>, este martes, el&nbsp;<strong>Informe Final Consolidado del Di\u00e1logo por la Crisis Haitiana y sus implicaciones para la Rep\u00fablica Dominicana<\/strong>, resultado de seis mesas tem\u00e1ticas en las que participaron representantes del sector social, laboral, empresarial, de la sociedad civil organizada, representantes del presidente y representantes de los tres expresidentes.<\/p>\n\n\n\n<p>La entrega se realiz\u00f3 en el Palacio Nacional a las 4:00 de la tarde y estuvo encabezada por el presidente del CES,&nbsp;<strong>Rafael Toribio<\/strong>, acompa\u00f1ado de<strong>&nbsp;los dem\u00e1s integrantes<\/strong>&nbsp;de la instituci\u00f3n. El mandatario recibi\u00f3 de manera formal la&nbsp;<strong>versi\u00f3n f\u00edsica original del documento<\/strong>, junto con una&nbsp;<strong>memoria USB<\/strong>&nbsp;que contiene&nbsp;<strong>el informe y las seis \u00faltimas<\/strong>&nbsp;<strong>actas de cada mesa tem\u00e1tica.<\/strong><\/p>\n\n\n\n<p>Durante el acto, el presidente Luis Abinader valor\u00f3 el&nbsp;<strong>esfuerzo de concertaci\u00f3n y el compromiso&nbsp;<\/strong>de los sectores nacionales para aportar soluciones responsables frente a la crisis haitiana.<\/p>\n\n\n\n<p>En la comunicaci\u00f3n oficial dirigida al mandatario, el presidente del CES, Rafael Toribio, as\u00ed se expres\u00f3:<\/p>\n\n\n\n<p><em>\u201cCon profundo orgullo transmito la inmensa satisfacci\u00f3n del deber cumplido, en respuesta a la convocatoria recibida para coordinar este espacio de di\u00e1logo y deliberar en un marco plural, democr\u00e1tico y estrat\u00e9gico sobre seis ejes: Migraci\u00f3n, Comercio Bilateral, Desarrollo de Comunidades Fronterizas, Seguridad Nacional, Relaciones Internacionales y Asuntos Laborales, ante la cr\u00edtica situaci\u00f3n que atraviesa Hait\u00ed y las crecientes repercusiones sobre nuestra naci\u00f3n. Hoy presentamos 26 l\u00edneas de acci\u00f3n y un total de 151 propuestas que condensan e integran los acuerdos a los que se arribaron en este trascendental ejercicio de di\u00e1logo y concertaci\u00f3n\u201d.<\/em><\/p>\n\n\n\n<figure class=\"wp-block-image\"><img decoding=\"async\" src=\"https:\/\/presidencia.gob.do\/sites\/default\/files\/inline-images\/WhatsApp%20Image%202025-09-09%20at%205.20.04%20PM%281%29.jpeg\" alt=\"\"\/><\/figure>\n\n\n\n<p>Como parte del&nbsp;<strong>proceso de socializaci\u00f3n y consulta<\/strong>, el CES entregar\u00e1 el informe a los exmandatarios de la Rep\u00fablica Dominicana, en un calendario que se desarrollar\u00e1 de la siguiente manera: mi\u00e9rcoles&nbsp;<strong>10 de septiembre<\/strong>, 10:00 a.m., entrega al&nbsp;<strong>expresidente Danilo Medina<\/strong>; jueves&nbsp;<strong>11 de septiembre<\/strong>, 4:00 p.m., entrega al&nbsp;<strong>expresidente Hip\u00f3lito Mej\u00eda<\/strong>; y el martes&nbsp;<strong>16 de septiembre<\/strong>, 10:00 a.m., entrega al&nbsp;<strong>expresidente Leonel Fern\u00e1ndez<\/strong>.<\/p>\n\n\n\n<p>El contenido del documento&nbsp;<strong>se har\u00e1 p\u00fablico el pr\u00f3ximo martes 16 de septiembre<\/strong>&nbsp;a las dos de la tarde, tras la haber sido entregado a todos los expresidentes.<\/p>\n\n\n\n<p>El proceso de&nbsp;<strong>di\u00e1logo<\/strong>&nbsp;<strong>coordinado<\/strong>&nbsp;por el CES convoc\u00f3 a actores de los&nbsp;<strong>sectores empresarial, laboral, social y acad\u00e9mico,<\/strong>&nbsp;reafirmando la importancia del&nbsp;<strong>consenso nacional<\/strong>&nbsp;frente a uno de los principales desaf\u00edos de la pol\u00edtica exterior y la seguridad nacional.<\/p>\n\n\n\n<p>La actividad cont\u00f3 con la participaci\u00f3n del ministro de la Presidencia,&nbsp;<strong>Jos\u00e9 Ignacio Paliza<\/strong>; la ministra de Interior y Polic\u00eda,&nbsp;<strong>Faride Raful<\/strong>; el ministro de Defensa, general&nbsp;<strong>Carlos Fern\u00e1ndez Onofre<\/strong>; el viceministro de Desarrollo Social,&nbsp;<strong>Alexis Jim\u00e9nez<\/strong>, y el viceministro de Hacienda,&nbsp;<strong>Alexis Cruz.<\/strong>&nbsp;Adem\u00e1s, estuvieron presentes&nbsp;<strong>Ana Selman<\/strong>, secretaria general del CES;&nbsp;<strong>C\u00e9sar Dargam y Luis Miura<\/strong>, representantes del sector empresarial;&nbsp;<strong>Rafael Abreu, Jacobo Ramos y Gabriel del R\u00edo<\/strong>, representantes del sector sindical, y, por el sector social,&nbsp;<strong>Pablo Vi\u00f1as y Patricia G\u00f3mez.<\/strong><\/p>\n\n\n\n<p>Con esta entrega, el Consejo Econ\u00f3mico y Social cumple con su compromiso de servir como&nbsp;<strong>espacio plural e institucionalizado<\/strong>&nbsp;para canalizar propuestas que fortalezcan&nbsp;<strong>la democracia, la gobernabilidad y la soberan\u00eda del pa\u00eds.<\/strong><\/p>\n","protected":false},"excerpt":{"rendered":"<p>Santo Domingo.\u2013 El Consejo Econ\u00f3mico y Social&nbsp;(CES)&nbsp;entreg\u00f3 al&nbsp;presidente Luis Abinader, este martes, el&nbsp;Informe Final Consolidado del Di\u00e1logo por la Crisis Haitiana y sus implicaciones para la Rep\u00fablica Dominicana, resultado de&hellip; <\/p>\n","protected":false},"author":2,"featured_media":6496,"comment_status":"closed","ping_status":"closed","sticky":false,"template":"","format":"standard","meta":{"fifu_image_url":"https:\/\/presidencia.gob.do\/sites\/default\/files\/styles\/large\/public\/news\/2025-09\/Foto%20web_11.jpg?itok=uGDMlM-i","fifu_image_alt":"","footnotes":""},"categories":[1],"tags":[],"class_list":["post-6494","post","type-post","status-publish","format-standard","has-post-thumbnail","hentry","category-sin-categoria"],"_links":{"self":[{"href":"https:\/\/elmundodelapolitica.com\/v1\/wp-json\/wp\/v2\/posts\/6494","targetHints":{"allow":["GET"]}}],"collection":[{"href":"https:\/\/elmundodelapolitica.com\/v1\/wp-json\/wp\/v2\/posts"}],"about":[{"href":"https:\/\/elmundodelapolitica.com\/v1\/wp-json\/wp\/v2\/types\/post"}],"author":[{"embeddable":true,"href":"https:\/\/elmundodelapolitica.com\/v1\/wp-json\/wp\/v2\/users\/2"}],"replies":[{"embeddable":true,"href":"https:\/\/elmundodelapolitica.com\/v1\/wp-json\/wp\/v2\/comments?post=6494"}],"version-history":[{"count":1,"href":"https:\/\/elmundodelapolitica.com\/v1\/wp-json\/wp\/v2\/posts\/6494\/revisions"}],"predecessor-version":[{"id":6495,"href":"https:\/\/elmundodelapolitica.com\/v1\/wp-json\/wp\/v2\/posts\/6494\/revisions\/6495"}],"wp:featuredmedia":[{"embeddable":true,"href":"https:\/\/elmundodelapolitica.com\/v1\/wp-json\/wp\/v2\/media\/6496"}],"wp:attachment":[{"href":"https:\/\/elmundodelapolitica.com\/v1\/wp-json\/wp\/v2\/media?parent=6494"}],"wp:term":[{"taxonomy":"category","embeddable":true,"href":"https:\/\/elmundodelapolitica.com\/v1\/wp-json\/wp\/v2\/categories?post=6494"},{"taxonomy":"post_tag","embeddable":true,"href":"https:\/\/elmundodelapolitica.com\/v1\/wp-json\/wp\/v2\/tags?post=6494"}],"curies":[{"name":"wp","href":"https:\/\/api.w.org\/{rel}","templated":true}]}}