{"id":6491,"date":"2025-09-11T11:20:55","date_gmt":"2025-09-11T15:20:55","guid":{"rendered":"https:\/\/elmundodelapolitica.com\/v1\/?p=6491"},"modified":"2025-09-11T11:20:56","modified_gmt":"2025-09-11T15:20:56","slug":"ministro-bonilla-supervisa-avances-finales-para-la-entrega-de-la-ciudad-sanitaria-dr-luis-e-aybar","status":"publish","type":"post","link":"https:\/\/elmundodelapolitica.com\/v1\/ministro-bonilla-supervisa-avances-finales-para-la-entrega-de-la-ciudad-sanitaria-dr-luis-e-aybar\/","title":{"rendered":"Ministro Bonilla supervisa avances finales para la entrega de la Ciudad Sanitaria Dr. Luis E. Aybar"},"content":{"rendered":"\n<p>Santo Domingo.\u2013 El ministro de Vivienda y Edificaciones&nbsp;<strong>(Mived)<\/strong>,&nbsp;<strong>Carlos Bonilla<\/strong>, realiz\u00f3 una visita de&nbsp;<strong>inspecci\u00f3n<\/strong>&nbsp;a los trabajos de la&nbsp;<strong>etapa final en el bloque<\/strong>&nbsp;<strong>C<\/strong>, correspondiente al&nbsp;<strong>edificio cl\u00ednico-quir\u00fargico de la Ciudad Sanitaria Doctor Luis Eduardo Aybar,<\/strong>&nbsp;infraestructura con la que se completar\u00e1 la entrega de este complejo hospitalario.<\/p>\n\n\n\n<p>Esta edificaci\u00f3n se encuentra en un&nbsp;<strong>95 % de ejecuci\u00f3n<\/strong>&nbsp;y ser\u00e1 entregada este mes por el<strong>&nbsp;presidente de la Rep\u00fablica, Luis Abinader<\/strong>, y el ministro Bonilla, con lo que se fortalecer\u00e1 la red hospitalaria del pa\u00eds.<\/p>\n\n\n\n<p>Durante el recorrido, el ministro Bonilla explic\u00f3 que&nbsp;<strong>actualmente la Ciudad Sanitaria opera en un 70 %<\/strong>&nbsp;y que con la apertura de este \u00faltimo bloque se completar\u00e1 el 100 %&nbsp; de la infraestructura.<\/p>\n\n\n\n<figure class=\"wp-block-image\"><img decoding=\"async\" src=\"https:\/\/presidencia.gob.do\/sites\/default\/files\/inline-images\/PHOTO-2025-09-10-08-48-25%20%281%29.jpg\" alt=\"\"\/><\/figure>\n\n\n\n<p><em>\u201cEstamos haciendo un recorrido por el hospital cl\u00ednico-quir\u00fargico, el \u00faltimo eslab\u00f3n que falta para completar la Ciudad Sanitaria. Aqu\u00ed se est\u00e1n terminando algunos detalles de equipamiento, pero estamos listos para entregar este hospital de manera escalonada para que sirva a todo el pa\u00eds\u201d<\/em>, expres\u00f3 el titular del Mived.<\/p>\n\n\n\n<p>Por su parte, el presidente de la Ciudad Sanitaria, doctor&nbsp;<strong>Jos\u00e9 Joaqu\u00edn Puello Herrera<\/strong>, destac\u00f3 que la culminaci\u00f3n de esta infraestructura representa un&nbsp;<strong>avance significativo para el fortalecimiento del sistema de salud.<\/strong><\/p>\n\n\n\n<p><em>\u201cHemos realizado un recorrido con el ministro Bonilla para supervisar la \u00faltima etapa de este hospital, que ser\u00e1 el de mayor nivel de la red p\u00fablica y probablemente de la red privada. Estamos muy orgullosos porque con la conclusi\u00f3n de este hospital vamos a trabajar en condiciones totalmente excelentes desde el punto de vista m\u00e9dico\u201d<\/em>, dijo Puello Herrera.<\/p>\n\n\n\n<figure class=\"wp-block-image\"><img decoding=\"async\" src=\"https:\/\/presidencia.gob.do\/sites\/default\/files\/inline-images\/PHOTO-2025-09-10-08-48-25%20%282%29.jpg\" alt=\"\"\/><\/figure>\n\n\n\n<p>La edificaci\u00f3n supervisada este martes consiste en un&nbsp;<strong>edificio cl\u00ednico-quir\u00fargico de seis niveles<\/strong>, aportando&nbsp;<strong>122 nuevas camas<\/strong>&nbsp;de hospitalizaci\u00f3n al sistema de salud, destinadas para pacientes en diversas condiciones m\u00e9dicas.<\/p>\n\n\n\n<p>Adem\u00e1s, dispondr\u00e1 de&nbsp;<strong>14 quir\u00f3fanos generales<\/strong>, lo que permitir\u00e1 fortalecer la capacidad quir\u00fargica del complejo.<\/p>\n\n\n\n<p>El edificio tambi\u00e9n integrar\u00e1 una&nbsp;<strong>Unidad de Cuidados Intensivos (UCI) con 40 cub\u00edculos<\/strong>, y un \u00e1rea de&nbsp;<strong>hemodi\u00e1lisis<\/strong>&nbsp;equipada con&nbsp;<strong>28 sillones<\/strong>, de los cuales 24 ser\u00e1n generales y 4 para aislamiento, ampliando as\u00ed la cobertura a pacientes renales.<\/p>\n\n\n\n<p>Entre los servicios complementarios figuran laboratorio cl\u00ednico, im\u00e1genes, farmacia, emergencia y servicios generales, para garantizar una&nbsp;<strong>atenci\u00f3n integral a los usuarios.<\/strong><\/p>\n","protected":false},"excerpt":{"rendered":"<p>Santo Domingo.\u2013 El ministro de Vivienda y Edificaciones&nbsp;(Mived),&nbsp;Carlos Bonilla, realiz\u00f3 una visita de&nbsp;inspecci\u00f3n&nbsp;a los trabajos de la&nbsp;etapa final en el bloque&nbsp;C, correspondiente al&nbsp;edificio cl\u00ednico-quir\u00fargico de la Ciudad Sanitaria Doctor Luis&hellip; <\/p>\n","protected":false},"author":2,"featured_media":6493,"comment_status":"closed","ping_status":"closed","sticky":false,"template":"","format":"standard","meta":{"fifu_image_url":"https:\/\/presidencia.gob.do\/sites\/default\/files\/styles\/large\/public\/news\/2025-09\/PHOTO-2025-09-10-08-48-25.jpg?itok=PukFebXO","fifu_image_alt":"","footnotes":""},"categories":[25],"tags":[],"class_list":["post-6491","post","type-post","status-publish","format-standard","has-post-thumbnail","hentry","category-construccion"],"_links":{"self":[{"href":"https:\/\/elmundodelapolitica.com\/v1\/wp-json\/wp\/v2\/posts\/6491","targetHints":{"allow":["GET"]}}],"collection":[{"href":"https:\/\/elmundodelapolitica.com\/v1\/wp-json\/wp\/v2\/posts"}],"about":[{"href":"https:\/\/elmundodelapolitica.com\/v1\/wp-json\/wp\/v2\/types\/post"}],"author":[{"embeddable":true,"href":"https:\/\/elmundodelapolitica.com\/v1\/wp-json\/wp\/v2\/users\/2"}],"replies":[{"embeddable":true,"href":"https:\/\/elmundodelapolitica.com\/v1\/wp-json\/wp\/v2\/comments?post=6491"}],"version-history":[{"count":1,"href":"https:\/\/elmundodelapolitica.com\/v1\/wp-json\/wp\/v2\/posts\/6491\/revisions"}],"predecessor-version":[{"id":6492,"href":"https:\/\/elmundodelapolitica.com\/v1\/wp-json\/wp\/v2\/posts\/6491\/revisions\/6492"}],"wp:featuredmedia":[{"embeddable":true,"href":"https:\/\/elmundodelapolitica.com\/v1\/wp-json\/wp\/v2\/media\/6493"}],"wp:attachment":[{"href":"https:\/\/elmundodelapolitica.com\/v1\/wp-json\/wp\/v2\/media?parent=6491"}],"wp:term":[{"taxonomy":"category","embeddable":true,"href":"https:\/\/elmundodelapolitica.com\/v1\/wp-json\/wp\/v2\/categories?post=6491"},{"taxonomy":"post_tag","embeddable":true,"href":"https:\/\/elmundodelapolitica.com\/v1\/wp-json\/wp\/v2\/tags?post=6491"}],"curies":[{"name":"wp","href":"https:\/\/api.w.org\/{rel}","templated":true}]}}