{"id":6488,"date":"2025-09-11T11:17:34","date_gmt":"2025-09-11T15:17:34","guid":{"rendered":"https:\/\/elmundodelapolitica.com\/v1\/?p=6488"},"modified":"2025-09-11T11:17:35","modified_gmt":"2025-09-11T15:17:35","slug":"danilo-medina-valora-consenso-nacional-sobre-la-frontera-y-llama-a-aprovechar-el-dialogo","status":"publish","type":"post","link":"https:\/\/elmundodelapolitica.com\/v1\/danilo-medina-valora-consenso-nacional-sobre-la-frontera-y-llama-a-aprovechar-el-dialogo\/","title":{"rendered":"Danilo Medina valora consenso nacional sobre la frontera y llama a aprovechar el di\u00e1logo"},"content":{"rendered":"\n<p><strong>Santo Domingo.<\/strong>&nbsp;\u2013 El expresidente de la Rep\u00fablica y presidente del Partido de la Liberaci\u00f3n Dominicana (PLD),&nbsp;<strong>Danilo Medina<\/strong>, salud\u00f3 este mi\u00e9rcoles la conclusi\u00f3n del di\u00e1logo nacional sobre la crisis haitiana y sus implicaciones para la Rep\u00fablica Dominicana, calific\u00e1ndolo como un \u201clogro para la democracia y para el pa\u00eds\u201d.<\/p>\n\n\n\n<p>Medina recibi\u00f3 en la Casa Nacional del PLD el&nbsp;<strong>documento final<\/strong>&nbsp;elaborado en las seis mesas de trabajo coordinadas por el&nbsp;<strong>Consejo Econ\u00f3mico y Social (CES)<\/strong>, entregado por una delegaci\u00f3n encabezada por su presidente,&nbsp;<strong>Rafael Toribio<\/strong>.<\/p>\n\n\n\n<p>\u201cQueremos felicitarlos; s\u00e9 que no era f\u00e1cil poder arribar a un documento en el que hubiese por lo menos un consenso m\u00ednimo entre los participantes, para entregarle a la Presidencia de la Rep\u00fablica lo que puede ser una carta de ruta para el tratamiento de la poblaci\u00f3n dominicana que reside en la frontera con Hait\u00ed\u201d, expres\u00f3 el exmandatario.<\/p>\n\n\n\n<h3 class=\"wp-block-heading\">Reconocimiento al consenso<\/h3>\n\n\n\n<p>Medina subray\u00f3 la importancia de que sectores tan diversos lograran un acuerdo, aunque sea m\u00ednimo, y consider\u00f3 que el documento ofrece pol\u00edticas aplicables a las complejas relaciones con Hait\u00ed.<\/p>\n\n\n\n<p>Record\u00f3 que este proceso naci\u00f3 de la convocatoria conjunta del presidente Luis Abinader y los expresidentes de la Rep\u00fablica, con el objetivo de&nbsp;<strong>unificar criterios y formular propuestas de acci\u00f3n frente a la crisis haitiana<\/strong>.<\/p>\n\n\n\n<p>Si bien las recomendaciones no son vinculantes, Medina destac\u00f3 que los partidos y actores que participaron asumieron el compromiso de respetar los resultados y respaldar su implementaci\u00f3n.<\/p>\n\n\n\n<p>\u201cOjal\u00e1 que el presidente pueda sacar los beneficios que se requieren. La aplicaci\u00f3n de este conjunto de medidas no es obligatoria para \u00e9l, porque es el jefe de la pol\u00edtica internacional, pero nosotros suscribimos el acuerdo porque nos vincula y nos comprometimos a respetarlo\u201d, puntualiz\u00f3.<\/p>\n\n\n\n<h3 class=\"wp-block-heading\">Respaldo del PLD<\/h3>\n\n\n\n<p>Acompa\u00f1ado por dirigentes de alto nivel del PLD, Medina agradeci\u00f3 el trabajo de la comisi\u00f3n que represent\u00f3 al partido en las mesas tem\u00e1ticas y reiter\u00f3 la disposici\u00f3n de la organizaci\u00f3n a&nbsp;<strong>colaborar en la puesta en marcha de los acuerdos alcanzados<\/strong>.<\/p>\n\n\n\n<p>Por su parte, el secretario general del PLD,&nbsp;<strong>Johnny Pujols<\/strong>, reafirm\u00f3 el respaldo institucional al proceso:<br>\u201cFue un trabajo arduo y comprometido, que ya ha concluido. Ahora corresponde al Poder Ejecutivo decidir su implementaci\u00f3n. El PLD reafirma as\u00ed su vocaci\u00f3n de di\u00e1logo y su apuesta por el consenso como v\u00eda para fortalecer la democracia dominicana y garantizar la paz y el desarrollo en la zona fronteriza\u201d, se\u00f1al\u00f3.<\/p>\n\n\n\n<p>En el encuentro participaron, adem\u00e1s de Rafael Toribio, la secretaria general del CES,&nbsp;<strong>Ana Selman<\/strong>, y representantes de los distintos sectores que conforman el organismo.<\/p>\n\n\n\n<p>Por el PLD acompa\u00f1aron a Medina figuras como&nbsp;<strong>Tem\u00edstocles Mont\u00e1s y Zoraima Cuello<\/strong>, vicepresidentes del partido, junto a dirigentes que intervinieron en las mesas de deliberaci\u00f3n y miembros de los comit\u00e9s Pol\u00edtico y Central.<\/p>\n","protected":false},"excerpt":{"rendered":"<p>Santo Domingo.&nbsp;\u2013 El expresidente de la Rep\u00fablica y presidente del Partido de la Liberaci\u00f3n Dominicana (PLD),&nbsp;Danilo Medina, salud\u00f3 este mi\u00e9rcoles la conclusi\u00f3n del di\u00e1logo nacional sobre la crisis haitiana y&hellip; <\/p>\n","protected":false},"author":2,"featured_media":6490,"comment_status":"closed","ping_status":"closed","sticky":false,"template":"","format":"standard","meta":{"fifu_image_url":"https:\/\/robertocavada.com\/wp-content\/uploads\/2025\/09\/WhatsApp-Image-2025-09-10-at-2.21.39-PM-770x540.jpeg","fifu_image_alt":"","footnotes":""},"categories":[28,17],"tags":[],"class_list":["post-6488","post","type-post","status-publish","format-standard","has-post-thumbnail","hentry","category-migracion","category-politica"],"_links":{"self":[{"href":"https:\/\/elmundodelapolitica.com\/v1\/wp-json\/wp\/v2\/posts\/6488","targetHints":{"allow":["GET"]}}],"collection":[{"href":"https:\/\/elmundodelapolitica.com\/v1\/wp-json\/wp\/v2\/posts"}],"about":[{"href":"https:\/\/elmundodelapolitica.com\/v1\/wp-json\/wp\/v2\/types\/post"}],"author":[{"embeddable":true,"href":"https:\/\/elmundodelapolitica.com\/v1\/wp-json\/wp\/v2\/users\/2"}],"replies":[{"embeddable":true,"href":"https:\/\/elmundodelapolitica.com\/v1\/wp-json\/wp\/v2\/comments?post=6488"}],"version-history":[{"count":1,"href":"https:\/\/elmundodelapolitica.com\/v1\/wp-json\/wp\/v2\/posts\/6488\/revisions"}],"predecessor-version":[{"id":6489,"href":"https:\/\/elmundodelapolitica.com\/v1\/wp-json\/wp\/v2\/posts\/6488\/revisions\/6489"}],"wp:featuredmedia":[{"embeddable":true,"href":"https:\/\/elmundodelapolitica.com\/v1\/wp-json\/wp\/v2\/media\/6490"}],"wp:attachment":[{"href":"https:\/\/elmundodelapolitica.com\/v1\/wp-json\/wp\/v2\/media?parent=6488"}],"wp:term":[{"taxonomy":"category","embeddable":true,"href":"https:\/\/elmundodelapolitica.com\/v1\/wp-json\/wp\/v2\/categories?post=6488"},{"taxonomy":"post_tag","embeddable":true,"href":"https:\/\/elmundodelapolitica.com\/v1\/wp-json\/wp\/v2\/tags?post=6488"}],"curies":[{"name":"wp","href":"https:\/\/api.w.org\/{rel}","templated":true}]}}