{"id":6482,"date":"2025-09-11T11:13:25","date_gmt":"2025-09-11T15:13:25","guid":{"rendered":"https:\/\/elmundodelapolitica.com\/v1\/?p=6482"},"modified":"2025-09-11T11:13:27","modified_gmt":"2025-09-11T15:13:27","slug":"presidente-abinader-destaca-madurez-politica-en-dialogo-de-alto-nivel-sobre-haiti","status":"publish","type":"post","link":"https:\/\/elmundodelapolitica.com\/v1\/presidente-abinader-destaca-madurez-politica-en-dialogo-de-alto-nivel-sobre-haiti\/","title":{"rendered":"Presidente Abinader destaca madurez pol\u00edtica en di\u00e1logo de alto nivel sobre Hait\u00ed"},"content":{"rendered":"\n<p>Santo Domingo.-&nbsp;<strong>El presidente Luis Abinader<\/strong>&nbsp;felicit\u00f3 y&nbsp;<strong>agradeci\u00f3 al liderazgo pol\u00edtico dominicano&nbsp;<\/strong>por su participaci\u00f3n en el&nbsp;<strong>di\u00e1logo de alto nivel sobre la crisis en Hait\u00ed,<\/strong>&nbsp;convocado por el Poder Ejecutivo.&nbsp;<\/p>\n\n\n\n<p>El mandatario calific\u00f3 como un hecho&nbsp;<em>\"memorable\"&nbsp;<\/em>y<em>&nbsp;\"sin precedentes\",<\/em>&nbsp;<strong>el informe final elaborado por el Consejo Econ\u00f3mico y Social<\/strong>, nacido de las discusiones entre diversos sectores, destacando que&nbsp;<strong>la democracia se fortalece con la madurez pol\u00edtica mostrada.<\/strong><\/p>\n\n\n\n<p>Destac\u00f3 la&nbsp;<strong>receptividad de los distintos actores<\/strong>&nbsp;de la sociedad a la iniciativa del Gobierno de dialogar para&nbsp;<strong>unificar criterios y blindar al pa\u00eds<\/strong>&nbsp;ante posibles efectos de la&nbsp;<strong>crisis haitiana<\/strong>, la cual ha alcanzado su&nbsp;<strong>punto cr\u00edtico.&nbsp;<\/strong><\/p>\n\n\n\n<p>El presidente Abinader afirm\u00f3 que la&nbsp;<strong>unidad pol\u00edtica y social<\/strong>&nbsp;es fundamental para abordar los desaf\u00edos que plantea la situaci\u00f3n en Hait\u00ed y las&nbsp;<strong>implicaciones que acarrear\u00eda para el pa\u00eds.<\/strong><\/p>\n\n\n\n<p>Durante su intervenci\u00f3n en&nbsp;<strong>LA Semanal con la prensa<\/strong>, el pasado lunes, el gobernante dominicano anunci\u00f3 que en su pr\u00f3xima intervenci\u00f3n en la&nbsp;<strong>Asamblea General de la Organizaci\u00f3n de las Naciones Unidas<\/strong>, abordar\u00e1 el tema, destacando el&nbsp;<strong>abandono de la comunidad internacional hacia el vecino pa\u00eds<\/strong>, as\u00ed como los&nbsp;<strong>efectos y amenazas<\/strong>&nbsp;que supone la crisis social en la naci\u00f3n vecina para la Rep\u00fablica Dominicana.<\/p>\n","protected":false},"excerpt":{"rendered":"<p>Santo Domingo.-&nbsp;El presidente Luis Abinader&nbsp;felicit\u00f3 y&nbsp;agradeci\u00f3 al liderazgo pol\u00edtico dominicano&nbsp;por su participaci\u00f3n en el&nbsp;di\u00e1logo de alto nivel sobre la crisis en Hait\u00ed,&nbsp;convocado por el Poder Ejecutivo.&nbsp; El mandatario calific\u00f3 como&hellip; <\/p>\n","protected":false},"author":2,"featured_media":6484,"comment_status":"closed","ping_status":"closed","sticky":false,"template":"","format":"standard","meta":{"fifu_image_url":"https:\/\/presidencia.gob.do\/sites\/default\/files\/styles\/large\/public\/news\/2025-09\/WhatsApp%20Image%202025-09-10%20at%209.26.08%20AM.jpeg?itok=7S1yuGnL","fifu_image_alt":"","footnotes":""},"categories":[17],"tags":[],"class_list":["post-6482","post","type-post","status-publish","format-standard","has-post-thumbnail","hentry","category-politica"],"_links":{"self":[{"href":"https:\/\/elmundodelapolitica.com\/v1\/wp-json\/wp\/v2\/posts\/6482","targetHints":{"allow":["GET"]}}],"collection":[{"href":"https:\/\/elmundodelapolitica.com\/v1\/wp-json\/wp\/v2\/posts"}],"about":[{"href":"https:\/\/elmundodelapolitica.com\/v1\/wp-json\/wp\/v2\/types\/post"}],"author":[{"embeddable":true,"href":"https:\/\/elmundodelapolitica.com\/v1\/wp-json\/wp\/v2\/users\/2"}],"replies":[{"embeddable":true,"href":"https:\/\/elmundodelapolitica.com\/v1\/wp-json\/wp\/v2\/comments?post=6482"}],"version-history":[{"count":1,"href":"https:\/\/elmundodelapolitica.com\/v1\/wp-json\/wp\/v2\/posts\/6482\/revisions"}],"predecessor-version":[{"id":6483,"href":"https:\/\/elmundodelapolitica.com\/v1\/wp-json\/wp\/v2\/posts\/6482\/revisions\/6483"}],"wp:featuredmedia":[{"embeddable":true,"href":"https:\/\/elmundodelapolitica.com\/v1\/wp-json\/wp\/v2\/media\/6484"}],"wp:attachment":[{"href":"https:\/\/elmundodelapolitica.com\/v1\/wp-json\/wp\/v2\/media?parent=6482"}],"wp:term":[{"taxonomy":"category","embeddable":true,"href":"https:\/\/elmundodelapolitica.com\/v1\/wp-json\/wp\/v2\/categories?post=6482"},{"taxonomy":"post_tag","embeddable":true,"href":"https:\/\/elmundodelapolitica.com\/v1\/wp-json\/wp\/v2\/tags?post=6482"}],"curies":[{"name":"wp","href":"https:\/\/api.w.org\/{rel}","templated":true}]}}