{"id":6479,"date":"2025-09-11T11:09:03","date_gmt":"2025-09-11T15:09:03","guid":{"rendered":"https:\/\/elmundodelapolitica.com\/v1\/?p=6479"},"modified":"2025-09-11T11:09:05","modified_gmt":"2025-09-11T15:09:05","slug":"republica-dominicana-y-la-republica-popular-china-firman-instrumentos-de-cooperacion-financiera-y-formacion-de-funcionarios-publicos","status":"publish","type":"post","link":"https:\/\/elmundodelapolitica.com\/v1\/republica-dominicana-y-la-republica-popular-china-firman-instrumentos-de-cooperacion-financiera-y-formacion-de-funcionarios-publicos\/","title":{"rendered":"Rep\u00fablica Dominicana y la Rep\u00fablica Popular China firman instrumentos de cooperaci\u00f3n financiera y formaci\u00f3n de funcionarios p\u00fablicos"},"content":{"rendered":"\n<p><strong>Santo Domingo de Guzm\u00e1n, Rep\u00fablica Dominicana. \u2013<\/strong>&nbsp;Los gobiernos de Rep\u00fablica Dominicana y de la Rep\u00fablica Popular China suscribieron un convenio de cooperaci\u00f3n econ\u00f3mica destinado a financiar proyectos de desarrollo en el pa\u00eds, as\u00ed como un memor\u00e1ndum de entendimiento orientado a la concesi\u00f3n de becas para la formaci\u00f3n de funcionarios p\u00fablicos dominicanos.<\/p>\n\n\n\n<p>Se trata de un acuerdo de cooperaci\u00f3n no reembolsable por 40 millones de d\u00f3lares, que el Gobierno de la Rep\u00fablica Popular China otorgar\u00e1 a Rep\u00fablica Dominicana para ser invertidos en proyectos orientados a la atenci\u00f3n de emergencias y la respuesta ante desastres. Asimismo, el segundo instrumento rubricado, contempla que el Gobierno chino otorgar\u00e1 450 becas para funcionarios p\u00fablicos dominicanos, destinadas a fortalecer las capacidades t\u00e9cnicas e institucionales en temas como agricultura, construcci\u00f3n, transporte, energ\u00edas renovables y salud p\u00fablica.<\/p>\n\n\n\n<p>\u201cEl plan de cooperaci\u00f3n para el Desarrollo de Recursos Humanos 2025 para capacitar a funcionarios dominicanos en distintas \u00e1reas estrat\u00e9gicas, es una iniciativa que permite avanzar en el fortalecimiento de las capacidades institucionales y las mejoras de los servicios que el Estado brinda a la ciudadan\u00eda, impactando de manera directa en su bienestar y calidad de vida;&nbsp; mientras que, el Convenio de Cooperaci\u00f3n Econ\u00f3mica y T\u00e9cnica constituye un paso concreto hacia la implementaci\u00f3n de proyectos de desarrollo sostenible e innovaci\u00f3n\u201d, destac\u00f3 el ministro Roberto \u00c1lvarez.<\/p>\n\n\n\n<p>De su lado, el embajador de la Rep\u00fablica Popular China en el pa\u00eds, Chen Luning, valor\u00f3 que \u201cdesde el establecimiento de las relaciones diplom\u00e1ticas hace m\u00e1s de siete a\u00f1os, China y Rep\u00fablica Dominicana hemos cultivado un lazo basado en el respeto mutuo, la igualdad y la reciprocidad. En un escenario internacional complejo, ambos pa\u00edses hemos sabido forjar un camino de apoyo mutuo y cooperaci\u00f3n de beneficio compartido\u201d.<\/p>\n\n\n\n<p>Ambos acuerdos fueron firmados por el ministro de Relaciones Exteriores, Roberto \u00c1lvarez, y el embajador de la Rep\u00fablica Popular China en el pa\u00eds, Chen Luning, quienes destacaron la importancia de estos acuerdos que buscan estrechar las relaciones de amistad y la cooperaci\u00f3n entre ambas naciones.<\/p>\n","protected":false},"excerpt":{"rendered":"<p>Santo Domingo de Guzm\u00e1n, Rep\u00fablica Dominicana. \u2013&nbsp;Los gobiernos de Rep\u00fablica Dominicana y de la Rep\u00fablica Popular China suscribieron un convenio de cooperaci\u00f3n econ\u00f3mica destinado a financiar proyectos de desarrollo en&hellip; <\/p>\n","protected":false},"author":2,"featured_media":6481,"comment_status":"closed","ping_status":"closed","sticky":false,"template":"","format":"standard","meta":{"fifu_image_url":"https:\/\/mirex.gob.do\/wp-content\/uploads\/2025\/09\/ACUERDO-RD-CHINA-SEPT-2025-1024x682.jpg","fifu_image_alt":"","footnotes":""},"categories":[7],"tags":[],"class_list":["post-6479","post","type-post","status-publish","format-standard","has-post-thumbnail","hentry","category-politica-exterior"],"_links":{"self":[{"href":"https:\/\/elmundodelapolitica.com\/v1\/wp-json\/wp\/v2\/posts\/6479","targetHints":{"allow":["GET"]}}],"collection":[{"href":"https:\/\/elmundodelapolitica.com\/v1\/wp-json\/wp\/v2\/posts"}],"about":[{"href":"https:\/\/elmundodelapolitica.com\/v1\/wp-json\/wp\/v2\/types\/post"}],"author":[{"embeddable":true,"href":"https:\/\/elmundodelapolitica.com\/v1\/wp-json\/wp\/v2\/users\/2"}],"replies":[{"embeddable":true,"href":"https:\/\/elmundodelapolitica.com\/v1\/wp-json\/wp\/v2\/comments?post=6479"}],"version-history":[{"count":1,"href":"https:\/\/elmundodelapolitica.com\/v1\/wp-json\/wp\/v2\/posts\/6479\/revisions"}],"predecessor-version":[{"id":6480,"href":"https:\/\/elmundodelapolitica.com\/v1\/wp-json\/wp\/v2\/posts\/6479\/revisions\/6480"}],"wp:featuredmedia":[{"embeddable":true,"href":"https:\/\/elmundodelapolitica.com\/v1\/wp-json\/wp\/v2\/media\/6481"}],"wp:attachment":[{"href":"https:\/\/elmundodelapolitica.com\/v1\/wp-json\/wp\/v2\/media?parent=6479"}],"wp:term":[{"taxonomy":"category","embeddable":true,"href":"https:\/\/elmundodelapolitica.com\/v1\/wp-json\/wp\/v2\/categories?post=6479"},{"taxonomy":"post_tag","embeddable":true,"href":"https:\/\/elmundodelapolitica.com\/v1\/wp-json\/wp\/v2\/tags?post=6479"}],"curies":[{"name":"wp","href":"https:\/\/api.w.org\/{rel}","templated":true}]}}