{"id":6476,"date":"2025-09-11T11:06:23","date_gmt":"2025-09-11T15:06:23","guid":{"rendered":"https:\/\/elmundodelapolitica.com\/v1\/?p=6476"},"modified":"2025-09-11T11:06:25","modified_gmt":"2025-09-11T15:06:25","slug":"cambio-climatico-recibe-mision-del-fmi-para-fortalecer-acciones-y-financiamiento-en-materia-de-clima-para-rd","status":"publish","type":"post","link":"https:\/\/elmundodelapolitica.com\/v1\/cambio-climatico-recibe-mision-del-fmi-para-fortalecer-acciones-y-financiamiento-en-materia-de-clima-para-rd\/","title":{"rendered":"Cambio Clim\u00e1tico recibe misi\u00f3n del FMI para fortalecer acciones y financiamiento en materia de clima para RD"},"content":{"rendered":"\n<p>Santo Domingo.- El vicepresidente ejecutivo del Consejo Nacional para el Cambio Clim\u00e1tico y Mercado de Carbono,&nbsp;<strong>Max Puig<\/strong>, recibi\u00f3 a los miembros de la&nbsp;<strong>misi\u00f3n del Fondo Monetario Internacional&nbsp;<\/strong>que se encuentra de visita en el pa\u00eds, con quienes convers\u00f3 acerca de los&nbsp;<strong>avances de la acci\u00f3n clim\u00e1tica en el pa\u00eds.<\/strong><\/p>\n\n\n\n<p>&nbsp;Durante la reuni\u00f3n, Puig abord\u00f3 el progreso en la implementaci\u00f3n de la&nbsp;<strong>Contribuci\u00f3n Nacionalmente Determinada&nbsp;<\/strong>(NDC, por sus siglas en ingl\u00e9s) del 2020 y en la construcci\u00f3n de la&nbsp;<strong>NDC 3.0<\/strong>, proceso que destac\u00f3 por su apertura y&nbsp;<strong>participaci\u00f3n<\/strong>&nbsp;amplia de todos los sectores del&nbsp;<strong>gobierno, el empresariado, la sociedad civil y la juventud.<\/strong><\/p>\n\n\n\n<p><em>\u201cEl proceso est\u00e1 siendo guiado por el comit\u00e9 directivo del que, junto al Consejo Nacional para el Cambio Clim\u00e1tico, tambi\u00e9n forman parte el Ministerio de Hacienda y Econom\u00eda y el de Medio Ambiente y Recursos Naturales, con el apoyo de la organizaci\u00f3n NDC Partnership, y los talleres de participaci\u00f3n sectorial han permitido identificar nuevas potencialidades de acciones sostenibles en todos los sectores que permitir\u00e1n aumentar la ambici\u00f3n clim\u00e1tica nacional\u201d,<\/em>&nbsp;dijo.<\/p>\n\n\n\n<p>En el encuentro tambi\u00e9n conversaron acerca de las&nbsp;<strong>pol\u00edticas para la prevenci\u00f3n y gesti\u00f3n de riesgos<\/strong>, especialmente sobre los apoyos al Instituto Dominicano de Meteorolog\u00eda&nbsp;<strong>(Indomet)<\/strong>, el Centro de Operaciones de Emergencias&nbsp;<strong>(COE)<\/strong>, la&nbsp;<strong>Defensa Civil<\/strong>&nbsp;y la&nbsp;<strong>Comisi\u00f3n Nacional de Emergencias<\/strong>, para asegurar una&nbsp;<strong>toma de decisiones informada y oportuna<\/strong>&nbsp;ante posibles desastres por eventos naturales.<\/p>\n\n\n\n<p>En ese sentido, tambi\u00e9n dialogaron acerca de la&nbsp;<strong>cooperaci\u00f3n con la Coalici\u00f3n para el Desarrollo de Infraestructuras Resilientes<\/strong>&nbsp;(CDRI, por sus siglas en ingl\u00e9s), que contempla el desarrollo de un&nbsp;<strong>sistema de alerta temprana a la poblaci\u00f3n<\/strong>, y el desarrollo de un proyecto para mejorar la&nbsp;<strong>resiliencia en las infraestructuras escolares<\/strong>.<\/p>\n\n\n\n<p>Ese proyecto se vincula con las acciones del Gobierno para asegurar la&nbsp;<strong>resiliencia de las<\/strong>&nbsp;<strong>infraestructuras p\u00fablicas ante eventos hidrometeorol\u00f3gicos<\/strong>, tema en<em>&nbsp;\u201cel que propio presidente, Luis Abinader, constituy\u00f3 la Comisi\u00f3n de Evaluaci\u00f3n de Infraestructura P\u00fablica, la cual evalu\u00f3, a trav\u00e9s de la Oficina Nacional de Evaluaci\u00f3n S\u00edsmica y Vulnerabilidad de Infraestructura y Edificaciones (Onesvie), varias autopistas, carreteras, puentes y t\u00faneles\u201d<\/em><\/p>\n\n\n\n<p><em>\u201cTambi\u00e9n estamos trabajando junto al Ministerio de Obras P\u00fablicas y al de Vivienda y Edificaciones para impulsar la formulaci\u00f3n de nuevos est\u00e1ndares de construcci\u00f3n m\u00e1s adaptados y resilientes\u201d,<\/em>&nbsp;apunt\u00f3.<\/p>\n\n\n\n<p><strong>Finanzas Clim\u00e1ticas<\/strong><\/p>\n\n\n\n<p>Dado que la&nbsp;<strong>Convenci\u00f3n Marco de las Naciones Unidas sobre Cambio Clim\u00e1tico<\/strong>&nbsp;estipula que los&nbsp;<strong>pa\u00edses en v\u00edas de desarrollo<\/strong>&nbsp;pueden condicionar su acci\u00f3n clim\u00e1tica a la&nbsp;<strong>cooperaci\u00f3n financiera internacional<\/strong>, la Rep\u00fablica Dominicana condicion\u00f3 la mayor\u00eda de los compromisos adquiridos en la NDC-2020 a la&nbsp;<strong>recepci\u00f3n de financiamiento&nbsp;<\/strong>de parte de la cooperaci\u00f3n internacional.<\/p>\n\n\n\n<p>Sin embargo, Puig explic\u00f3 que el&nbsp;<strong>financiamiento nacional, tanto del Gobierno como del sector privado<\/strong>, ha estado por encima de la ambici\u00f3n plasmada en la NDC y apunta a que este ser\u00e1 a\u00fan mayor en los pr\u00f3ximos a\u00f1os.<\/p>\n\n\n\n<p><em>\u201cOrganismos como los Fondos de Inversi\u00f3n para el Clima (CIF, por sus siglas en ingl\u00e9s) han venido apoyando al pa\u00eds para impulsar la transici\u00f3n energ\u00e9tica y la protecci\u00f3n de entornos naturales para la adaptaci\u00f3n a los efectos del cambio clim\u00e1tico, mejorando la resiliencia de las comunidades a trav\u00e9s de soluciones basadas en la naturaleza\u201d,<\/em>&nbsp;explic\u00f3.<\/p>\n\n\n\n<p>Puig tambi\u00e9n recalc\u00f3 que el&nbsp;<strong>desarrollo del Mercado de Carbono<\/strong>, pol\u00edtica para la que se adapt\u00f3 el&nbsp;<strong>sistema nacional de gobernanza clim\u00e1tica<\/strong>&nbsp;a trav\u00e9s del&nbsp;<strong>Decreto 358-25,<\/strong>&nbsp;permitir\u00e1 facilitar el&nbsp;<strong>flujo de recursos<\/strong>&nbsp;desde mercados internacionales hacia la Rep\u00fablica Dominicana.<\/p>\n\n\n\n<p><strong>Gobernanza<\/strong><\/p>\n\n\n\n<p>Aunque la misi\u00f3n del Fondo Monetario Internacional reconoci\u00f3 los avances de la Rep\u00fablica Dominicana en la gobernanza clim\u00e1tica y la organizaci\u00f3n institucional, se reconoci\u00f3 la&nbsp;<strong>necesidad de que se apruebe la Ley Marco de Cambio Clim\u00e1tico<\/strong>, de la que existen&nbsp;<strong>4 anteproyectos<\/strong>&nbsp;elaborados sin que hasta el momento se hayan registrado avances en su aprobaci\u00f3n.<\/p>\n\n\n\n<p>El vicepresidente ejecutivo del Consejo Nacional para el Cambio Clim\u00e1tico y Mercado de Carbono, Max Puig, estuvo acompa\u00f1ado por la directora t\u00e9cnica de la instituci\u00f3n,&nbsp;<strong>Sara Gonz\u00e1lez<\/strong>; el asesor de Relaciones Intersectoriales,&nbsp;<strong>Rodrigo Fincheira<\/strong>; la asesora para Relaciones Internacional,&nbsp;<strong>Karen Hedemann<\/strong>; la encargada del Departamento de Adaptaci\u00f3n,&nbsp;<strong>Rosal\u00eda Duval<\/strong>, y los asesores del Comit\u00e9 Directivo de la NDC 3.0,&nbsp;<strong>Iv\u00e1n Relova y Nelly Cuello.<\/strong><\/p>\n\n\n\n<p>Por la misi\u00f3n del Fondo Monetario Internacional participaron&nbsp;<strong>Ricardo Peraza y Pamela Beatriz Madrid,<\/strong>&nbsp;de manera presencial, mientras que&nbsp;<strong>Ilya Stepanov y Manuel Rosales Torres<\/strong>&nbsp;participaron de manera virtual.<\/p>\n","protected":false},"excerpt":{"rendered":"<p>Santo Domingo.- El vicepresidente ejecutivo del Consejo Nacional para el Cambio Clim\u00e1tico y Mercado de Carbono,&nbsp;Max Puig, recibi\u00f3 a los miembros de la&nbsp;misi\u00f3n del Fondo Monetario Internacional&nbsp;que se encuentra de&hellip; <\/p>\n","protected":false},"author":2,"featured_media":6478,"comment_status":"closed","ping_status":"closed","sticky":false,"template":"","format":"standard","meta":{"fifu_image_url":"https:\/\/presidencia.gob.do\/sites\/default\/files\/styles\/large\/public\/news\/2025-09\/Max%20Puig%2C%20vicepresidente%20ejecutivo%20del%20Consejo%20Nacional%20para%20el%20Cambio%20Clim%C3%A1tico%20y%20Mercado%20de%20Carbono%2C%20Pamela%20Beatriz%20Madrid%20y.jpeg?itok=Wnjr24Tu","fifu_image_alt":"","footnotes":""},"categories":[63],"tags":[],"class_list":["post-6476","post","type-post","status-publish","format-standard","has-post-thumbnail","hentry","category-actualidad"],"_links":{"self":[{"href":"https:\/\/elmundodelapolitica.com\/v1\/wp-json\/wp\/v2\/posts\/6476","targetHints":{"allow":["GET"]}}],"collection":[{"href":"https:\/\/elmundodelapolitica.com\/v1\/wp-json\/wp\/v2\/posts"}],"about":[{"href":"https:\/\/elmundodelapolitica.com\/v1\/wp-json\/wp\/v2\/types\/post"}],"author":[{"embeddable":true,"href":"https:\/\/elmundodelapolitica.com\/v1\/wp-json\/wp\/v2\/users\/2"}],"replies":[{"embeddable":true,"href":"https:\/\/elmundodelapolitica.com\/v1\/wp-json\/wp\/v2\/comments?post=6476"}],"version-history":[{"count":1,"href":"https:\/\/elmundodelapolitica.com\/v1\/wp-json\/wp\/v2\/posts\/6476\/revisions"}],"predecessor-version":[{"id":6477,"href":"https:\/\/elmundodelapolitica.com\/v1\/wp-json\/wp\/v2\/posts\/6476\/revisions\/6477"}],"wp:featuredmedia":[{"embeddable":true,"href":"https:\/\/elmundodelapolitica.com\/v1\/wp-json\/wp\/v2\/media\/6478"}],"wp:attachment":[{"href":"https:\/\/elmundodelapolitica.com\/v1\/wp-json\/wp\/v2\/media?parent=6476"}],"wp:term":[{"taxonomy":"category","embeddable":true,"href":"https:\/\/elmundodelapolitica.com\/v1\/wp-json\/wp\/v2\/categories?post=6476"},{"taxonomy":"post_tag","embeddable":true,"href":"https:\/\/elmundodelapolitica.com\/v1\/wp-json\/wp\/v2\/tags?post=6476"}],"curies":[{"name":"wp","href":"https:\/\/api.w.org\/{rel}","templated":true}]}}