{"id":6473,"date":"2025-09-11T11:04:46","date_gmt":"2025-09-11T15:04:46","guid":{"rendered":"https:\/\/elmundodelapolitica.com\/v1\/?p=6473"},"modified":"2025-09-11T11:04:49","modified_gmt":"2025-09-11T15:04:49","slug":"rafael-paz-critica-al-gobierno-y-plantea-retos-sociales-y-politicos-desde-la-fuerza-del-pueblo","status":"publish","type":"post","link":"https:\/\/elmundodelapolitica.com\/v1\/rafael-paz-critica-al-gobierno-y-plantea-retos-sociales-y-politicos-desde-la-fuerza-del-pueblo\/","title":{"rendered":"Rafael Paz critica al Gobierno y plantea retos sociales y pol\u00edticos desde la Fuerza del Pueblo"},"content":{"rendered":"\n<p>Santo Domingo. \u2013 El dirigente pol\u00edtico de la Fuerza del Pueblo (FP), Rafael Paz, lanz\u00f3 fuertes cr\u00edticas al gobierno del Partido Revolucionario Moderno (PRM), al que acus\u00f3 de ser insensible frente a la realidad que vive el pa\u00eds, al tiempo que destac\u00f3 la necesidad de fortalecer la democracia interna y el m\u00e9rito dentro de su organizaci\u00f3n pol\u00edtica.<\/p>\n\n\n\n<p>\u201cEl Gobierno hace propaganda con estad\u00edsticas\u201d<br>Paz asegur\u00f3 que la actual gesti\u00f3n se ha caracterizado por \u201chacer propaganda con las estad\u00edsticas\u201d sin responder de manera efectiva a los problemas de inseguridad y violencia que afectan a los dominicanos.<\/p>\n\n\n\n<p>\u201cLo que he visto en las \u00faltimas semanas son asesinatos engorrosos, de ni\u00f1os a manos de sus padres, violencia por todos lados. Hablar de cifras en medio de esa realidad es una muestra de insensibilidad\u201d, expres\u00f3.<\/p>\n\n\n\n<p>Record\u00f3 que el presidente Luis Abinader prometi\u00f3 en campa\u00f1a resolver el tema de la seguridad en su segundo a\u00f1o de gobierno con el llamado plan Giuliani. \u201cHoy no sabemos ni del plan ni de Giuliani. Lo que recibimos son titulares de peri\u00f3dicos, no soluciones\u201d, enfatiz\u00f3.<\/p>\n\n\n\n<p>Paz contrast\u00f3 la situaci\u00f3n actual con programas anteriores como Barrio Seguro y el Plan de Seguridad Democr\u00e1tica, que a su juicio lograron resultados concretos en la reducci\u00f3n de delitos.<\/p>\n\n\n\n<p>J\u00f3venes emigran del Distrito Nacional<br>El dirigente tambi\u00e9n alert\u00f3 sobre el desplazamiento de j\u00f3venes hacia la provincia de Santo Domingo debido al alto costo de vida en el Distrito Nacional y la falta de escuelas p\u00fablicas.<\/p>\n\n\n\n<p>\u201cEn sectores como Manganagua, Los Kil\u00f3metros y Gualey, el 80% de los ni\u00f1os tienen que ir a colegios privados porque no hay escuelas suficientes. No hablo de gente rica, sino de familias trabajadoras\u201d, denunci\u00f3.<\/p>\n\n\n\n<p>Seg\u00fan explic\u00f3, mientras la canasta b\u00e1sica nacional ronda los RD$46,000, en el Distrito Nacional asciende a RD$86,000 mensuales, lo que hace insostenible vivir en la capital.<\/p>\n\n\n\n<p>\u201cEn la Fuerza del Pueblo los espacios se logran por m\u00e9rito\u201d<br>En el plano interno, Paz afirm\u00f3 que la Fuerza del Pueblo se diferencia de otros partidos porque no funciona con designaciones a dedo, sino con democracia y reconocimiento al trabajo de sus dirigentes.<\/p>\n\n\n\n<p>\u201cEn la Fuerza del Pueblo se acab\u00f3 eso de se\u00f1alar a la gente por el dedo. Aqu\u00ed los espacios se conquistan en funci\u00f3n del trabajo y del m\u00e9rito, y eso se reconoce\u201d, dijo, al tiempo de destacar que el partido protege y valora a quienes han contribuido a su r\u00e1pido crecimiento.<\/p>\n","protected":false},"excerpt":{"rendered":"<p>Santo Domingo. \u2013 El dirigente pol\u00edtico de la Fuerza del Pueblo (FP), Rafael Paz, lanz\u00f3 fuertes cr\u00edticas al gobierno del Partido Revolucionario Moderno (PRM), al que acus\u00f3 de ser insensible&hellip; <\/p>\n","protected":false},"author":2,"featured_media":6475,"comment_status":"closed","ping_status":"closed","sticky":false,"template":"","format":"standard","meta":{"fifu_image_url":"https:\/\/robertocavada.com\/wp-content\/uploads\/2024\/12\/IMG-20230517-WA0002-770x540.webp","fifu_image_alt":"","footnotes":""},"categories":[12],"tags":[],"class_list":["post-6473","post","type-post","status-publish","format-standard","has-post-thumbnail","hentry","category-agenda-politica"],"_links":{"self":[{"href":"https:\/\/elmundodelapolitica.com\/v1\/wp-json\/wp\/v2\/posts\/6473","targetHints":{"allow":["GET"]}}],"collection":[{"href":"https:\/\/elmundodelapolitica.com\/v1\/wp-json\/wp\/v2\/posts"}],"about":[{"href":"https:\/\/elmundodelapolitica.com\/v1\/wp-json\/wp\/v2\/types\/post"}],"author":[{"embeddable":true,"href":"https:\/\/elmundodelapolitica.com\/v1\/wp-json\/wp\/v2\/users\/2"}],"replies":[{"embeddable":true,"href":"https:\/\/elmundodelapolitica.com\/v1\/wp-json\/wp\/v2\/comments?post=6473"}],"version-history":[{"count":1,"href":"https:\/\/elmundodelapolitica.com\/v1\/wp-json\/wp\/v2\/posts\/6473\/revisions"}],"predecessor-version":[{"id":6474,"href":"https:\/\/elmundodelapolitica.com\/v1\/wp-json\/wp\/v2\/posts\/6473\/revisions\/6474"}],"wp:featuredmedia":[{"embeddable":true,"href":"https:\/\/elmundodelapolitica.com\/v1\/wp-json\/wp\/v2\/media\/6475"}],"wp:attachment":[{"href":"https:\/\/elmundodelapolitica.com\/v1\/wp-json\/wp\/v2\/media?parent=6473"}],"wp:term":[{"taxonomy":"category","embeddable":true,"href":"https:\/\/elmundodelapolitica.com\/v1\/wp-json\/wp\/v2\/categories?post=6473"},{"taxonomy":"post_tag","embeddable":true,"href":"https:\/\/elmundodelapolitica.com\/v1\/wp-json\/wp\/v2\/tags?post=6473"}],"curies":[{"name":"wp","href":"https:\/\/api.w.org\/{rel}","templated":true}]}}