{"id":6470,"date":"2025-09-11T11:02:18","date_gmt":"2025-09-11T15:02:18","guid":{"rendered":"https:\/\/elmundodelapolitica.com\/v1\/?p=6470"},"modified":"2025-09-11T11:02:20","modified_gmt":"2025-09-11T15:02:20","slug":"gobierno-otorga-208-becas-nacionales-a-estudiantes-de-la-universidad-nacional-pedro-henriquez-urena-unphu","status":"publish","type":"post","link":"https:\/\/elmundodelapolitica.com\/v1\/gobierno-otorga-208-becas-nacionales-a-estudiantes-de-la-universidad-nacional-pedro-henriquez-urena-unphu\/","title":{"rendered":"Gobierno otorga 208 becas nacionales a estudiantes de la Universidad Nacional Pedro Henr\u00edquez Ure\u00f1a (Unphu)"},"content":{"rendered":"\n<p>Santo Domingo.\u2013 El Ministerio de Educaci\u00f3n Superior, Ciencia y Tecnolog\u00eda&nbsp;<strong>(Mescyt)<\/strong>&nbsp;entreg\u00f3 un total de&nbsp;<strong>208 becas nacionales<\/strong>&nbsp;a igual n\u00famero de&nbsp;<strong>estudiantes meritorios<\/strong>&nbsp;de la Universidad Nacional Pedro Henr\u00edquez Ure\u00f1a&nbsp;<strong>(Unphu)<\/strong>, en programas de&nbsp;<strong>grado y postgrado<\/strong>, como parte del compromiso del Gobierno de impulsar el&nbsp;<strong>acceso equitativo a la educaci\u00f3n superior.<\/strong>&nbsp;<\/p>\n\n\n\n<p>De estas becas, 180 corresponden a programas de grado en Arquitectura, Ingenier\u00eda Qu\u00edmica, Ingenier\u00eda Industrial, Ingenier\u00eda Civil, Agronom\u00eda, Farmacia, Medicina, Medicina Veterinaria, Odontolog\u00eda y M\u00fasica Contempor\u00e1nea, mientras que el resto ser\u00e1 destinado a especialidades y maestr\u00edas en diferentes \u00e1reas de alta demanda para el desarrollo nacional.&nbsp;<\/p>\n\n\n\n<p>El acto de entrega estuvo encabezado por el ministro del Mescyt, doctor&nbsp;<strong>Franklin Garc\u00eda Ferm\u00edn<\/strong>, acompa\u00f1ado por el rector de la Unphu, arquitecto&nbsp;<strong>Miguel Fiallo Calder\u00f3n<\/strong>, y la directora de Becas Nacionales,&nbsp;<strong>Lanny Portorreal<\/strong>. Durante la actividad, los estudiantes recibieron sus acreditaciones en una ceremonia cargada de emotividad y compromiso.&nbsp;<\/p>\n\n\n\n<p><em>\u201cHoy, como parte de la visi\u00f3n del presidente Luis Abinader, otorgamos 208 nuevas becas nacionales que permitir\u00e1n a estos j\u00f3venes cursar programas de grado y potsgrado en distintas \u00e1reas del conocimiento. Este esfuerzo garantiza igualdad de oportunidades e inclusi\u00f3n educativa para todos los sectores del pa\u00eds\u201d,<\/em>&nbsp;afirm\u00f3 Garc\u00eda Ferm\u00edn.&nbsp;<\/p>\n\n\n\n<p>El funcionario record\u00f3 que el programa de Becas Nacionales constituye&nbsp;<strong>uno de los pilares de desarrollo del Estado dominicano,<\/strong>&nbsp;al coordinar y promover la formaci\u00f3n de&nbsp;<strong>profesionales altamente cualificados<\/strong>, capaces de responder a las&nbsp;<strong>demandas del mercado laboral<\/strong>&nbsp;y de aportar&nbsp;<strong>soluciones<\/strong>&nbsp;a los retos sociales, econ\u00f3micos y tecnol\u00f3gicos del pa\u00eds.<\/p>\n\n\n\n<figure class=\"wp-block-image\"><img decoding=\"async\" src=\"https:\/\/presidencia.gob.do\/sites\/default\/files\/inline-images\/IMG_7378.jpeg\" alt=\"\"\/><\/figure>\n\n\n\n<p>Por su parte, el rector de la Unphu, Miguel Fiallo Calder\u00f3n, valor\u00f3 positivamente la iniciativa, al se\u00f1alar que la entrega de estas becas refuerza el&nbsp;<strong>liderazgo de la academia en la formaci\u00f3n de recursos humanos de excelencia<\/strong>.<\/p>\n\n\n\n<p><em>\u201cLa inversi\u00f3n en la juventud es la mejor garant\u00eda para elevar la calidad de la educaci\u00f3n superior y construir un futuro m\u00e1s competitivo para la Rep\u00fablica Dominicana\u201d,<\/em>&nbsp;subray\u00f3.&nbsp;<\/p>\n\n\n\n<p>Con esta iniciativa, el Estado garantiza que el&nbsp;<strong>esfuerzo individual de cada becario<\/strong>&nbsp;se traduzca en un&nbsp;<strong>beneficio colectivo<\/strong>, orientando los talentos hacia campos que demandan&nbsp;<strong>creatividad, compromiso y vocaci\u00f3n de servicio.<\/strong>&nbsp;<\/p>\n\n\n\n<p>Fiallo Calder\u00f3n revel\u00f3 que la instituci\u00f3n es un referente de la fidelidad a la visi\u00f3n de sus fundadores y a los valores que la han sostenido por m\u00e1s de medio siglo,&nbsp;<strong>celebra con entusiasmo este nuevo v\u00ednculo con el Mescyt.&nbsp;<\/strong>&nbsp;<\/p>\n\n\n\n<p>Record\u00f3 que la educaci\u00f3n superior necesita el respaldo del Estado, de la sociedad y de cada familia que cree en el&nbsp;<strong>poder transformador del conocimiento.&nbsp;<\/strong><\/p>\n\n\n\n<p>En representaci\u00f3n de los becarios, la joven&nbsp;<strong>Annette Madera<\/strong>, agradeci\u00f3 al Gobierno por el apoyo brindado.<\/p>\n\n\n\n<p><em>&nbsp;\u201cEsta oportunidad no solo nos concede el acceso a una formaci\u00f3n acad\u00e9mica de calidad, sino que tambi\u00e9n nos conf\u00eda una responsabilidad: la de prepararnos con dedicaci\u00f3n para devolver a nuestro pa\u00eds el esfuerzo que hoy se ha invertido en nosotros. En primer lugar, damos gracias a Dios Todopoderoso, fuente de toda sabidur\u00eda, fortaleza y esperanza, por concedernos la dicha de estar aqu\u00ed reunidos y por permitir que este sue\u00f1o de superaci\u00f3n acad\u00e9mica se haga realidad\u201d,&nbsp;<\/em>dijo.&nbsp;<\/p>\n\n\n\n<p>Igualmente, dio las&nbsp;<strong>gracias a la visi\u00f3n del presidente Luis Abinader<\/strong>, por entender que la educaci\u00f3n es la base del desarrollo de la naci\u00f3n.&nbsp;<\/p>\n\n\n\n<p>Asimismo, reconoci\u00f3 la labor del ministro Garc\u00eda Ferm\u00edn, tras desarrollar las iniciativas para que las becas se materialicen y lleguen a cada rinc\u00f3n de la Rep\u00fablica Dominicana.&nbsp;<\/p>\n\n\n\n<p><em>\u201cHoy reafirmamos nuestro compromiso de honrar esta confianza con esfuerzo, disciplina y excelencia acad\u00e9mica. Cada logro que alcancemos ser\u00e1 tambi\u00e9n un logro para nuestra patria, que apuesta por nosotros como su mayor recurso: el talento de su gente. Gracias, en nombre de todos los becarios, por creer en nosotros y por brindarnos las herramientas para construir un mejor ma\u00f1ana\u201d,<\/em>&nbsp;expres\u00f3.&nbsp;<\/p>\n\n\n\n<p>El evento cont\u00f3 con la presencia de autoridades acad\u00e9micas y administrativas de la UNPHU, as\u00ed como familiares de los beneficiarios, quienes celebraron la oportunidad que representa este&nbsp;<strong>apoyo para el desarrollo de la juventud dominicana.<\/strong>&nbsp;<\/p>\n\n\n\n<p>Con esta entrega, el Mescyt reafirma su compromiso de&nbsp;<strong>ampliar las oportunidades educativas<\/strong>, en consonancia con la estrategia del Gobierno de&nbsp;<strong>democratizar el acceso al conocimiento<\/strong>, consolidando a la educaci\u00f3n superior como un eje fundamental del desarrollo nacional.<\/p>\n\n\n\n<p>En el evento, estuvo presente el coordinador del departamento de Becas Nacionales,&nbsp;<strong>Rafel Mart\u00ednez<\/strong>, entre otros.<\/p>\n","protected":false},"excerpt":{"rendered":"<p>Santo Domingo.\u2013 El Ministerio de Educaci\u00f3n Superior, Ciencia y Tecnolog\u00eda&nbsp;(Mescyt)&nbsp;entreg\u00f3 un total de&nbsp;208 becas nacionales&nbsp;a igual n\u00famero de&nbsp;estudiantes meritorios&nbsp;de la Universidad Nacional Pedro Henr\u00edquez Ure\u00f1a&nbsp;(Unphu), en programas de&nbsp;grado y postgrado,&hellip; <\/p>\n","protected":false},"author":2,"featured_media":6472,"comment_status":"closed","ping_status":"closed","sticky":false,"template":"","format":"standard","meta":{"fifu_image_url":"https:\/\/presidencia.gob.do\/sites\/default\/files\/styles\/large\/public\/news\/2025-09\/Foto%20web_9.jpeg?itok=4Uxv4_N1","fifu_image_alt":"","footnotes":""},"categories":[22],"tags":[],"class_list":["post-6470","post","type-post","status-publish","format-standard","has-post-thumbnail","hentry","category-gerencia"],"_links":{"self":[{"href":"https:\/\/elmundodelapolitica.com\/v1\/wp-json\/wp\/v2\/posts\/6470","targetHints":{"allow":["GET"]}}],"collection":[{"href":"https:\/\/elmundodelapolitica.com\/v1\/wp-json\/wp\/v2\/posts"}],"about":[{"href":"https:\/\/elmundodelapolitica.com\/v1\/wp-json\/wp\/v2\/types\/post"}],"author":[{"embeddable":true,"href":"https:\/\/elmundodelapolitica.com\/v1\/wp-json\/wp\/v2\/users\/2"}],"replies":[{"embeddable":true,"href":"https:\/\/elmundodelapolitica.com\/v1\/wp-json\/wp\/v2\/comments?post=6470"}],"version-history":[{"count":1,"href":"https:\/\/elmundodelapolitica.com\/v1\/wp-json\/wp\/v2\/posts\/6470\/revisions"}],"predecessor-version":[{"id":6471,"href":"https:\/\/elmundodelapolitica.com\/v1\/wp-json\/wp\/v2\/posts\/6470\/revisions\/6471"}],"wp:featuredmedia":[{"embeddable":true,"href":"https:\/\/elmundodelapolitica.com\/v1\/wp-json\/wp\/v2\/media\/6472"}],"wp:attachment":[{"href":"https:\/\/elmundodelapolitica.com\/v1\/wp-json\/wp\/v2\/media?parent=6470"}],"wp:term":[{"taxonomy":"category","embeddable":true,"href":"https:\/\/elmundodelapolitica.com\/v1\/wp-json\/wp\/v2\/categories?post=6470"},{"taxonomy":"post_tag","embeddable":true,"href":"https:\/\/elmundodelapolitica.com\/v1\/wp-json\/wp\/v2\/tags?post=6470"}],"curies":[{"name":"wp","href":"https:\/\/api.w.org\/{rel}","templated":true}]}}