{"id":6467,"date":"2025-09-11T09:15:03","date_gmt":"2025-09-11T13:15:03","guid":{"rendered":"https:\/\/elmundodelapolitica.com\/v1\/?p=6467"},"modified":"2025-09-11T09:15:03","modified_gmt":"2025-09-11T13:15:03","slug":"republica-dominicana-exhibe-oferta-exportable-en-americas-food-beverage-2025-en-miami","status":"publish","type":"post","link":"https:\/\/elmundodelapolitica.com\/v1\/republica-dominicana-exhibe-oferta-exportable-en-americas-food-beverage-2025-en-miami\/","title":{"rendered":"Rep\u00fablica Dominicana exhibe oferta exportable en Am\u00e9ricas Food &amp; Beverage 2025 en Miami"},"content":{"rendered":"<div>\n<p>La directora ejecutiva de ProDominicana, Biviana Riveiro Disla, destac\u00f3 que la participaci\u00f3n en este evento representa una oportunidad estrat\u00e9gica para seguir consolidando la presencia del pa\u00eds en el mercado estadounidense.<\/p>\n<p dir=\"ltr\">Santo Domingo.\u2013 La Rep\u00fablica Dominicana, a trav\u00e9s del Centro de Exportaci\u00f3n e Inversi\u00f3n\u00a0<strong>(ProDominicana)<\/strong>, participara en la feria\u00a0<strong>Am\u00e9ricas Food &amp; Beverage Show 2025<\/strong>, que se celebra del 10 al 12 de septiembre en el\u00a0<strong>Miami Beach Convention Center<\/strong>, en\u00a0<strong>Florida<\/strong>.<\/p>\n<p dir=\"ltr\"><img fetchpriority=\"high\" decoding=\"async\" class=\"aligncenter size-full\" src=\"https:\/\/presidencia.gob.do\/sites\/default\/files\/styles\/large\/public\/news\/2025-09\/Biviana Riveiro Disla, directora ejecutiva de ProDominicana.jpg?itok=64u3_XHv\" width=\"1300\" height=\"731\"><\/p>\n<p dir=\"ltr\">Este evento es reconocido como\u00a0<strong>una de las ferias m\u00e1s importantes de la industria alimentaria en el continente<\/strong>, donde se re\u00fanen expositores y compradores de\u00a0<strong>m\u00e1s de 50 pa\u00edses<\/strong>\u00a0en un escenario estrat\u00e9gico para la promoci\u00f3n de\u00a0<strong>negocios internacionales<\/strong>, la presentaci\u00f3n de\u00a0<strong>innovaciones<\/strong>\u00a0y el fortalecimiento de la\u00a0<strong>presencia de las marcas<\/strong>\u00a0en los mercados de Am\u00e9rica y el Caribe.<\/p>\n<p dir=\"ltr\">La directora ejecutiva de ProDominicana,\u00a0<strong>Biviana Riveiro Disla<\/strong>, destac\u00f3 que la participaci\u00f3n en este evento representa una\u00a0<strong>oportunidad estrat\u00e9gica<\/strong>\u00a0para seguir consolidando la\u00a0<strong>presencia del pa\u00eds en el mercado estadounidense,<\/strong>\u00a0principal socio comercial de la Rep\u00fablica Dominicana.<\/p>\n<p dir=\"ltr\"><em>\u201cEstados Unidos contin\u00faa siendo nuestro principal destino de exportaci\u00f3n, con un total de USD 6,909.9 millones en 2024, lo que refleja un crecimiento interanual de 6.7 %, alcanzando 1,694 productos exportados desde 26 provincias del pa\u00eds\u201d.<\/em><\/p>\n<p dir=\"ltr\">Los principales productos exportados desde Rep\u00fablica Dominicana hacia Estados Unidos en 2024 fueron:\u00a0<strong>cigarros puros<\/strong>\u00a0(USD 895.5 millones),\u00a0<strong>instrumentos y aparatos m\u00e9dicos<\/strong>\u00a0(USD 751.2 millones),\u00a0<strong>disyuntores el\u00e9ctricos<\/strong>\u00a0(USD 748.9 millones),\u00a0<strong>art\u00edculos de joyer\u00eda y sus partes<\/strong>\u00a0(USD 600.7 millones) y\u00a0<strong>camisetas de algod\u00f3n<\/strong>\u00a0(USD 326.9 millones).<\/p>\n<p dir=\"ltr\">En el\u00a0<strong>rengl\u00f3n agropecuario<\/strong>\u00a0se destacan las exportaciones de\u00a0<strong>cacao en grano<\/strong>\u00a0(USD144 millones),\u00a0<strong>az\u00facar de ca\u00f1a<\/strong>\u00a0en estado s\u00f3lido (USD 108.4 millones), as\u00ed como\u00a0<strong>aguacates<\/strong>\u00a0(USD 52.2 millones),\u00a0<strong>tomates<\/strong>\u00a0(USD 17.1 millones) y\u00a0<strong>aj\u00edes frescos<\/strong>\u00a0(USD16.3 millones), adem\u00e1s de productos de\u00a0<strong>panader\u00eda<\/strong>\u00a0y diversas\u00a0<strong>preparaciones alimenticias<\/strong>. Estos rubros refuerzan el peso del sector agroindustrial dominicano en el mercado estadounidense, combinando\u00a0<strong>tradici\u00f3n agr\u00edcola<\/strong>\u00a0con una oferta procesada de\u00a0<strong>valor agregado.<\/strong><\/p>\n<p dir=\"ltr\"><em>\u201cEn el per\u00edodo enero \u2013 julio de 2025, ya hemos exportado USD 4,213 millones a este mercado, con un crecimiento interanual de 2.8%, lo que evidencia el dinamismo y la competitividad de nuestros sectores productivos\u201d,<\/em>\u00a0afirm\u00f3 Riveiro.<\/p>\n<p dir=\"ltr\"><em>\u201cLa feria Am\u00e9ricas Food &amp; Beverage es una plataforma ideal para que las empresas dominicanas muestren la calidad y diversidad de su oferta exportable, generen contactos comerciales de alto nivel y expandan su participaci\u00f3n en los mercados internacionales. En ProDominicana seguimos firmes en nuestra misi\u00f3n de impulsar el crecimiento de las exportaciones dominicanas y fortalecer la marca pa\u00eds\u201d<\/em>, concluy\u00f3 la directora ejecutiva<em>.<\/em><\/p>\n<p dir=\"ltr\">La delegaci\u00f3n dominicana estar\u00e1 representada por empresas l\u00edderes en sus respectivos sectores.\u00a0<strong>Padilla, S.A<\/strong>. presentar\u00e1 sus soluciones de empaques;\u00a0<strong>Caf\u00e9 Santo Domingo<\/strong>\u00a0llevar\u00e1 su reconocido caf\u00e9 de calidad internacional;\u00a0<strong>Grupo Bocel<\/strong>\u00a0mostrar\u00e1 sus galletas Aviva y la tradicional Pasta Princesa; mientras que\u00a0<strong>Pasteurizadora Rica<\/strong>\u00a0exhibir\u00e1 su portafolio de\u00a0<strong>jugos, bebidas, leche<\/strong>\u00a0<strong>entera<\/strong>\u00a0y su innovador producto\u00a0<strong>Chorica<\/strong>.<\/p>\n<p>Asimismo,\u00a0<strong>MINIS<\/strong>\u00a0ofrecer\u00e1 coco horneado y mantecados; Ly\u00a0<strong>Company Internacional<\/strong>\u00a0destacar\u00e1 su agua embotellada en cart\u00f3n; y\u00a0<strong>Sylvan Foods<\/strong>\u00a0presentar\u00e1 sus empaques de vegetales precocidos congelados. A su vez,\u00a0<strong>Tinfex SRL<\/strong>\u00a0expondr\u00e1 su l\u00ednea de empaques flexibles para caf\u00e9, arroz, az\u00facar y otros productos;\u00a0<strong>Cort\u00e9s Hermanos &amp; Co<\/strong>. llevar\u00e1 al evento su chocolate Forteza, Cort\u00e9s premium, candy bars tradicionales y cacao en distintas presentaciones, y, finalmente, el\u00a0<strong>Consorcio C\u00edtricos Dominicanos<\/strong>\u00a0presentar\u00e1 bebidas\u00a0<em>plant-based<\/em>,\u00a0<em>baby food<\/em>, agua de coco, aceite y crema de coco, adem\u00e1s de opciones de marcas privadas.<\/p>\n<\/div>\n","protected":false},"excerpt":{"rendered":"<p>La directora ejecutiva de ProDominicana, Biviana Riveiro Disla, destac\u00f3 que la participaci\u00f3n en este evento representa una oportunidad estrat\u00e9gica para seguir consolidando la presencia del pa\u00eds en el mercado estadounidense.&hellip; <\/p>\n","protected":false},"author":2,"featured_media":6468,"comment_status":"closed","ping_status":"closed","sticky":false,"template":"","format":"standard","meta":{"fifu_image_url":"https:\/\/presidencia.gob.do\/sites\/default\/files\/styles\/large\/public\/news\/2025-09\/Biviana%20Riveiro%20Disla,%20directora%20ejecutiva%20de%20ProDominicana.jpg?itok=64u3_XHv","fifu_image_alt":"<div>Rep\u00fablica Dominicana exhibe oferta exportable en Am\u00e9ricas Food & Beverage 2025 en Miami<\/div>","footnotes":""},"categories":[23],"tags":[],"class_list":["post-6467","post","type-post","status-publish","format-standard","has-post-thumbnail","hentry","category-comercio-internacional"],"_links":{"self":[{"href":"https:\/\/elmundodelapolitica.com\/v1\/wp-json\/wp\/v2\/posts\/6467","targetHints":{"allow":["GET"]}}],"collection":[{"href":"https:\/\/elmundodelapolitica.com\/v1\/wp-json\/wp\/v2\/posts"}],"about":[{"href":"https:\/\/elmundodelapolitica.com\/v1\/wp-json\/wp\/v2\/types\/post"}],"author":[{"embeddable":true,"href":"https:\/\/elmundodelapolitica.com\/v1\/wp-json\/wp\/v2\/users\/2"}],"replies":[{"embeddable":true,"href":"https:\/\/elmundodelapolitica.com\/v1\/wp-json\/wp\/v2\/comments?post=6467"}],"version-history":[{"count":0,"href":"https:\/\/elmundodelapolitica.com\/v1\/wp-json\/wp\/v2\/posts\/6467\/revisions"}],"wp:featuredmedia":[{"embeddable":true,"href":"https:\/\/elmundodelapolitica.com\/v1\/wp-json\/wp\/v2\/media\/6468"}],"wp:attachment":[{"href":"https:\/\/elmundodelapolitica.com\/v1\/wp-json\/wp\/v2\/media?parent=6467"}],"wp:term":[{"taxonomy":"category","embeddable":true,"href":"https:\/\/elmundodelapolitica.com\/v1\/wp-json\/wp\/v2\/categories?post=6467"},{"taxonomy":"post_tag","embeddable":true,"href":"https:\/\/elmundodelapolitica.com\/v1\/wp-json\/wp\/v2\/tags?post=6467"}],"curies":[{"name":"wp","href":"https:\/\/api.w.org\/{rel}","templated":true}]}}