{"id":6463,"date":"2025-09-09T18:30:34","date_gmt":"2025-09-09T22:30:34","guid":{"rendered":"https:\/\/elmundodelapolitica.com\/v1\/?p=6463"},"modified":"2025-09-09T18:30:34","modified_gmt":"2025-09-09T22:30:34","slug":"energia-y-minas-y-olade-imparten-taller-para-impulsar-la-capacitacion-y-el-liderazgo-femenino-en-el-sector-energetico","status":"publish","type":"post","link":"https:\/\/elmundodelapolitica.com\/v1\/energia-y-minas-y-olade-imparten-taller-para-impulsar-la-capacitacion-y-el-liderazgo-femenino-en-el-sector-energetico\/","title":{"rendered":"Energ\u00eda y Minas y Olade imparten taller para impulsar la capacitaci\u00f3n y el liderazgo femenino en el sector energ\u00e9tico"},"content":{"rendered":"<div>\n<div>\n<div class=\"pf-content\">\n<div class=\"printfriendly pf-button pf-button-content pf-alignright\">\n                    <a href=\"https:\/\/mem.gob.do\/energia-y-minas-y-olade-imparten-taller-para-impulsar-la-capacitacion-y-el-liderazgo-femenino-en-el-sector-energetico\/?pfstyle=wp\" rel=\"nofollow\" onclick=\"\" title=\"Printer Friendly, PDF &amp; Email\"><br \/>\n                    <img decoding=\"async\" class=\"pf-button-img\" src=\"https:\/\/cdn.printfriendly.com\/buttons\/printfriendly-pdf-email-button-notext.png\" alt=\"Print Friendly, PDF &amp; Email\" style=\"width: 110px;height: 30px;\"><br \/>\n                    <\/a>\n                <\/div>\n<p><em>La iniciativa busca compartir experiencias y buenas pr\u00e1cticas para enfrentar desaf\u00edos comunes en Am\u00e9rica Latina y el Caribe<\/em><\/p>\n<p><span id=\"more-12124\"><\/span><\/p>\n<p><em>La iniciativa busca compartir experiencias y buenas pr\u00e1cticas para enfrentar desaf\u00edos comunes en Am\u00e9rica Latina y el Caribe<\/em><\/p>\n<div class=\"wp-block-post-date\"><time datetime=\"2025-09-10T01:34:14+04:00\">10 septiembre, 2025<\/time><\/div>\n<div class=\"wp-block-media-text is-stacked-on-mobile\" style=\"grid-template-columns:37% auto\">\n<figure class=\"wp-block-media-text__media\"><img fetchpriority=\"high\" decoding=\"async\" width=\"1024\" height=\"684\" src=\"https:\/\/mem.gob.do\/wp-content\/uploads\/2025\/09\/WhatsApp-Image-2025-09-09-at-4.29.01-PM-1-1024x684.jpeg\" alt=\"\" class=\"wp-image-12126 size-full\" srcset=\"https:\/\/mem.gob.do\/wp-content\/uploads\/2025\/09\/WhatsApp-Image-2025-09-09-at-4.29.01-PM-1-1024x684.jpeg 1024w, https:\/\/mem.gob.do\/wp-content\/uploads\/2025\/09\/WhatsApp-Image-2025-09-09-at-4.29.01-PM-1-300x200.jpeg 300w, https:\/\/mem.gob.do\/wp-content\/uploads\/2025\/09\/WhatsApp-Image-2025-09-09-at-4.29.01-PM-1-768x513.jpeg 768w, https:\/\/mem.gob.do\/wp-content\/uploads\/2025\/09\/WhatsApp-Image-2025-09-09-at-4.29.01-PM-1-1536x1026.jpeg 1536w, https:\/\/mem.gob.do\/wp-content\/uploads\/2025\/09\/WhatsApp-Image-2025-09-09-at-4.29.01-PM-1-2048x1368.jpeg 2048w\" sizes=\"(max-width: 1024px) 100vw, 1024px\"><\/figure>\n<div class=\"wp-block-media-text__content\">\n<p><strong>SANTO DOMINGO. <\/strong>\u2013 El Ministerio de Energ\u00eda y Minas (MEM) y la Organizaci\u00f3n Latinoamericana de Energ\u00eda (Olade) realizaron un taller de intercambio de experiencias y buenas pr\u00e1cticas a fin de fortalecer las capacidades de las integrantes de la Red de Mujeres en Energ\u00eda de la Rep\u00fablica Dominicana y fomentar su desarrollo en el sector.<\/p>\n<\/div>\n<\/div>\n<p>La jornada formativa, denominada \u201cTaller nacional de fortalecimiento de capacidades para Redes de Mujeres en Energ\u00eda, Rep\u00fablica Dominicana\u201d, forma parte de las iniciativas que impulsan la consolidaci\u00f3n de la Red Latinoamericana y Caribe\u00f1a de Mujeres en Energ\u00eda (Redlacme), un espacio regional que busca fortalecer la presencia y la voz femenina en el sector energ\u00e9tico de Am\u00e9rica Latina y el Caribe.<\/p>\n<p>El viceministro de Energ\u00eda, Alfonso Rodr\u00edguez, al pronunciar las palabras de apertura, destac\u00f3 la trascendencia de este tipo de encuentros, al considerar que se alinean con la visi\u00f3n de desarrollo y sostenibilidad del MEM como \u00f3rgano rector.<\/p>\n<div class=\"wp-block-media-text is-stacked-on-mobile\" style=\"grid-template-columns:35% auto\">\n<figure class=\"wp-block-media-text__media\"><img loading=\"lazy\" data-attachment-id=\"12127\" data-permalink=\"https:\/\/www.elmundodelosnegocios.com.do\/v1\/firmaran-durante-semana-de-francia-acuerdos-bilaterales\/firmaran-durante-semana-de-francia-acuerdos-bilaterales\/\" data-orig-file=\"https:\/\/i0.wp.com\/elmundodelosnegocios.com.do\/v1\/wp-content\/uploads\/2021\/11\/g6a73fe82e546d9f8d2475a1727e8bcad44923249e4e8cc38cdab64b480a2ba507749f1c5c9e156cd47288113acd7b7e2_640.jpg?fit=640%2C426&amp;ssl=1\" data-orig-size=\"640,426\" data-comments-opened=\"0\" data-image-meta='{\"aperture\":\"0\",\"credit\":\"\",\"camera\":\"\",\"caption\":\"\",\"created_timestamp\":\"0\",\"copyright\":\"\",\"focal_length\":\"0\",\"iso\":\"0\",\"shutter_speed\":\"0\",\"title\":\"\",\"orientation\":\"0\"}' data-image-title=\"Firmar\u00e1n durante Semana de Francia acuerdos bilaterales\" data-image-description=\"\" data-image-caption=\"\" data-medium-file=\"https:\/\/i0.wp.com\/elmundodelosnegocios.com.do\/v1\/wp-content\/uploads\/2021\/11\/g6a73fe82e546d9f8d2475a1727e8bcad44923249e4e8cc38cdab64b480a2ba507749f1c5c9e156cd47288113acd7b7e2_640.jpg?fit=300%2C200&amp;ssl=1\" data-large-file=\"https:\/\/i0.wp.com\/elmundodelosnegocios.com.do\/v1\/wp-content\/uploads\/2021\/11\/g6a73fe82e546d9f8d2475a1727e8bcad44923249e4e8cc38cdab64b480a2ba507749f1c5c9e156cd47288113acd7b7e2_640.jpg?fit=640%2C426&amp;ssl=1\" decoding=\"async\" width=\"1024\" height=\"684\" src=\"https:\/\/mem.gob.do\/wp-content\/uploads\/2025\/09\/WhatsApp-Image-2025-09-09-at-4.29.01-PM-2-1024x684.jpeg\" alt=\"\" class=\"wp-image-12127 size-full\" srcset=\"https:\/\/mem.gob.do\/wp-content\/uploads\/2025\/09\/WhatsApp-Image-2025-09-09-at-4.29.01-PM-2-1024x684.jpeg 1024w, https:\/\/mem.gob.do\/wp-content\/uploads\/2025\/09\/WhatsApp-Image-2025-09-09-at-4.29.01-PM-2-300x200.jpeg 300w, https:\/\/mem.gob.do\/wp-content\/uploads\/2025\/09\/WhatsApp-Image-2025-09-09-at-4.29.01-PM-2-768x513.jpeg 768w, https:\/\/mem.gob.do\/wp-content\/uploads\/2025\/09\/WhatsApp-Image-2025-09-09-at-4.29.01-PM-2-1536x1026.jpeg 1536w, https:\/\/mem.gob.do\/wp-content\/uploads\/2025\/09\/WhatsApp-Image-2025-09-09-at-4.29.01-PM-2-2048x1368.jpeg 2048w\" sizes=\"auto, (max-width: 1024px) 100vw, 1024px\"><\/figure>\n<div class=\"wp-block-media-text__content\">\n<p>\u201cCon este taller buscamos fortalecer los lazos y conocimientos entre las mujeres que trabajan en el sector energ\u00e9tico de toda Latinoam\u00e9rica. Nos sentimos orgullosos de ser anfitriones y confiamos en que se logren los prop\u00f3sitos planteados\u201d, expres\u00f3 Rodr\u00edguez.<\/p>\n<\/div>\n<\/div>\n<p>Por su parte, Gloria Alvarenga, directora de Integraci\u00f3n y Acceso a la Seguridad Energ\u00e9tica de la Olade y facilitadora del taller, resalt\u00f3 que este es el primer encuentro de su tipo en la regi\u00f3n y confi\u00f3 en que tendr\u00e1 un efecto multiplicador en el aprendizaje colectivo sobre buenas pr\u00e1cticas para enfrentar desaf\u00edos comunes en materia de g\u00e9nero.<\/p>\n<p>\u201cCreemos firmemente en el rol fundamental de las mujeres para el desarrollo sostenible y la innovaci\u00f3n en la energ\u00eda. Esta iniciativa es un paso clave para visibilizar y fortalecer su contribuci\u00f3n de manera comunitaria\u201d, manifest\u00f3 Alvarenga, quien agradeci\u00f3 la colaboraci\u00f3n del Gobierno dominicano a trav\u00e9s del Ministerio de Energ\u00eda y Minas.<\/p>\n<p>De igual forma, Pamela Pimentel, presidenta de la Red de Mujeres en Energ\u00eda de la Rep\u00fablica Dominicana, valor\u00f3 como positivo la oportunidad de dialogar sobre los principales retos que enfrentan sus integrantes y ampliar el conocimiento sobre la realidad actual.<\/p>\n<p>En tanto, P\u00eda Su\u00e1rez, presidenta de la Asociaci\u00f3n de Mujeres en Energ\u00eda de Chile, agradeci\u00f3 la apertura y receptividad de las autoridades dominicanas para acoger el evento.<\/p>\n<p>En la actividad tambi\u00e9n estuvieron presentes Gustavo Mej\u00eda-Ricart, director de Relaciones Internacionales del MEM; Kenya Mercedes, directora del Parque Tem\u00e1tico de Energ\u00eda Renovable; Aura Caraballo, miembro del Consejo Directivo de la Superintendencia de Electricidad, as\u00ed como autoridades de la Unidad de G\u00e9nero y Equidad y otras \u00e1reas del MEM.<\/p>\n<\/div>\n<p>The post <a href=\"https:\/\/mem.gob.do\/energia-y-minas-y-olade-imparten-taller-para-impulsar-la-capacitacion-y-el-liderazgo-femenino-en-el-sector-energetico\/\">Energ\u00eda y Minas y Olade imparten taller para impulsar la capacitaci\u00f3n y el liderazgo femenino en el sector energ\u00e9tico<\/a> first appeared on <a href=\"https:\/\/mem.gob.do\/\">Ministerio de Energ\u00eda y Minas<\/a>.<\/p>\n<\/div>\n<\/div>\n","protected":false},"excerpt":{"rendered":"<p>La iniciativa busca compartir experiencias y buenas pr\u00e1cticas para enfrentar desaf\u00edos comunes en Am\u00e9rica Latina y el Caribe La iniciativa busca compartir experiencias y buenas pr\u00e1cticas para enfrentar desaf\u00edos comunes&hellip; <\/p>\n","protected":false},"author":2,"featured_media":6464,"comment_status":"closed","ping_status":"closed","sticky":false,"template":"","format":"standard","meta":{"fifu_image_url":"https:\/\/cdn.printfriendly.com\/buttons\/printfriendly-pdf-email-button-notext.png","fifu_image_alt":"Energ\u00eda y Minas y Olade imparten taller para impulsar la capacitaci\u00f3n y el liderazgo femenino en el sector energ\u00e9tico","footnotes":""},"categories":[29],"tags":[],"class_list":["post-6463","post","type-post","status-publish","format-standard","has-post-thumbnail","hentry","category-energia"],"_links":{"self":[{"href":"https:\/\/elmundodelapolitica.com\/v1\/wp-json\/wp\/v2\/posts\/6463","targetHints":{"allow":["GET"]}}],"collection":[{"href":"https:\/\/elmundodelapolitica.com\/v1\/wp-json\/wp\/v2\/posts"}],"about":[{"href":"https:\/\/elmundodelapolitica.com\/v1\/wp-json\/wp\/v2\/types\/post"}],"author":[{"embeddable":true,"href":"https:\/\/elmundodelapolitica.com\/v1\/wp-json\/wp\/v2\/users\/2"}],"replies":[{"embeddable":true,"href":"https:\/\/elmundodelapolitica.com\/v1\/wp-json\/wp\/v2\/comments?post=6463"}],"version-history":[{"count":0,"href":"https:\/\/elmundodelapolitica.com\/v1\/wp-json\/wp\/v2\/posts\/6463\/revisions"}],"wp:featuredmedia":[{"embeddable":true,"href":"https:\/\/elmundodelapolitica.com\/v1\/wp-json\/wp\/v2\/media\/6464"}],"wp:attachment":[{"href":"https:\/\/elmundodelapolitica.com\/v1\/wp-json\/wp\/v2\/media?parent=6463"}],"wp:term":[{"taxonomy":"category","embeddable":true,"href":"https:\/\/elmundodelapolitica.com\/v1\/wp-json\/wp\/v2\/categories?post=6463"},{"taxonomy":"post_tag","embeddable":true,"href":"https:\/\/elmundodelapolitica.com\/v1\/wp-json\/wp\/v2\/tags?post=6463"}],"curies":[{"name":"wp","href":"https:\/\/api.w.org\/{rel}","templated":true}]}}