{"id":6439,"date":"2025-09-08T11:30:33","date_gmt":"2025-09-08T15:30:33","guid":{"rendered":"https:\/\/elmundodelapolitica.com\/v1\/?p=6439"},"modified":"2025-09-08T11:30:33","modified_gmt":"2025-09-08T15:30:33","slug":"ministerio-de-energia-y-minas-concluye-con-exito-curso-en-materia-de-seguridad-a-su-personal-militar","status":"publish","type":"post","link":"https:\/\/elmundodelapolitica.com\/v1\/ministerio-de-energia-y-minas-concluye-con-exito-curso-en-materia-de-seguridad-a-su-personal-militar\/","title":{"rendered":"Ministerio de Energ\u00eda y Minas concluye con \u00e9xito curso en materia de seguridad a su personal militar"},"content":{"rendered":"<div>\n<div>\n<div class=\"pf-content\">\n<div class=\"printfriendly pf-button pf-button-content pf-alignright\">\n                    <a href=\"https:\/\/mem.gob.do\/ministerio-de-energia-y-minas-concluye-con-exito-curso-en-materia-de-seguridad-a-su-personal-militar\/?pfstyle=wp\" rel=\"nofollow\" onclick=\"\" title=\"Printer Friendly, PDF &amp; Email\"><br \/>\n                    <img decoding=\"async\" class=\"pf-button-img\" src=\"https:\/\/cdn.printfriendly.com\/buttons\/printfriendly-pdf-email-button-notext.png\" alt=\"Print Friendly, PDF &amp; Email\" style=\"width: 110px;height: 30px;\"><br \/>\n                    <\/a>\n                <\/div>\n<p><em>La capacitaci\u00f3n incluy\u00f3 manejo de armas y protecci\u00f3n de infraestructuras estrat\u00e9gicas vinculadas al sector energ\u00e9tico<\/em><\/p>\n<p><span id=\"more-12100\"><\/span><\/p>\n<p><em>La capacitaci\u00f3n incluy\u00f3 manejo de armas y protecci\u00f3n de infraestructuras estrat\u00e9gicas vinculadas al sector energ\u00e9tico<\/em><\/p>\n<div class=\"wp-block-post-date\"><time datetime=\"2025-09-08T18:41:32+04:00\">8 septiembre, 2025<\/time><\/div>\n<div class=\"wp-block-media-text is-stacked-on-mobile\" style=\"grid-template-columns:37% auto\">\n<figure class=\"wp-block-media-text__media\"><img fetchpriority=\"high\" decoding=\"async\" width=\"1024\" height=\"684\" src=\"https:\/\/mem.gob.do\/wp-content\/uploads\/2025\/09\/WhatsApp-Image-2025-09-08-at-10.21.43-AM-1-1024x684.jpeg\" alt=\"Militares asignados al MEM\" class=\"wp-image-12102 size-full\" srcset=\"https:\/\/mem.gob.do\/wp-content\/uploads\/2025\/09\/WhatsApp-Image-2025-09-08-at-10.21.43-AM-1-1024x684.jpeg 1024w, https:\/\/mem.gob.do\/wp-content\/uploads\/2025\/09\/WhatsApp-Image-2025-09-08-at-10.21.43-AM-1-300x200.jpeg 300w, https:\/\/mem.gob.do\/wp-content\/uploads\/2025\/09\/WhatsApp-Image-2025-09-08-at-10.21.43-AM-1-768x513.jpeg 768w, https:\/\/mem.gob.do\/wp-content\/uploads\/2025\/09\/WhatsApp-Image-2025-09-08-at-10.21.43-AM-1-1536x1026.jpeg 1536w, https:\/\/mem.gob.do\/wp-content\/uploads\/2025\/09\/WhatsApp-Image-2025-09-08-at-10.21.43-AM-1-2048x1368.jpeg 2048w\" sizes=\"(max-width: 1024px) 100vw, 1024px\"><\/figure>\n<div class=\"wp-block-media-text__content\">\n<p><strong>MONTE PLATA.<\/strong> \u2013 El Ministerio de Energ\u00eda y Minas (MEM), en coordinaci\u00f3n con el Ministerio de Defensa (MIDE), finaliz\u00f3 ayer el curso \u201cCapacitaci\u00f3n en Materia de Seguridad Personal, Protecci\u00f3n de Infraestructuras y Manejo de Armas de Fuego\u201d, destinado a reforzar la seguridad y la protecci\u00f3n de las instalaciones estrat\u00e9gicas del ministerio.<\/p>\n<\/div>\n<\/div>\n<p>En las tres capacitaciones, realizadas a trav\u00e9s de la Direcci\u00f3n de Seguridad F\u00edsica del MEM, participaron 40 militares asignados a la sede de la instituci\u00f3n, a sus localidades y dependencias directas, quienes fueron formados en seguridad personal, protecci\u00f3n de infraestructuras y manejo de armas.<\/p>\n<div class=\"wp-block-media-text has-media-on-the-right is-stacked-on-mobile\" style=\"grid-template-columns:auto 37%\">\n<div class=\"wp-block-media-text__content\">\n<p>La \u00faltima capacitaci\u00f3n concluy\u00f3 con una jornada pr\u00e1ctica de manejo de armas de fuego y seguridad personal en el campo de tiro del Ej\u00e9rcito de la Rep\u00fablica Dominicana (ERD), en Sierra Prieta, municipio Yamas\u00e1, provincia Monte Plata. La actividad incluy\u00f3 instrucci\u00f3n te\u00f3rica y pr\u00e1cticas de tiro con rev\u00f3lver calibre .38, escopeta y fusil.<\/p>\n<\/div>\n<figure class=\"wp-block-media-text__media\"><img loading=\"lazy\" data-attachment-id=\"12103\" data-permalink=\"https:\/\/www.elmundodelosnegocios.com.do\/v1\/barco-participo-en-infocomm-2021-donde-mostro-cartera-soluciones-de-visualizacion\/barco-participo-en-infocomm-2021-donde-mostro-cartera-soluciones-de-visualizacion\/\" data-orig-file=\"https:\/\/i0.wp.com\/elmundodelosnegocios.com.do\/v1\/wp-content\/uploads\/2021\/11\/ga8ca7b517d9697620a5c1ce707db5929202dea4590e5b64463ddcc4fe30650921328447f65cb4b7f11d91b29c92ddf9a_640.jpg?fit=640%2C413&amp;ssl=1\" data-orig-size=\"640,413\" data-comments-opened=\"0\" data-image-meta='{\"aperture\":\"0\",\"credit\":\"\",\"camera\":\"\",\"caption\":\"\",\"created_timestamp\":\"0\",\"copyright\":\"\",\"focal_length\":\"0\",\"iso\":\"0\",\"shutter_speed\":\"0\",\"title\":\"\",\"orientation\":\"0\"}' data-image-title=\"Barco participo en InfoComm 2021 donde mostr\u00f3 cartera soluciones de visualizaci\u00f3n\" data-image-description=\"\" data-image-caption=\"\" data-medium-file=\"https:\/\/i0.wp.com\/elmundodelosnegocios.com.do\/v1\/wp-content\/uploads\/2021\/11\/ga8ca7b517d9697620a5c1ce707db5929202dea4590e5b64463ddcc4fe30650921328447f65cb4b7f11d91b29c92ddf9a_640.jpg?fit=300%2C194&amp;ssl=1\" data-large-file=\"https:\/\/i0.wp.com\/elmundodelosnegocios.com.do\/v1\/wp-content\/uploads\/2021\/11\/ga8ca7b517d9697620a5c1ce707db5929202dea4590e5b64463ddcc4fe30650921328447f65cb4b7f11d91b29c92ddf9a_640.jpg?fit=640%2C413&amp;ssl=1\" decoding=\"async\" width=\"1024\" height=\"684\" src=\"https:\/\/mem.gob.do\/wp-content\/uploads\/2025\/09\/WhatsApp-Image-2025-09-08-at-10.21.42-AM-1024x684.jpeg\" alt=\"Militares asignados al MEM realizaron pr\u00e1cticas en el campo de tiro de Sierra Prieta, Monte Plata.\" class=\"wp-image-12103 size-full\" srcset=\"https:\/\/mem.gob.do\/wp-content\/uploads\/2025\/09\/WhatsApp-Image-2025-09-08-at-10.21.42-AM-1024x684.jpeg 1024w, https:\/\/mem.gob.do\/wp-content\/uploads\/2025\/09\/WhatsApp-Image-2025-09-08-at-10.21.42-AM-300x200.jpeg 300w, https:\/\/mem.gob.do\/wp-content\/uploads\/2025\/09\/WhatsApp-Image-2025-09-08-at-10.21.42-AM-768x513.jpeg 768w, https:\/\/mem.gob.do\/wp-content\/uploads\/2025\/09\/WhatsApp-Image-2025-09-08-at-10.21.42-AM-1536x1026.jpeg 1536w, https:\/\/mem.gob.do\/wp-content\/uploads\/2025\/09\/WhatsApp-Image-2025-09-08-at-10.21.42-AM-2048x1368.jpeg 2048w\" sizes=\"auto, (max-width: 1024px) 100vw, 1024px\"><\/figure>\n<\/div>\n<p>El encargado de Operaciones de la Direcci\u00f3n de Seguridad del MEM, teniente coronel C\u00e9sar Rodr\u00edguez Valdez, destac\u00f3 la importancia de las capacitaciones en diversas \u00e1reas. En cuanto a la pr\u00e1ctica de tiro en vivo, se\u00f1al\u00f3 que esta busca refrescar y unificar los conocimientos de los militares que laboran en la sede y dependencias del ministerio.<\/p>\n<p>Rodr\u00edguez Valdez enfatiz\u00f3 que esta pr\u00e1ctica forma parte de las diversas capacitaciones que ha recibido el personal militar del ministerio desde el s\u00e1bado 23 de agosto hasta la fecha, cuyas jornadas pr\u00e1cticas y virtuales calific\u00f3 como \u201cexitosas\u201d en beneficio de los soldados que laboran en la instituci\u00f3n gubernamental.<\/p>\n<p>Por su parte, el encargado de Seguridad de la Planta F\u00edsica del MEM, capit\u00e1n de fragata Kennedy Luna, destac\u00f3 la intensidad de las jornadas, orientadas a incrementar la capacidad de respuesta y apoyo a las misiones que requieren las Fuerzas Armadas, aun cuando se trate de personal asignado a un organismo civil.<\/p>\n<div class=\"wp-block-media-text is-stacked-on-mobile\" style=\"grid-template-columns:36% auto\">\n<figure class=\"wp-block-media-text__media\"><img loading=\"lazy\" data-attachment-id=\"12104\" data-permalink=\"https:\/\/www.elmundodelosnegocios.com.do\/v1\/barco-participo-en-infocomm-2021-donde-mostro-cartera-soluciones-de-visualizacion\/00-27\/\" data-orig-file=\"https:\/\/i0.wp.com\/elmundodelosnegocios.com.do\/v1\/wp-content\/uploads\/2021\/11\/00.jpeg?fit=1280%2C960&amp;ssl=1\" data-orig-size=\"1280,960\" data-comments-opened=\"0\" data-image-meta='{\"aperture\":\"0\",\"credit\":\"\",\"camera\":\"\",\"caption\":\"\",\"created_timestamp\":\"0\",\"copyright\":\"\",\"focal_length\":\"0\",\"iso\":\"0\",\"shutter_speed\":\"0\",\"title\":\"\",\"orientation\":\"0\"}' data-image-title=\"00\" data-image-description=\"\" data-image-caption=\"\" data-medium-file=\"https:\/\/i0.wp.com\/elmundodelosnegocios.com.do\/v1\/wp-content\/uploads\/2021\/11\/00.jpeg?fit=300%2C225&amp;ssl=1\" data-large-file=\"https:\/\/i0.wp.com\/elmundodelosnegocios.com.do\/v1\/wp-content\/uploads\/2021\/11\/00.jpeg?fit=1024%2C768&amp;ssl=1\" decoding=\"async\" width=\"1024\" height=\"684\" src=\"https:\/\/mem.gob.do\/wp-content\/uploads\/2025\/09\/WhatsApp-Image-2025-09-08-at-10.21.43-AM-2-1024x684.jpeg\" alt=\"\" class=\"wp-image-12104 size-full\" srcset=\"https:\/\/mem.gob.do\/wp-content\/uploads\/2025\/09\/WhatsApp-Image-2025-09-08-at-10.21.43-AM-2-1024x684.jpeg 1024w, https:\/\/mem.gob.do\/wp-content\/uploads\/2025\/09\/WhatsApp-Image-2025-09-08-at-10.21.43-AM-2-300x200.jpeg 300w, https:\/\/mem.gob.do\/wp-content\/uploads\/2025\/09\/WhatsApp-Image-2025-09-08-at-10.21.43-AM-2-768x513.jpeg 768w, https:\/\/mem.gob.do\/wp-content\/uploads\/2025\/09\/WhatsApp-Image-2025-09-08-at-10.21.43-AM-2-1536x1026.jpeg 1536w, https:\/\/mem.gob.do\/wp-content\/uploads\/2025\/09\/WhatsApp-Image-2025-09-08-at-10.21.43-AM-2-2048x1368.jpeg 2048w\" sizes=\"auto, (max-width: 1024px) 100vw, 1024px\"><\/figure>\n<div class=\"wp-block-media-text__content\">\n<p>La instrucci\u00f3n de armas de fuego, dirigida por el capit\u00e1n Joel Josu\u00e9 Almonte, del ERD, adscrito a la T\u00e1ctica Contra Terrorismo del Ministerio de Defensa, incluy\u00f3 principios b\u00e1sicos de seguridad, manejo responsable de armas y t\u00e9cnicas de disparo, como posici\u00f3n, agarre, control de la respiraci\u00f3n, alineaci\u00f3n de miras y acci\u00f3n del disparador, para minimizar los riesgos asociados a su manipulaci\u00f3n.<\/p>\n<\/div>\n<\/div>\n<p>La Direcci\u00f3n de Seguridad F\u00edsica del MEM, bajo la coordinaci\u00f3n del capit\u00e1n de nav\u00edo Elvis Abreu, organiz\u00f3 el curso a fin de asegurar la integraci\u00f3n de los protocolos militares con las normativas civiles aplicables al sector energ\u00e9tico y garantizar la protecci\u00f3n de infraestructuras esenciales.<\/p>\n<\/div>\n<p>The post <a href=\"https:\/\/mem.gob.do\/ministerio-de-energia-y-minas-concluye-con-exito-curso-en-materia-de-seguridad-a-su-personal-militar\/\">Ministerio de Energ\u00eda y Minas concluye con \u00e9xito curso en materia de seguridad a su personal militar<\/a> first appeared on <a href=\"https:\/\/mem.gob.do\/\">Ministerio de Energ\u00eda y Minas<\/a>.<\/p>\n<\/div>\n<\/div>\n","protected":false},"excerpt":{"rendered":"<p>La capacitaci\u00f3n incluy\u00f3 manejo de armas y protecci\u00f3n de infraestructuras estrat\u00e9gicas vinculadas al sector energ\u00e9tico La capacitaci\u00f3n incluy\u00f3 manejo de armas y protecci\u00f3n de infraestructuras estrat\u00e9gicas vinculadas al sector energ\u00e9tico&hellip; <\/p>\n","protected":false},"author":2,"featured_media":6440,"comment_status":"closed","ping_status":"closed","sticky":false,"template":"","format":"standard","meta":{"fifu_image_url":"https:\/\/cdn.printfriendly.com\/buttons\/printfriendly-pdf-email-button-notext.png","fifu_image_alt":"Ministerio de Energ\u00eda y Minas concluye con \u00e9xito curso en materia de seguridad a su personal militar","footnotes":""},"categories":[29],"tags":[],"class_list":["post-6439","post","type-post","status-publish","format-standard","has-post-thumbnail","hentry","category-energia"],"_links":{"self":[{"href":"https:\/\/elmundodelapolitica.com\/v1\/wp-json\/wp\/v2\/posts\/6439","targetHints":{"allow":["GET"]}}],"collection":[{"href":"https:\/\/elmundodelapolitica.com\/v1\/wp-json\/wp\/v2\/posts"}],"about":[{"href":"https:\/\/elmundodelapolitica.com\/v1\/wp-json\/wp\/v2\/types\/post"}],"author":[{"embeddable":true,"href":"https:\/\/elmundodelapolitica.com\/v1\/wp-json\/wp\/v2\/users\/2"}],"replies":[{"embeddable":true,"href":"https:\/\/elmundodelapolitica.com\/v1\/wp-json\/wp\/v2\/comments?post=6439"}],"version-history":[{"count":0,"href":"https:\/\/elmundodelapolitica.com\/v1\/wp-json\/wp\/v2\/posts\/6439\/revisions"}],"wp:featuredmedia":[{"embeddable":true,"href":"https:\/\/elmundodelapolitica.com\/v1\/wp-json\/wp\/v2\/media\/6440"}],"wp:attachment":[{"href":"https:\/\/elmundodelapolitica.com\/v1\/wp-json\/wp\/v2\/media?parent=6439"}],"wp:term":[{"taxonomy":"category","embeddable":true,"href":"https:\/\/elmundodelapolitica.com\/v1\/wp-json\/wp\/v2\/categories?post=6439"},{"taxonomy":"post_tag","embeddable":true,"href":"https:\/\/elmundodelapolitica.com\/v1\/wp-json\/wp\/v2\/tags?post=6439"}],"curies":[{"name":"wp","href":"https:\/\/api.w.org\/{rel}","templated":true}]}}