{"id":6437,"date":"2025-09-08T11:19:55","date_gmt":"2025-09-08T15:19:55","guid":{"rendered":"https:\/\/elmundodelapolitica.com\/v1\/?p=6437"},"modified":"2025-09-08T11:19:55","modified_gmt":"2025-09-08T15:19:55","slug":"ligia-bonetti-recibe-reconocimiento-trayectoria-empresarial-en-days-to-shine","status":"publish","type":"post","link":"https:\/\/elmundodelapolitica.com\/v1\/ligia-bonetti-recibe-reconocimiento-trayectoria-empresarial-en-days-to-shine\/","title":{"rendered":"Ligia Bonetti recibe reconocimiento \u201cTrayectoria Empresarial\u201d en Days to Shine"},"content":{"rendered":"<div>\n<p>La l\u00edder empresarial dominicana fue reconocida por su \u00e9tica, visi\u00f3n y compromiso social con el desarrollo sostenible de Rep\u00fablica Dominicana.<\/p>\n<p>Santo Domingo, R.D. \u2013 8 de septiembre de 2025 \u2013 Ligia Bonetti, presidente ejecutiva de Grupo SID, recibi\u00f3 el galard\u00f3n Trayectoria Empresarial durante la premiaci\u00f3n Mujeres que Brillan, celebrada en el marco del evento Days to Shine. La distinci\u00f3n reconoce su liderazgo \u00e9tico, compromiso con el desarrollo econ\u00f3mico y social del pa\u00eds, as\u00ed como su capacidad para inspirar a las nuevas generaciones de mujeres a asumir posiciones de influencia con prop\u00f3sito.<\/p>\n<figure id=\"attachment_72764\" aria-describedby=\"caption-attachment-72764\" style=\"width: 2560px\" class=\"wp-caption aligncenter\"><a href=\"http:\/\/elmundodelosnegocios.com.do\/v1\/wp-content\/uploads\/2025\/09\/image-3-scaled.jpg\"><img loading=\"lazy\" decoding=\"async\" data-attachment-id=\"72764\" data-permalink=\"https:\/\/www.elmundodelosnegocios.com.do\/v1\/ligia-bonetti-recibe-reconocimiento-trayectoria-empresarial-en-days-to-shine\/image-20\/\" data-orig-file=\"https:\/\/i0.wp.com\/elmundodelosnegocios.com.do\/v1\/wp-content\/uploads\/2025\/09\/image-3-scaled.jpg?fit=2560%2C1920&amp;ssl=1\" data-orig-size=\"2560,1920\" data-comments-opened=\"0\" data-image-meta='{\"aperture\":\"0\",\"credit\":\"\",\"camera\":\"\",\"caption\":\"\",\"created_timestamp\":\"0\",\"copyright\":\"\",\"focal_length\":\"0\",\"iso\":\"0\",\"shutter_speed\":\"0\",\"title\":\"\",\"orientation\":\"0\"}' data-image-title=\"Evelyn Betancourt, Ligia Bonetti y Emilio Estefan.\" data-image-description=\"&lt;p&gt;Evelyn Betancourt, Ligia Bonetti y Emilio Estefan.&lt;\/p&gt;\n\" data-image-caption=\"&lt;p&gt;Evelyn Betancourt, Ligia Bonetti y Emilio Estefan.&lt;\/p&gt;\n\" data-medium-file=\"https:\/\/i0.wp.com\/elmundodelosnegocios.com.do\/v1\/wp-content\/uploads\/2025\/09\/image-3-scaled.jpg?fit=300%2C225&amp;ssl=1\" data-large-file=\"https:\/\/i0.wp.com\/elmundodelosnegocios.com.do\/v1\/wp-content\/uploads\/2025\/09\/image-3-scaled.jpg?fit=1024%2C768&amp;ssl=1\" class=\"size-full wp-image-72764\" src=\"http:\/\/elmundodelosnegocios.com.do\/v1\/wp-content\/uploads\/2025\/09\/image-3-scaled.jpg\" alt=\"Evelyn Betancourt, Ligia Bonetti y Emilio Estefan.\" width=\"2560\" height=\"1920\" srcset=\"http:\/\/elmundodelosnegocios.com.do\/v1\/wp-content\/uploads\/2025\/09\/image-3-scaled.jpg 2560w, http:\/\/elmundodelosnegocios.com.do\/v1\/wp-content\/uploads\/2025\/09\/image-3-300x225.jpg 300w, http:\/\/elmundodelosnegocios.com.do\/v1\/wp-content\/uploads\/2025\/09\/image-3-1024x768.jpg 1024w, http:\/\/elmundodelosnegocios.com.do\/v1\/wp-content\/uploads\/2025\/09\/image-3-768x576.jpg 768w, http:\/\/elmundodelosnegocios.com.do\/v1\/wp-content\/uploads\/2025\/09\/image-3-1536x1152.jpg 1536w, http:\/\/elmundodelosnegocios.com.do\/v1\/wp-content\/uploads\/2025\/09\/image-3-2048x1536.jpg 2048w\" sizes=\"auto, (max-width: 2560px) 100vw, 2560px\"><\/a><figcaption id=\"caption-attachment-72764\" class=\"wp-caption-text\">Evelyn Betancourt, Ligia Bonetti y Emilio Estefan.<\/figcaption><\/figure>\n<p>La ceremonia fue encabezada por la cofundadora de Days to Shine y directora de News Group, Evelyn Betancourt; Carlos Rodr\u00edguez, presidente de News Group; Victoria Naut, cofundadora de Days to Shine, junto al productor Emilio Estefan, quien se uni\u00f3 como socio y fue nombrado padrino de la edici\u00f3n 2025.<\/p>\n<p>Al agradecer el reconocimiento, Bonetti enfatiz\u00f3 que todos llevamos dentro una luz que debemos cultivar, y que quienes asumen roles de liderazgo tienen la responsabilidad de abrir caminos, acompa\u00f1ar con integridad y generar oportunidades para que otros tambi\u00e9n puedan brillar.<\/p>\n<p><a href=\"http:\/\/elmundodelosnegocios.com.do\/v1\/wp-content\/uploads\/2025\/09\/image-1-3.jpg\"><img loading=\"lazy\" decoding=\"async\" data-attachment-id=\"72765\" data-permalink=\"https:\/\/www.elmundodelosnegocios.com.do\/v1\/ligia-bonetti-recibe-reconocimiento-trayectoria-empresarial-en-days-to-shine\/image-1-17\/\" data-orig-file=\"https:\/\/i0.wp.com\/elmundodelosnegocios.com.do\/v1\/wp-content\/uploads\/2025\/09\/image-1-3.jpg?fit=1000%2C667&amp;ssl=1\" data-orig-size=\"1000,667\" data-comments-opened=\"0\" data-image-meta='{\"aperture\":\"0\",\"credit\":\"\",\"camera\":\"\",\"caption\":\"\",\"created_timestamp\":\"0\",\"copyright\":\"\",\"focal_length\":\"0\",\"iso\":\"0\",\"shutter_speed\":\"0\",\"title\":\"\",\"orientation\":\"0\"}' data-image-title=\"image 1\" data-image-description=\"\" data-image-caption=\"\" data-medium-file=\"https:\/\/i0.wp.com\/elmundodelosnegocios.com.do\/v1\/wp-content\/uploads\/2025\/09\/image-1-3.jpg?fit=300%2C200&amp;ssl=1\" data-large-file=\"https:\/\/i0.wp.com\/elmundodelosnegocios.com.do\/v1\/wp-content\/uploads\/2025\/09\/image-1-3.jpg?fit=1000%2C667&amp;ssl=1\" class=\"aligncenter size-full wp-image-72765\" src=\"http:\/\/elmundodelosnegocios.com.do\/v1\/wp-content\/uploads\/2025\/09\/image-1-3.jpg\" alt=\"\" width=\"1000\" height=\"667\" srcset=\"http:\/\/elmundodelosnegocios.com.do\/v1\/wp-content\/uploads\/2025\/09\/image-1-3.jpg 1000w, http:\/\/elmundodelosnegocios.com.do\/v1\/wp-content\/uploads\/2025\/09\/image-1-3-300x200.jpg 300w, http:\/\/elmundodelosnegocios.com.do\/v1\/wp-content\/uploads\/2025\/09\/image-1-3-768x512.jpg 768w\" sizes=\"auto, (max-width: 1000px) 100vw, 1000px\"><\/a><\/p>\n<p>Destac\u00f3 la importancia de rodearse de las personas correctas, aquellas que aportan confianza, compromiso y energ\u00eda positiva, porque son esas relaciones las que potencian el crecimiento, inspiran nuevas ideas y permiten que los resultados se conviertan en un \u00e9xito compartido.<\/p>\n<p>En sinton\u00eda con el lema del evento, \u201cOwn your joy, choose to be happy\u201d, afirm\u00f3 que la felicidad es una decisi\u00f3n que renovamos cada d\u00eda. En ese sentido, hizo un llamado a priorizar el bienestar integral, recordando que \u201ccuando nos conocemos, nos aceptamos y nos cuidamos, el impacto positivo que dejamos se multiplica en todas las \u00e1reas de la vida y en las personas que nos rodean\u201d.<\/p>\n<p><a href=\"http:\/\/elmundodelosnegocios.com.do\/v1\/wp-content\/uploads\/2025\/09\/image-2-1.jpg\"><img loading=\"lazy\" decoding=\"async\" data-attachment-id=\"72766\" data-permalink=\"https:\/\/www.elmundodelosnegocios.com.do\/v1\/ligia-bonetti-recibe-reconocimiento-trayectoria-empresarial-en-days-to-shine\/image-2-7\/\" data-orig-file=\"https:\/\/i0.wp.com\/elmundodelosnegocios.com.do\/v1\/wp-content\/uploads\/2025\/09\/image-2-1.jpg?fit=1000%2C667&amp;ssl=1\" data-orig-size=\"1000,667\" data-comments-opened=\"0\" data-image-meta='{\"aperture\":\"0\",\"credit\":\"\",\"camera\":\"\",\"caption\":\"\",\"created_timestamp\":\"0\",\"copyright\":\"\",\"focal_length\":\"0\",\"iso\":\"0\",\"shutter_speed\":\"0\",\"title\":\"\",\"orientation\":\"0\"}' data-image-title=\"image 2\" data-image-description=\"\" data-image-caption=\"\" data-medium-file=\"https:\/\/i0.wp.com\/elmundodelosnegocios.com.do\/v1\/wp-content\/uploads\/2025\/09\/image-2-1.jpg?fit=300%2C200&amp;ssl=1\" data-large-file=\"https:\/\/i0.wp.com\/elmundodelosnegocios.com.do\/v1\/wp-content\/uploads\/2025\/09\/image-2-1.jpg?fit=1000%2C667&amp;ssl=1\" class=\"aligncenter size-full wp-image-72766\" src=\"http:\/\/elmundodelosnegocios.com.do\/v1\/wp-content\/uploads\/2025\/09\/image-2-1.jpg\" alt=\"\" width=\"1000\" height=\"667\" srcset=\"http:\/\/elmundodelosnegocios.com.do\/v1\/wp-content\/uploads\/2025\/09\/image-2-1.jpg 1000w, http:\/\/elmundodelosnegocios.com.do\/v1\/wp-content\/uploads\/2025\/09\/image-2-1-300x200.jpg 300w, http:\/\/elmundodelosnegocios.com.do\/v1\/wp-content\/uploads\/2025\/09\/image-2-1-768x512.jpg 768w\" sizes=\"auto, (max-width: 1000px) 100vw, 1000px\"><\/a><\/p>\n<p><strong>Sobre Grupo SID<\/strong><\/p>\n<p>Grupo SID es uno de los mayores conglomerados de empresas de consumo masivo en la Rep\u00fablica Dominicana, con m\u00e1s de 2,000 productos y presencia en 21 pa\u00edses. Enfocada en el bienestar de sus colaboradores, aliados comerciales, consumidores y la sociedad en general, Grupo SID es reconocida como una de las mejores empresas para trabajar en el pa\u00eds. Su modelo de negocio, basado en la sostenibilidad y alineado con los principios del Pacto Global de las Naciones Unidas, le permite ofrecer productos y servicios de la m\u00e1s alta calidad, en alianza con marcas y empresas de prestigio internacional.<\/p>\n<\/div>\n","protected":false},"excerpt":{"rendered":"<p>La l\u00edder empresarial dominicana fue reconocida por su \u00e9tica, visi\u00f3n y compromiso social con el desarrollo sostenible de Rep\u00fablica Dominicana. Santo Domingo, R.D. \u2013 8 de septiembre de 2025 \u2013&hellip; <\/p>\n","protected":false},"author":2,"featured_media":6438,"comment_status":"closed","ping_status":"closed","sticky":false,"template":"","format":"standard","meta":{"fifu_image_url":"http:\/\/elmundodelosnegocios.com.do\/v1\/wp-content\/uploads\/2025\/09\/image-3-scaled.jpg","fifu_image_alt":"Ligia Bonetti recibe reconocimiento \u201cTrayectoria Empresarial\u201d en Days to Shine","footnotes":""},"categories":[70],"tags":[],"class_list":["post-6437","post","type-post","status-publish","format-standard","has-post-thumbnail","hentry","category-empresariales"],"_links":{"self":[{"href":"https:\/\/elmundodelapolitica.com\/v1\/wp-json\/wp\/v2\/posts\/6437","targetHints":{"allow":["GET"]}}],"collection":[{"href":"https:\/\/elmundodelapolitica.com\/v1\/wp-json\/wp\/v2\/posts"}],"about":[{"href":"https:\/\/elmundodelapolitica.com\/v1\/wp-json\/wp\/v2\/types\/post"}],"author":[{"embeddable":true,"href":"https:\/\/elmundodelapolitica.com\/v1\/wp-json\/wp\/v2\/users\/2"}],"replies":[{"embeddable":true,"href":"https:\/\/elmundodelapolitica.com\/v1\/wp-json\/wp\/v2\/comments?post=6437"}],"version-history":[{"count":0,"href":"https:\/\/elmundodelapolitica.com\/v1\/wp-json\/wp\/v2\/posts\/6437\/revisions"}],"wp:featuredmedia":[{"embeddable":true,"href":"https:\/\/elmundodelapolitica.com\/v1\/wp-json\/wp\/v2\/media\/6438"}],"wp:attachment":[{"href":"https:\/\/elmundodelapolitica.com\/v1\/wp-json\/wp\/v2\/media?parent=6437"}],"wp:term":[{"taxonomy":"category","embeddable":true,"href":"https:\/\/elmundodelapolitica.com\/v1\/wp-json\/wp\/v2\/categories?post=6437"},{"taxonomy":"post_tag","embeddable":true,"href":"https:\/\/elmundodelapolitica.com\/v1\/wp-json\/wp\/v2\/tags?post=6437"}],"curies":[{"name":"wp","href":"https:\/\/api.w.org\/{rel}","templated":true}]}}