{"id":6431,"date":"2025-09-08T09:55:01","date_gmt":"2025-09-08T13:55:01","guid":{"rendered":"https:\/\/elmundodelapolitica.com\/v1\/?p=6431"},"modified":"2025-09-08T09:55:01","modified_gmt":"2025-09-08T13:55:01","slug":"centro-cultural-taino-casa-del-cordon-celebra-la-huella-femenina-en-el-arte-dominicano","status":"publish","type":"post","link":"https:\/\/elmundodelapolitica.com\/v1\/centro-cultural-taino-casa-del-cordon-celebra-la-huella-femenina-en-el-arte-dominicano\/","title":{"rendered":"Centro Cultural Ta\u00edno Casa del Cord\u00f3n celebra la huella femenina en el arte dominicano"},"content":{"rendered":"<div>\n<h3 class=\"wp-block-heading\">La actividad form\u00f3 parte de la exposici\u00f3n\u00a0<em>Maestros de las Artes Visuales en la colecci\u00f3n del Banco Popular Dominicano<\/em><\/h3>\n<p>El\u00a0<strong>Centro Cultural Ta\u00edno Casa del Cord\u00f3n<\/strong>, iniciativa del\u00a0<strong>Banco Popular Dominicano<\/strong>, acogi\u00f3 este s\u00e1bado la visita guiada\u00a0<em>\u201cCinco mujeres fundamentales: Celeste, Soucy, Clara, Ada y Elsa\u201d<\/em>, un recorrido que rindi\u00f3 homenaje a cinco creadoras dominicanas cuyas obras forman parte de la exposici\u00f3n\u00a0<em>Maestros de las Artes Visuales en la colecci\u00f3n del Banco Popular Dominicano<\/em>.<\/p>\n<p><img loading=\"lazy\" decoding=\"async\" class=\"aligncenter size-full\" src=\"https:\/\/diariosocialrd.com\/wp-content\/uploads\/2025\/09\/IMG_8315-1170x780.jpeg\" width=\"1170\" height=\"780\"><\/p>\n<p>La actividad estuvo a cargo de la reconocida historiadora y curadora\u00a0<strong>Mar\u00eda Elena Ditr\u00e9n<\/strong>, quien acompa\u00f1\u00f3 a los asistentes a descubrir la trascendencia art\u00edstica de\u00a0<strong>Celeste Woss y Gil, Soucy de Pellerano, Clara Ledesma, Ada Balc\u00e1cer y Elsa N\u00fa\u00f1ez<\/strong>.<\/p>\n<figure class=\"wp-block-image size-large\"><a href=\"https:\/\/diariosocialrd.com\/wp-content\/uploads\/2025\/09\/IMG_8314-scaled.jpeg\" data-rel=\"penci-gallery-image-content\"><img loading=\"lazy\" decoding=\"async\" class=\"wp-image-236953 aligncenter\" src=\"https:\/\/diariosocialrd.com\/wp-content\/uploads\/2025\/09\/IMG_8314-1024x683.jpeg\" sizes=\"auto, (max-width: 1024px) 100vw, 1024px\" srcset=\"https:\/\/diariosocialrd.com\/wp-content\/uploads\/2025\/09\/IMG_8314-1024x683.jpeg 1024w, https:\/\/diariosocialrd.com\/wp-content\/uploads\/2025\/09\/IMG_8314-300x200.jpeg 300w, https:\/\/diariosocialrd.com\/wp-content\/uploads\/2025\/09\/IMG_8314-768x512.jpeg 768w, https:\/\/diariosocialrd.com\/wp-content\/uploads\/2025\/09\/IMG_8314-1536x1024.jpeg 1536w, https:\/\/diariosocialrd.com\/wp-content\/uploads\/2025\/09\/IMG_8314-2048x1365.jpeg 2048w, https:\/\/diariosocialrd.com\/wp-content\/uploads\/2025\/09\/IMG_8314-1920x1280.jpeg 1920w, https:\/\/diariosocialrd.com\/wp-content\/uploads\/2025\/09\/IMG_8314-1170x780.jpeg 1170w, https:\/\/diariosocialrd.com\/wp-content\/uploads\/2025\/09\/IMG_8314-585x390.jpeg 585w, https:\/\/diariosocialrd.com\/wp-content\/uploads\/2025\/09\/IMG_8314-263x175.jpeg 263w\" alt=\"\" width=\"1024\" height=\"683\"><\/a><\/figure>\n<p>Ditr\u00e9n destac\u00f3 que las piezas de estas maestras del arte contin\u00faan influyendo en la identidad cultural dominicana:\u00a0<em>\u201cEn cada trazo, forma y color, se manifiesta un legado que abri\u00f3 paso a nuevas formas de expresi\u00f3n y contin\u00faa inspirando a generaciones de artistas\u201d<\/em>.<\/p>\n<h3 class=\"wp-block-heading\">Cinco mujeres, cinco visiones<\/h3>\n<p>El recorrido resalt\u00f3 el aporte particular de cada creadora:<\/p>\n<ul>\n<li><strong>Celeste Woss y Gil<\/strong>, pionera en abrir camino hacia una etapa moderna del arte dominicano, fue pintora, escultora, dibujante y maestra, influyendo en varias generaciones.<\/li>\n<li><strong>Soucy de Pellerano<\/strong>, artista vers\u00e1til, explor\u00f3 la pintura, escultura, instalaciones y performance, con un sello de innovaci\u00f3n constante.<\/li>\n<li><strong>Clara Ledesma<\/strong>, reconocida por su estilo imaginativo y lleno de color, dej\u00f3 un universo de fantas\u00eda en el arte dominicano.<\/li>\n<li><strong>Ada Balc\u00e1cer<\/strong>, pintora, grabadora y ceramista, utiliz\u00f3 la luz como elemento central para expresar su identidad y su v\u00ednculo con la isla.<\/li>\n<li><strong>Elsa N\u00fa\u00f1ez<\/strong>, considerada una \u201cpoeta visual\u201d, fusiona imagen y emoci\u00f3n en cada obra, consolid\u00e1ndose como una de las artistas m\u00e1s influyentes de las \u00faltimas d\u00e9cadas.<\/li>\n<\/ul>\n<h3 class=\"wp-block-heading\">Una mirada al patrimonio art\u00edstico nacional<\/h3>\n<p>La visita guiada se enmarca dentro del programa cultural del Centro, que actualmente alberga la muestra\u00a0<em>Maestros de las Artes Visuales en la colecci\u00f3n del Banco Popular Dominicano<\/em>, un homenaje a grandes exponentes del arte nacional.<\/p>\n<p>El\u00a0<strong>Centro Cultural Ta\u00edno Casa del Cord\u00f3n<\/strong>\u00a0abre sus puertas de martes a domingo, de 9:30 a.m. a 6:30 p.m. Los interesados en conocer m\u00e1s sobre sus actividades pueden acceder a\u00a0<strong><a href=\"http:\/\/www.casadelcordon.com\/\">www.casadelcordon.com<\/a><\/strong>\u00a0o seguir la cuenta\u00a0<strong>@casadelcordon<\/strong>\u00a0en Instagram.<\/p>\n<\/div>\n","protected":false},"excerpt":{"rendered":"<p>La actividad form\u00f3 parte de la exposici\u00f3n\u00a0Maestros de las Artes Visuales en la colecci\u00f3n del Banco Popular Dominicano El\u00a0Centro Cultural Ta\u00edno Casa del Cord\u00f3n, iniciativa del\u00a0Banco Popular Dominicano, acogi\u00f3 este&hellip; <\/p>\n","protected":false},"author":2,"featured_media":6432,"comment_status":"closed","ping_status":"closed","sticky":false,"template":"","format":"standard","meta":{"fifu_image_url":"https:\/\/diariosocialrd.com\/wp-content\/uploads\/2025\/09\/IMG_8315-1170x780.jpeg","fifu_image_alt":"Centro Cultural Ta\u00edno Casa del Cord\u00f3n celebra la huella femenina en el arte dominicano","footnotes":""},"categories":[52],"tags":[],"class_list":["post-6431","post","type-post","status-publish","format-standard","has-post-thumbnail","hentry","category-cultura"],"_links":{"self":[{"href":"https:\/\/elmundodelapolitica.com\/v1\/wp-json\/wp\/v2\/posts\/6431","targetHints":{"allow":["GET"]}}],"collection":[{"href":"https:\/\/elmundodelapolitica.com\/v1\/wp-json\/wp\/v2\/posts"}],"about":[{"href":"https:\/\/elmundodelapolitica.com\/v1\/wp-json\/wp\/v2\/types\/post"}],"author":[{"embeddable":true,"href":"https:\/\/elmundodelapolitica.com\/v1\/wp-json\/wp\/v2\/users\/2"}],"replies":[{"embeddable":true,"href":"https:\/\/elmundodelapolitica.com\/v1\/wp-json\/wp\/v2\/comments?post=6431"}],"version-history":[{"count":0,"href":"https:\/\/elmundodelapolitica.com\/v1\/wp-json\/wp\/v2\/posts\/6431\/revisions"}],"wp:featuredmedia":[{"embeddable":true,"href":"https:\/\/elmundodelapolitica.com\/v1\/wp-json\/wp\/v2\/media\/6432"}],"wp:attachment":[{"href":"https:\/\/elmundodelapolitica.com\/v1\/wp-json\/wp\/v2\/media?parent=6431"}],"wp:term":[{"taxonomy":"category","embeddable":true,"href":"https:\/\/elmundodelapolitica.com\/v1\/wp-json\/wp\/v2\/categories?post=6431"},{"taxonomy":"post_tag","embeddable":true,"href":"https:\/\/elmundodelapolitica.com\/v1\/wp-json\/wp\/v2\/tags?post=6431"}],"curies":[{"name":"wp","href":"https:\/\/api.w.org\/{rel}","templated":true}]}}