{"id":6429,"date":"2025-09-08T09:24:40","date_gmt":"2025-09-08T13:24:40","guid":{"rendered":"https:\/\/elmundodelapolitica.com\/v1\/?p=6429"},"modified":"2025-09-08T09:24:40","modified_gmt":"2025-09-08T13:24:40","slug":"presidente-abinader-transforma-a-puerto-plata-con-obras-turisticas-inversion-millonaria-y-proyectos-de-desarrollo","status":"publish","type":"post","link":"https:\/\/elmundodelapolitica.com\/v1\/presidente-abinader-transforma-a-puerto-plata-con-obras-turisticas-inversion-millonaria-y-proyectos-de-desarrollo\/","title":{"rendered":"Presidente Abinader transforma a Puerto Plata con obras tur\u00edsticas, inversi\u00f3n millonaria y proyectos de desarrollo"},"content":{"rendered":"<div>\n<p><span lang=\"es\">Puerto Plata.- Con una inversi\u00f3n superior a\u00a0<strong>RD 262 millones<\/strong>\u00a0en tres nuevas obras tur\u00edsticas y m\u00e1s de\u00a0<strong>RD 1,400 millones<\/strong>\u00a0destinados solo a ese sector en esta provincia, el\u00a0<strong>presidente Luis Abinader<\/strong>\u00a0encabez\u00f3 este domingo una\u00a0<strong>jornada de gran impacto<\/strong>\u00a0en Puerto Plata, que incluy\u00f3 la inauguraci\u00f3n de\u00a0<strong>infraestructuras<\/strong>, la supervisi\u00f3n de la planta de residuos s\u00f3lidos, encuentros con j\u00f3venes y la puesta en marcha de iniciativas que consolidan el\u00a0<strong>renacer tur\u00edstico<\/strong>\u00a0de \u201cLa Novia del Atl\u00e1ntico\u201d.<\/span><\/p>\n<p><img loading=\"lazy\" decoding=\"async\" class=\"aligncenter size-full\" src=\"https:\/\/presidencia.gob.do\/sites\/default\/files\/styles\/large\/public\/news\/2025-09\/Foto web_9.jpg?itok=mMq5Ywgg\" width=\"1300\" height=\"731\"><\/p>\n<p><span lang=\"es\">Las tres obras tur\u00edsticas comprenden el\u00a0<strong>acceso a Playa Teco<\/strong>, en Maim\u00f3n; la reconstrucci\u00f3n de aceras y contenes en el\u00a0<strong>Centro Hist\u00f3rico<\/strong>\u00a0y el edificio que alojar\u00e1 a la filial de la\u00a0<strong>Asociaci\u00f3n Dominicana de Prensa Tur\u00edstica<\/strong>\u00a0(Adompretur) de Puerto Plata y al\u00a0<strong>Museo de Turismo<\/strong>.<\/span><\/p>\n<p><span lang=\"es\">En el acto, el ministro de Turismo,\u00a0<strong>David Collado<\/strong>, inform\u00f3 que el Gobierno ha invertido m\u00e1s de\u00a0<strong>RD 1,400 millones<\/strong>\u00a0en el sector tur\u00edstico de la provincia y destac\u00f3 la importancia de esas obras y su impacto en el desarrollo de<strong>\u00a0\u201cLa Novia del Atl\u00e1ntico\u201d,<\/strong>\u00a0que sigue tomando un nuevo y fuerte impulso, generando cada vez m\u00e1s empleos.<\/span><\/p>\n<p><em><span lang=\"es\">\u201cEstas obras son de trascendental importancia para el turismo en Puerto Plata, ya que estamos hablando del acceso a una de las m\u00e1s visitadas playas de Maim\u00f3n, la reconstrucci\u00f3n de aceras y contenes en el Centro Hist\u00f3rico y el anhelado edificio que alojar\u00e1 a los periodistas tur\u00edsticos y al Museo de Turismo de Puerto Plata\u201d,<\/span><\/em><span lang=\"es\">\u00a0expres\u00f3 el ministro Collado.<\/span><\/p>\n<p><img loading=\"lazy\" decoding=\"async\" src=\"https:\/\/presidencia.gob.do\/sites\/default\/files\/inline-images\/Foto web_4.jpg\" width=\"1300\" height=\"730\" data-entity-uuid=\"23e10b94-cf5e-4ee3-9d3b-476844492df1\" data-entity-type=\"file\"><\/p>\n<p><span lang=\"es\"><strong>Reconstrucci\u00f3n de la v\u00eda de acceso a Playa Teco<\/strong><\/span><\/p>\n<p><span lang=\"es\">La reconstrucci\u00f3n de la v\u00eda de acceso a\u00a0<strong>Playa Teco<\/strong>, en el distrito municipal de Maim\u00f3n, tuvo una inversi\u00f3n de\u00a0<strong>RD 146,229,874<\/strong>\u00a0y tendr\u00e1 un impacto social y tur\u00edstico en la zona. El \u00e1rea intervenida abarca una longitud de\u00a0<strong>3.6 kil\u00f3metros<\/strong>\u00a0y un ancho vial de 8.00 metros. Incluye la construcci\u00f3n de dos kil\u00f3metros de cunetas longitudinales, la reconstrucci\u00f3n de alcantarillas existentes, limpieza y encache de ca\u00f1adas, as\u00ed como se\u00f1alizaci\u00f3n horizontal y vertical.<\/span><\/p>\n<p><span lang=\"es\"><strong>Adompretur<\/strong><\/span><\/p>\n<p><span lang=\"es\">De igual forma, con una inversi\u00f3n de\u00a0<strong>RD 35,485,629<\/strong>, el jefe de Estado entreg\u00f3 el edificio que alojar\u00e1 las oficinas de la filial de\u00a0<strong>Adompretur<\/strong>\u00a0en Puerto Plata y el\u00a0<strong>Museo del Turismo<\/strong>. La iniciativa busca fortalecer la\u00a0<strong>promoci\u00f3n tur\u00edstica<\/strong>\u00a0de la provincia a trav\u00e9s de los medios de comunicaci\u00f3n y poner en funcionamiento un\u00a0<strong>espacio cultural<\/strong>\u00a0destinado a resaltar la historia del turismo en el pa\u00eds.<\/span><\/p>\n<p><span lang=\"es\">El edificio, de dos niveles, contar\u00e1 en su primer piso con el\u00a0<strong>Museo del Turismo<\/strong>, que dispondr\u00e1 de rampas de acceso para personas con discapacidad, ba\u00f1os y un \u00e1rea de almac\u00e9n. En el segundo nivel estar\u00e1n ubicadas las oficinas de Adompretur, con \u00e1reas de recepci\u00f3n, sal\u00f3n multiuso, oficinas administrativas, comedor y ba\u00f1os.<\/span><\/p>\n<p><img loading=\"lazy\" decoding=\"async\" src=\"https:\/\/presidencia.gob.do\/sites\/default\/files\/inline-images\/Foto web (1)_2.jpg\" width=\"1300\" height=\"730\" data-entity-uuid=\"f313771e-e9b0-4852-99ad-4446a92d2007\" data-entity-type=\"file\"><\/p>\n<p><span lang=\"es\"><strong>Reconstrucci\u00f3n de calles en el casco urbano de San Felipe<\/strong><\/span><\/p>\n<p><span lang=\"es\">En ese mismo orden, el presidente dej\u00f3 inaugurada la intervenci\u00f3n del\u00a0<strong>casco urbano de San Felipe,<\/strong>\u00a0que incluy\u00f3 la reconstrucci\u00f3n de once calles con una inversi\u00f3n de\u00a0<strong>RD 79,855,074<\/strong>. Entre las calles intervenidas figuran: Antigua V\u00eda F\u00e9rrea, Restauraci\u00f3n, San Felipe, 30 de Marzo, Aserradero, Los Jazmines, El Morro y 27 de Febrero, entre otras.<\/span><\/p>\n<p><span lang=\"es\">Los trabajos comprendieron la construcci\u00f3n de\u00a0<strong>m\u00e1s de 9,436 metros lineales<\/strong>\u00a0de contenes; 13,497 metros cuadrados de aceras; la readecuaci\u00f3n de la capa de rodadura en tres ejes vitales equivalentes a 2,273 metros cuadrados de asfalto, as\u00ed como la instalaci\u00f3n de rampas de acceso universal.<\/span><\/p>\n<p><img loading=\"lazy\" decoding=\"async\" src=\"https:\/\/presidencia.gob.do\/sites\/default\/files\/inline-images\/Foto web (2)_0.jpg\" width=\"1300\" height=\"730\" data-entity-uuid=\"b44d0f0a-a32b-4fd2-9607-cccd66c4536e\" data-entity-type=\"file\"><\/p>\n<p><span lang=\"es\"><strong>Vertedero de Puerto Plata<\/strong><\/span><\/p>\n<p><span lang=\"es\">Posteriormente, el\u00a0<strong>presidente Luis Abinader<\/strong>\u00a0realiz\u00f3 una visita de supervisi\u00f3n a los trabajos de construcci\u00f3n de la\u00a0<strong>planta de procesamiento y valorizaci\u00f3n<\/strong>\u00a0de residuos s\u00f3lidos en el municipio San Felipe, donde el ministro Administrativo de la Presidencia,\u00a0<strong>Jos\u00e9 Ignacio Paliza<\/strong>, resalt\u00f3 que con la puesta en marcha del nuevo modelo de disposici\u00f3n final de\u00a0<strong>desechos s\u00f3lidos<\/strong>\u00a0se pondr\u00e1 fin a uno de los problemas m\u00e1s cr\u00edticos y vergonzosos que durante a\u00f1os afectaron a la provincia y a su potencial tur\u00edstico.<\/span><\/p>\n<p><span lang=\"es\">El funcionario explic\u00f3 que, gracias a los nuevos\u00a0<strong>instrumentos legales<\/strong>\u00a0en materia medioambiental con los que cuenta la Rep\u00fablica Dominicana, ha sido posible implementar un\u00a0<strong>sistema moderno<\/strong>\u00a0que marcar\u00e1 un antes y un despu\u00e9s en la gesti\u00f3n de residuos.<\/span><\/p>\n<p><span lang=\"es\">De su lado,\u00a0<strong>Alfredo Acebal<\/strong>, gerente del proyecto Jaime Manuel Campos Power Recycling, destac\u00f3 la construcci\u00f3n de un\u00a0<strong>moderno relleno sanitario<\/strong>\u00a0y una planta de valorizaci\u00f3n con capacidad para manejar alrededor de\u00a0<strong>1,500 toneladas<\/strong>\u00a0diarias de desechos s\u00f3lidos. Se\u00f1al\u00f3, que el proyecto generar\u00e1 entre\u00a0<strong>1,000 y 1,500 empleos<\/strong>, tanto directos como indirectos, en su mayor\u00eda, para residentes de la zona.<\/span><\/p>\n<p><img loading=\"lazy\" decoding=\"async\" src=\"https:\/\/presidencia.gob.do\/sites\/default\/files\/inline-images\/Foto web (3).jpg\" width=\"1300\" height=\"730\" data-entity-uuid=\"791a292f-4208-4daf-a715-e76d647291fa\" data-entity-type=\"file\"><\/p>\n<p><span lang=\"es\"><strong>Reuni\u00f3n con 350 j\u00f3venes estudiantes<\/strong><\/span><\/p>\n<p><span lang=\"es\">En el marco de su visita a la provincia, el presidente Luis Abinader sostuvo un conversatorio con\u00a0<strong>350 j\u00f3venes estudiantes<\/strong>\u00a0de liceos p\u00fablicos, colegios privados y del programa de\u00a0<strong>Ingl\u00e9s por Inmersi\u00f3n,<\/strong>\u00a0en el Instituto Nacional de Formaci\u00f3n T\u00e9cnico Profesional (Infotep).<\/span><\/p>\n<p><span lang=\"es\">Durante el encuentro, los estudiantes tuvieron la oportunidad de expresar sus\u00a0<strong>inquietudes, aspiraciones y propuestas<\/strong>\u00a0para el futuro del pa\u00eds, las cuales fueron escuchadas atentamente por el presidente Abinader, quien comparti\u00f3 su visi\u00f3n sobre el papel fundamental que juega la juventud en el\u00a0<strong>desarrollo y crecimiento<\/strong>\u00a0de la naci\u00f3n.<\/span><\/p>\n<p><span lang=\"es\">El mandatario resalt\u00f3 que su gesti\u00f3n ha priorizado la\u00a0<strong>generaci\u00f3n de empleos<\/strong>\u00a0y la mejora de los ingresos de los dominicanos, logrando un aumento del\u00a0<strong>46 %<\/strong>\u00a0en t\u00e9rminos reales en los\u00a0<strong>sueldos del sector privado<\/strong>. Se\u00f1al\u00f3, adem\u00e1s, que el Gobierno trabaja activamente en la\u00a0<strong>modernizaci\u00f3n<\/strong>\u00a0de los servicios p\u00fablicos y destac\u00f3 que la mayor expansi\u00f3n de la Universidad Aut\u00f3noma de Santo Domingo\u00a0<strong>(UASD)<\/strong>\u00a0se ha producido durante su administraci\u00f3n.<\/span><\/p>\n<p><span lang=\"es\">Asimismo, el presidente Abinader explic\u00f3 que se est\u00e1n dando pasos firmes hacia la incorporaci\u00f3n de la\u00a0<strong>inteligencia artificial<\/strong>\u00a0en el sistema educativo, con miras a preparar mejor a los j\u00f3venes frente a los retos del futuro. Anunci\u00f3 tambi\u00e9n que la pr\u00f3xima semana se conformar\u00e1 una comisi\u00f3n sobre la\u00a0<strong>Calidad de la Educaci\u00f3n<\/strong>, orientada a reforzar la ense\u00f1anza\u00a0<strong>del ingl\u00e9s y las tecnolog\u00edas<\/strong>, al tiempo que expres\u00f3 su inter\u00e9s en que cada ciudad del pa\u00eds cuente con un polit\u00e9cnico para ampliar las oportunidades de\u00a0<strong>formaci\u00f3n t\u00e9cnica y profesional<\/strong>.<\/span><\/p>\n<\/div>\n","protected":false},"excerpt":{"rendered":"<p>Puerto Plata.- Con una inversi\u00f3n superior a\u00a0RD 262 millones\u00a0en tres nuevas obras tur\u00edsticas y m\u00e1s de\u00a0RD 1,400 millones\u00a0destinados solo a ese sector en esta provincia, el\u00a0presidente Luis Abinader\u00a0encabez\u00f3 este domingo&hellip; <\/p>\n","protected":false},"author":2,"featured_media":6430,"comment_status":"closed","ping_status":"closed","sticky":false,"template":"","format":"standard","meta":{"fifu_image_url":"https:\/\/presidencia.gob.do\/sites\/default\/files\/styles\/large\/public\/news\/2025-09\/Foto%20web_9.jpg?itok=mMq5Ywgg","fifu_image_alt":"Presidente Abinader transforma a Puerto Plata con obras tur\u00edsticas, inversi\u00f3n millonaria y proyectos de desarrollo","footnotes":""},"categories":[34],"tags":[],"class_list":["post-6429","post","type-post","status-publish","format-standard","has-post-thumbnail","hentry","category-turismo"],"_links":{"self":[{"href":"https:\/\/elmundodelapolitica.com\/v1\/wp-json\/wp\/v2\/posts\/6429","targetHints":{"allow":["GET"]}}],"collection":[{"href":"https:\/\/elmundodelapolitica.com\/v1\/wp-json\/wp\/v2\/posts"}],"about":[{"href":"https:\/\/elmundodelapolitica.com\/v1\/wp-json\/wp\/v2\/types\/post"}],"author":[{"embeddable":true,"href":"https:\/\/elmundodelapolitica.com\/v1\/wp-json\/wp\/v2\/users\/2"}],"replies":[{"embeddable":true,"href":"https:\/\/elmundodelapolitica.com\/v1\/wp-json\/wp\/v2\/comments?post=6429"}],"version-history":[{"count":0,"href":"https:\/\/elmundodelapolitica.com\/v1\/wp-json\/wp\/v2\/posts\/6429\/revisions"}],"wp:featuredmedia":[{"embeddable":true,"href":"https:\/\/elmundodelapolitica.com\/v1\/wp-json\/wp\/v2\/media\/6430"}],"wp:attachment":[{"href":"https:\/\/elmundodelapolitica.com\/v1\/wp-json\/wp\/v2\/media?parent=6429"}],"wp:term":[{"taxonomy":"category","embeddable":true,"href":"https:\/\/elmundodelapolitica.com\/v1\/wp-json\/wp\/v2\/categories?post=6429"},{"taxonomy":"post_tag","embeddable":true,"href":"https:\/\/elmundodelapolitica.com\/v1\/wp-json\/wp\/v2\/tags?post=6429"}],"curies":[{"name":"wp","href":"https:\/\/api.w.org\/{rel}","templated":true}]}}