{"id":6427,"date":"2025-09-08T09:10:24","date_gmt":"2025-09-08T13:10:24","guid":{"rendered":"https:\/\/elmundodelapolitica.com\/v1\/?p=6427"},"modified":"2025-09-08T09:10:24","modified_gmt":"2025-09-08T13:10:24","slug":"presenta-lg-hogar-inteligente-impulsado-por-ia-lg-ai-home-en-ifa-2025","status":"publish","type":"post","link":"https:\/\/elmundodelapolitica.com\/v1\/presenta-lg-hogar-inteligente-impulsado-por-ia-lg-ai-home-en-ifa-2025\/","title":{"rendered":"Presenta LG hogar inteligente impulsado por IA \u201cLG AI Home\u201d en IFA 2025"},"content":{"rendered":"<div>\n<p style=\"font-weight: 400;\"><em>Llevando armon\u00eda a la vida diaria a trav\u00e9s de electrodom\u00e9sticos inteligentes con IA avanzada y soluciones personalizadas dise\u00f1adas para los estilos de vida europeos.<\/em><\/p>\n<p style=\"font-weight: 400;\"><a href=\"http:\/\/elmundodelosnegocios.com.do\/v1\/wp-content\/uploads\/2025\/09\/image-1-2.jpg\"><img loading=\"lazy\" decoding=\"async\" data-attachment-id=\"72741\" data-permalink=\"https:\/\/www.elmundodelosnegocios.com.do\/v1\/presenta-lg-hogar-inteligente-impulsado-por-ia-lg-ai-home-en-ifa-2025\/image-1-16\/\" data-orig-file=\"https:\/\/i0.wp.com\/elmundodelosnegocios.com.do\/v1\/wp-content\/uploads\/2025\/09\/image-1-2.jpg?fit=2200%2C965&amp;ssl=1\" data-orig-size=\"2200,965\" data-comments-opened=\"0\" data-image-meta='{\"aperture\":\"0\",\"credit\":\"\",\"camera\":\"\",\"caption\":\"\",\"created_timestamp\":\"0\",\"copyright\":\"\",\"focal_length\":\"0\",\"iso\":\"0\",\"shutter_speed\":\"0\",\"title\":\"\",\"orientation\":\"1\"}' data-image-title=\"image 1\" data-image-description=\"\" data-image-caption=\"\" data-medium-file=\"https:\/\/i0.wp.com\/elmundodelosnegocios.com.do\/v1\/wp-content\/uploads\/2025\/09\/image-1-2.jpg?fit=300%2C132&amp;ssl=1\" data-large-file=\"https:\/\/i0.wp.com\/elmundodelosnegocios.com.do\/v1\/wp-content\/uploads\/2025\/09\/image-1-2.jpg?fit=1024%2C449&amp;ssl=1\" class=\"aligncenter size-full wp-image-72741\" src=\"http:\/\/elmundodelosnegocios.com.do\/v1\/wp-content\/uploads\/2025\/09\/image-1-2.jpg\" alt=\"\" width=\"2200\" height=\"965\" srcset=\"http:\/\/elmundodelosnegocios.com.do\/v1\/wp-content\/uploads\/2025\/09\/image-1-2.jpg 2200w, http:\/\/elmundodelosnegocios.com.do\/v1\/wp-content\/uploads\/2025\/09\/image-1-2-300x132.jpg 300w, http:\/\/elmundodelosnegocios.com.do\/v1\/wp-content\/uploads\/2025\/09\/image-1-2-1024x449.jpg 1024w, http:\/\/elmundodelosnegocios.com.do\/v1\/wp-content\/uploads\/2025\/09\/image-1-2-768x337.jpg 768w, http:\/\/elmundodelosnegocios.com.do\/v1\/wp-content\/uploads\/2025\/09\/image-1-2-1536x674.jpg 1536w, http:\/\/elmundodelosnegocios.com.do\/v1\/wp-content\/uploads\/2025\/09\/image-1-2-2048x898.jpg 2048w\" sizes=\"auto, (max-width: 2200px) 100vw, 2200px\"><\/a><\/p>\n<p style=\"font-weight: 400;\"><strong>SE\u00daL, 8 de septiembre de 2025 \u2014 <\/strong>LG Electronics (LG) presenta en IFA 2025 su visi\u00f3n de un hogar inteligente impulsado por IA avanzada. El evento se llevar\u00e1 a cabo del 5 al 9 de septiembre de 2025 en Berl\u00edn, Alemania.<\/p>\n<p style=\"font-weight: 400;\">Bajo el tema\u00a0<strong>\u201cLG AI Appliances Orchestra\u201d<\/strong>, la compa\u00f1\u00eda demostrar\u00e1 c\u00f3mo sus soluciones inteligentes trabajan en armon\u00eda para enriquecer la vida cotidiana, brindando mayor comodidad, personalizaci\u00f3n y eficiencia energ\u00e9tica.<\/p>\n<p style=\"font-weight: 400;\">En su stand, los visitantes podr\u00e1n experimentar\u00a0<strong>LG AI Home<\/strong>\u00a0de primera mano, explorando c\u00f3mo las tecnolog\u00edas centrales de IA de LG brindan cuidado personalizado y comodidad a la vida diaria. Reflejando su creciente influencia en Europa, LG tambi\u00e9n contar\u00e1 con un espacio dedicado de consulta B2B, demostrando las ventajas \u00fanicas de sus \u00faltimos electrodom\u00e9sticos e innovaciones en componentes clave.<\/p>\n<p style=\"font-weight: 400;\"><a href=\"http:\/\/elmundodelosnegocios.com.do\/v1\/wp-content\/uploads\/2025\/09\/bc20250901-2.jpg\"><img loading=\"lazy\" decoding=\"async\" data-attachment-id=\"72742\" data-permalink=\"https:\/\/www.elmundodelosnegocios.com.do\/v1\/presenta-lg-hogar-inteligente-impulsado-por-ia-lg-ai-home-en-ifa-2025\/bc20250901-3\/\" data-orig-file=\"https:\/\/i0.wp.com\/elmundodelosnegocios.com.do\/v1\/wp-content\/uploads\/2025\/09\/bc20250901-2.jpg?fit=2200%2C997&amp;ssl=1\" data-orig-size=\"2200,997\" data-comments-opened=\"0\" data-image-meta='{\"aperture\":\"0\",\"credit\":\"\",\"camera\":\"\",\"caption\":\"\",\"created_timestamp\":\"0\",\"copyright\":\"\",\"focal_length\":\"0\",\"iso\":\"0\",\"shutter_speed\":\"0\",\"title\":\"\",\"orientation\":\"1\"}' data-image-title=\"bc20250901\" data-image-description=\"\" data-image-caption=\"\" data-medium-file=\"https:\/\/i0.wp.com\/elmundodelosnegocios.com.do\/v1\/wp-content\/uploads\/2025\/09\/bc20250901-2.jpg?fit=300%2C136&amp;ssl=1\" data-large-file=\"https:\/\/i0.wp.com\/elmundodelosnegocios.com.do\/v1\/wp-content\/uploads\/2025\/09\/bc20250901-2.jpg?fit=1024%2C464&amp;ssl=1\" class=\"aligncenter size-full wp-image-72742\" src=\"http:\/\/elmundodelosnegocios.com.do\/v1\/wp-content\/uploads\/2025\/09\/bc20250901-2.jpg\" alt=\"\" width=\"2200\" height=\"997\" srcset=\"http:\/\/elmundodelosnegocios.com.do\/v1\/wp-content\/uploads\/2025\/09\/bc20250901-2.jpg 2200w, http:\/\/elmundodelosnegocios.com.do\/v1\/wp-content\/uploads\/2025\/09\/bc20250901-2-300x136.jpg 300w, http:\/\/elmundodelosnegocios.com.do\/v1\/wp-content\/uploads\/2025\/09\/bc20250901-2-1024x464.jpg 1024w, http:\/\/elmundodelosnegocios.com.do\/v1\/wp-content\/uploads\/2025\/09\/bc20250901-2-768x348.jpg 768w, http:\/\/elmundodelosnegocios.com.do\/v1\/wp-content\/uploads\/2025\/09\/bc20250901-2-1536x696.jpg 1536w, http:\/\/elmundodelosnegocios.com.do\/v1\/wp-content\/uploads\/2025\/09\/bc20250901-2-2048x928.jpg 2048w\" sizes=\"auto, (max-width: 2200px) 100vw, 2200px\"><\/a><\/p>\n<p style=\"font-weight: 400;\"><strong>Zonas que destacan la vida impulsada por IA<\/strong><\/p>\n<p style=\"font-weight: 400;\">La\u00a0<strong>Hero Zone\u00a0<\/strong>recibe a los visitantes con la\u00a0<strong>LG AI Appliances Orchestra<\/strong>, donde 21 electrodom\u00e9sticos impulsados por IA est\u00e1n organizados como una sinfon\u00eda y son dirigidos por LG ThinQ ON, el avanzado hub de hogar inteligente de la compa\u00f1\u00eda. Esta exhibici\u00f3n dram\u00e1tica simboliza la perfecta armon\u00eda y el control intuitivo que\u00a0<strong>LG AI Home<\/strong>\u00a0aporta a la vida moderna.<\/p>\n<p style=\"font-weight: 400;\">La\u00a0<strong>Fit&amp;Max<\/strong><strong>\u00a0Zon<\/strong>e recrea ambientes de estilo europeo, mostrando c\u00f3mo los electrodom\u00e9sticos de LG \u2014dise\u00f1ados teniendo en cuenta las preferencias locales de dise\u00f1o y funcionalidad\u2014 se integran de manera natural en los hogares cotidianos. En la\u00a0<strong>AI Core Tech Zone<\/strong>, los visitantes pueden descubrir c\u00f3mo los componentes clave de LG, como el motor AI DD<img decoding=\"async\" src=\"https:\/\/s.w.org\/images\/core\/emoji\/16.0.1\/72x72\/2122.png\" alt=\"\u2122\" class=\"wp-smiley\" style=\"height: 1em; max-height: 1em;\">, han sido perfeccionados con inteligencia artificial para ofrecer un rendimiento m\u00e1s inteligente y potente. Finalmente, la\u00a0<strong>AI Home Solution Zone<\/strong>\u00a0ilustra situaciones reales donde LG AI conecta electrodom\u00e9sticos, dispositivos IoT y servicios de terceros para ahorrar tiempo, aumentar la comodidad y simplificar las tareas diarias.<\/p>\n<p style=\"font-weight: 400;\"><strong>Electrodom\u00e9sticos con IA dise\u00f1ados para los hogares europeos<\/strong><\/p>\n<p style=\"font-weight: 400;\">LG presenta una amplia gama de nuevos electrodom\u00e9sticos inteligentes dise\u00f1ados para los estilos de vida europeos, desarrollados a partir de investigaciones exhaustivas sobre las necesidades y tendencias de los consumidores. Con un fuerte enfoque en la eficiencia energ\u00e9tica, varios de estos productos logran un rendimiento l\u00edder en la industria.<\/p>\n<p style=\"font-weight: 400;\">Los refrigeradores inteligentes de la compa\u00f1\u00eda combinan un compresor con inteligencia artificial y un aislamiento optimizado para maximizar la frescura y reducir la p\u00e9rdida de energ\u00eda. Dise\u00f1ados espec\u00edficamente para los hogares europeos, integran innovaciones como la bisagra Zero Clearance, que permite abrir las puertas por completo incluso cuando el refrigerador est\u00e1 alineado con la pared.<\/p>\n<p style=\"font-weight: 400;\">Adem\u00e1s, las lavadoras y secadoras habilitadas con IA ofrecen un cuidado delicado para todo tipo de telas y una operaci\u00f3n intuitiva mediante controles ampliados y pantallas LCD m\u00e1s grandes.<\/p>\n<p style=\"font-weight: 400;\">Para atender distintas necesidades y preferencias de limpieza, la nueva l\u00ednea de aspiradoras de LG incluye un robot aspirador con mopa de vapor, una estaci\u00f3n de robot aspirador integrada, una aspiradora vertical y una aspiradora vertical h\u00famedo-seco. Cada modelo ofrece comodidad excepcional, rendimiento confiable y un dise\u00f1o moderno y sofisticado. Pionera en su clase, la estaci\u00f3n integrada para robot aspirador se ajusta perfectamente bajo los fregaderos de cocina, garantizando una instalaci\u00f3n limpia y eficiente en el uso del espacio. Adem\u00e1s, la aspiradora vertical h\u00famedo-seco ultraligera ha sido dise\u00f1ada para minimizar la tensi\u00f3n en la mu\u00f1eca, facilitando su uso durante la limpieza.<\/p>\n<p style=\"font-weight: 400;\">Para mejorar a\u00fan m\u00e1s la accesibilidad, LG tambi\u00e9n presenta el\u00a0<strong>LG Comfort Kit,<\/strong>\u00a0una serie de accesorios que facilitan el uso de los electrodom\u00e9sticos para personas de todas las edades o habilidades.<\/p>\n<p style=\"font-weight: 400;\"><strong>Una experiencia inmersiva de hogar con IA<\/strong><\/p>\n<p style=\"font-weight: 400;\">En la\u00a0<strong>AI Home Solution Zone<\/strong>, los visitantes pueden descubrir c\u00f3mo LG ThinQ AI y ThinQ ON colaboran para hacer la vida diaria m\u00e1s sencilla y enriquecedora. En las demostraciones, ThinQ AI sugiere men\u00fas saludables, precalienta el horno autom\u00e1ticamente, reconoce a los usuarios mediante la voz y ajusta la iluminaci\u00f3n, la temperatura y la m\u00fasica seg\u00fan las preferencias individuales.<\/p>\n<p style=\"font-weight: 400;\">Los visitantes tambi\u00e9n pueden explorar ThinQ UP, que actualiza continuamente los electrodom\u00e9sticos LG con nuevas funciones de software, y ThinQ Care, que proporciona monitoreo proactivo y mantenimiento para un rendimiento confiable a largo plazo.<\/p>\n<p style=\"font-weight: 400;\">Expandiendo su propuesta m\u00e1s all\u00e1 del hogar, LG presentar\u00e1\u00a0<strong>Spielraum<\/strong>: una soluci\u00f3n de movilidad basada en inteligencia artificial que lleva la experiencia\u00a0<strong>LG AI Home<\/strong>\u00a0al autom\u00f3vil, permitiendo una conectividad fluida y una experiencia integrada y continua entre la casa y el veh\u00edculo.<\/p>\n<p style=\"font-weight: 400;\"><em>\u201cEn IFA 2025, presentamos un valor diferenciado con la soluci\u00f3n LG AI Home, que aprovecha nuestras tecnolog\u00edas centrales de IA para armonizar de manera inteligente con los ritmos de la vida de los clientes\u201d<\/em>, dijo Lyu Jae-cheol, presidente de LG Home Appliance Solution Company.\u00a0<em>\u201cNuestros electrodom\u00e9sticos est\u00e1n dise\u00f1ados para complementar los estilos de vida y espacios europeos, evolucionando con cada usuario para brindar personalizaci\u00f3n, facilidad de uso y eficiencia energ\u00e9tica.\u201d<\/em><\/p>\n<\/div>\n","protected":false},"excerpt":{"rendered":"<p>Llevando armon\u00eda a la vida diaria a trav\u00e9s de electrodom\u00e9sticos inteligentes con IA avanzada y soluciones personalizadas dise\u00f1adas para los estilos de vida europeos. SE\u00daL, 8 de septiembre de 2025&hellip; <\/p>\n","protected":false},"author":2,"featured_media":6428,"comment_status":"closed","ping_status":"closed","sticky":false,"template":"","format":"standard","meta":{"fifu_image_url":"http:\/\/elmundodelosnegocios.com.do\/v1\/wp-content\/uploads\/2025\/09\/image-1-2.jpg","fifu_image_alt":"Presenta LG hogar inteligente impulsado por IA \u201cLG AI Home\u201d en IFA 2025","footnotes":""},"categories":[36],"tags":[],"class_list":["post-6427","post","type-post","status-publish","format-standard","has-post-thumbnail","hentry","category-tecnologia"],"_links":{"self":[{"href":"https:\/\/elmundodelapolitica.com\/v1\/wp-json\/wp\/v2\/posts\/6427","targetHints":{"allow":["GET"]}}],"collection":[{"href":"https:\/\/elmundodelapolitica.com\/v1\/wp-json\/wp\/v2\/posts"}],"about":[{"href":"https:\/\/elmundodelapolitica.com\/v1\/wp-json\/wp\/v2\/types\/post"}],"author":[{"embeddable":true,"href":"https:\/\/elmundodelapolitica.com\/v1\/wp-json\/wp\/v2\/users\/2"}],"replies":[{"embeddable":true,"href":"https:\/\/elmundodelapolitica.com\/v1\/wp-json\/wp\/v2\/comments?post=6427"}],"version-history":[{"count":0,"href":"https:\/\/elmundodelapolitica.com\/v1\/wp-json\/wp\/v2\/posts\/6427\/revisions"}],"wp:featuredmedia":[{"embeddable":true,"href":"https:\/\/elmundodelapolitica.com\/v1\/wp-json\/wp\/v2\/media\/6428"}],"wp:attachment":[{"href":"https:\/\/elmundodelapolitica.com\/v1\/wp-json\/wp\/v2\/media?parent=6427"}],"wp:term":[{"taxonomy":"category","embeddable":true,"href":"https:\/\/elmundodelapolitica.com\/v1\/wp-json\/wp\/v2\/categories?post=6427"},{"taxonomy":"post_tag","embeddable":true,"href":"https:\/\/elmundodelapolitica.com\/v1\/wp-json\/wp\/v2\/tags?post=6427"}],"curies":[{"name":"wp","href":"https:\/\/api.w.org\/{rel}","templated":true}]}}