{"id":6425,"date":"2025-09-07T11:30:36","date_gmt":"2025-09-07T15:30:36","guid":{"rendered":"https:\/\/elmundodelapolitica.com\/v1\/?p=6425"},"modified":"2025-09-07T11:30:36","modified_gmt":"2025-09-07T15:30:36","slug":"mision-fmi-conoce-avances-y-estabilidad-economica-de-rd-apoyada-en-energia-y-mineria","status":"publish","type":"post","link":"https:\/\/elmundodelapolitica.com\/v1\/mision-fmi-conoce-avances-y-estabilidad-economica-de-rd-apoyada-en-energia-y-mineria\/","title":{"rendered":"Misi\u00f3n FMI conoce avances y estabilidad econ\u00f3mica de RD apoyada en energ\u00eda y miner\u00eda"},"content":{"rendered":"<div>\n<div>\n<div class=\"pf-content\">\n<div class=\"printfriendly pf-button pf-button-content pf-alignright\">\n                    <a href=\"https:\/\/mem.gob.do\/mision-fmi-conoce-avances-y-estabilidad-economica-de-rd-apoyada-en-energia-y-mineria\/?pfstyle=wp\" rel=\"nofollow\" onclick=\"\" title=\"Printer Friendly, PDF &amp; Email\"><br \/>\n                    <img decoding=\"async\" class=\"pf-button-img\" src=\"https:\/\/cdn.printfriendly.com\/buttons\/printfriendly-pdf-email-button-notext.png\" alt=\"Print Friendly, PDF &amp; Email\" style=\"width: 110px;height: 30px;\"><br \/>\n                    <\/a>\n                <\/div>\n<p><em>El ministro Joel Santos resalta 40 % inversi\u00f3n extranjera directa (IED) est\u00e1 representado por los sectores energ\u00eda y miner\u00eda<\/em><\/p>\n<p><span id=\"more-12090\"><\/span><\/p>\n<p><em>El ministro Joel Santos resalta 40 % inversi\u00f3n extranjera directa (IED) est\u00e1 representado por los sectores energ\u00eda y miner\u00eda<\/em><\/p>\n<div class=\"wp-block-post-date\"><time datetime=\"2025-09-07T18:46:02+04:00\">7 septiembre, 2025<\/time><\/div>\n<div class=\"wp-block-media-text is-stacked-on-mobile\" style=\"grid-template-columns:37% auto\">\n<figure class=\"wp-block-media-text__media\"><img fetchpriority=\"high\" decoding=\"async\" width=\"1024\" height=\"684\" src=\"https:\/\/mem.gob.do\/wp-content\/uploads\/2025\/09\/IMG-20250907-WA0009-1024x684.jpg\" alt=\"\" class=\"wp-image-12094 size-full\" srcset=\"https:\/\/mem.gob.do\/wp-content\/uploads\/2025\/09\/IMG-20250907-WA0009-1024x684.jpg 1024w, https:\/\/mem.gob.do\/wp-content\/uploads\/2025\/09\/IMG-20250907-WA0009-300x200.jpg 300w, https:\/\/mem.gob.do\/wp-content\/uploads\/2025\/09\/IMG-20250907-WA0009-768x513.jpg 768w, https:\/\/mem.gob.do\/wp-content\/uploads\/2025\/09\/IMG-20250907-WA0009-1536x1026.jpg 1536w, https:\/\/mem.gob.do\/wp-content\/uploads\/2025\/09\/IMG-20250907-WA0009-2048x1368.jpg 2048w\" sizes=\"(max-width: 1024px) 100vw, 1024px\"><\/figure>\n<div class=\"wp-block-media-text__content\">\n<p><strong>SANTO DOMINGO.<\/strong> La misi\u00f3n del Fondo Monetario Internacional (FMI), que visita el pa\u00eds en el contexto de la revisi\u00f3n anual del Art\u00edculo IV, conoci\u00f3 los avances de Rep\u00fablica Dominicana en los sectores de energ\u00eda y miner\u00eda, que a julio de este a\u00f1o concentraron el 40 % de la inversi\u00f3n extranjera directa (IED), consolid\u00e1ndose como ejes de la estabilidad de la econom\u00eda nacional.<\/p>\n<\/div>\n<\/div>\n<div class=\"wp-block-media-text has-media-on-the-right is-stacked-on-mobile\" style=\"grid-template-columns:auto 38%\">\n<div class=\"wp-block-media-text__content\">\n<p>El ministro de Energ\u00eda y Minas, Joel Santos, inform\u00f3 a la delegaci\u00f3n encabezada por Ricardo Llaudes, jefe de misi\u00f3n para Rep\u00fablica Dominicana, que en los pr\u00f3ximos cinco meses ingresar\u00e1n 612 megavatios (MW) al Sistema El\u00e9ctrico Nacional Interconectado (SENI), que provendr\u00e1n de proyectos como el cierre de ciclo de SIBA (68 MW), Energas 4, en San Pedro de Macor\u00eds (130 MW) y la primera fase de Energ\u00eda 2000, en Manzanillo (414 MW). Indic\u00f3 que entre 2027 y 2028 se agregar\u00e1n otras plantas a gas que sumar\u00e1n 1,552 MW, para terminar el per\u00edodo con un importante incremento en generaci\u00f3n el\u00e9ctrica.<\/p>\n<\/div>\n<figure class=\"wp-block-media-text__media\"><img loading=\"lazy\" data-attachment-id=\"12096\" data-permalink=\"https:\/\/www.elmundodelosnegocios.com.do\/v1\/ex-presidente-fernandez-considera-haiti-tema-debe-resolver-comunidad-internacional\/0-foto-de-leonel-fernandez-en-barcelona\/\" data-orig-file=\"https:\/\/i0.wp.com\/elmundodelosnegocios.com.do\/v1\/wp-content\/uploads\/2021\/11\/0-Foto-de-Leonel-Fernandez-en-Barcelona.jpeg?fit=1280%2C605&amp;ssl=1\" data-orig-size=\"1280,605\" data-comments-opened=\"0\" data-image-meta='{\"aperture\":\"0\",\"credit\":\"\",\"camera\":\"\",\"caption\":\"\",\"created_timestamp\":\"0\",\"copyright\":\"\",\"focal_length\":\"0\",\"iso\":\"0\",\"shutter_speed\":\"0\",\"title\":\"\",\"orientation\":\"0\"}' data-image-title=\"0-Foto de Leonel Fernandez en Barcelona\" data-image-description=\"\" data-image-caption=\"\" data-medium-file=\"https:\/\/i0.wp.com\/elmundodelosnegocios.com.do\/v1\/wp-content\/uploads\/2021\/11\/0-Foto-de-Leonel-Fernandez-en-Barcelona.jpeg?fit=300%2C142&amp;ssl=1\" data-large-file=\"https:\/\/i0.wp.com\/elmundodelosnegocios.com.do\/v1\/wp-content\/uploads\/2021\/11\/0-Foto-de-Leonel-Fernandez-en-Barcelona.jpeg?fit=1024%2C484&amp;ssl=1\" decoding=\"async\" width=\"1024\" height=\"684\" src=\"https:\/\/mem.gob.do\/wp-content\/uploads\/2025\/09\/IMG-20250907-WA0006-1024x684.jpg\" alt=\"\" class=\"wp-image-12096 size-full\" srcset=\"https:\/\/mem.gob.do\/wp-content\/uploads\/2025\/09\/IMG-20250907-WA0006-1024x684.jpg 1024w, https:\/\/mem.gob.do\/wp-content\/uploads\/2025\/09\/IMG-20250907-WA0006-300x200.jpg 300w, https:\/\/mem.gob.do\/wp-content\/uploads\/2025\/09\/IMG-20250907-WA0006-768x513.jpg 768w, https:\/\/mem.gob.do\/wp-content\/uploads\/2025\/09\/IMG-20250907-WA0006-1536x1025.jpg 1536w, https:\/\/mem.gob.do\/wp-content\/uploads\/2025\/09\/IMG-20250907-WA0006-2048x1367.jpg 2048w\" sizes=\"auto, (max-width: 1024px) 100vw, 1024px\"><\/figure>\n<\/div>\n<p>Agreg\u00f3 que la meta es cerrar 2025 con un 25 % de generaci\u00f3n proveniente de fuentes renovables y que hacia 2028 la capacidad instalada de energ\u00edas limpias m\u00e1s que se duplicar\u00e1 respecto a 2024, lo que marcar\u00e1 la transformaci\u00f3n m\u00e1s trascendente de la matriz el\u00e9ctrica en la historia del pa\u00eds. Asimismo, adelant\u00f3 que el Gobierno retomar\u00e1 la discusi\u00f3n del Pacto El\u00e9ctrico en el Consejo Econ\u00f3mico y Social (CES).<\/p>\n<p>En materia minera, Santos subray\u00f3 que el oro es el principal producto de exportaci\u00f3n de Rep\u00fablica Dominicana, al representar el 36 % de las exportaciones nacionales de bienes. Precis\u00f3 que este mineral aporta alrededor del 13 % de las recaudaciones por Impuesto sobre la Renta (ISR) y que en 2025 podr\u00eda generar al fisco m\u00e1s de US$500 millones, dependiendo del comportamiento de la producci\u00f3n.<\/p>\n<p>La misi\u00f3n del FMI estuvo integrada, adem\u00e1s de Llaudes, por Geraldo Peraza, Nate Arnold, Pamela Madrid-Angers y Manuel Rosales Torres, quienes recibieron detalles sobre los proyectos estrat\u00e9gicos que sostienen el crecimiento econ\u00f3mico del pa\u00eds.<\/p>\n<\/div>\n<p>The post <a href=\"https:\/\/mem.gob.do\/mision-fmi-conoce-avances-y-estabilidad-economica-de-rd-apoyada-en-energia-y-mineria\/\">Misi\u00f3n FMI conoce avances y estabilidad econ\u00f3mica de RD apoyada en energ\u00eda y miner\u00eda<\/a> first appeared on <a href=\"https:\/\/mem.gob.do\/\">Ministerio de Energ\u00eda y Minas<\/a>.<\/p>\n<\/div>\n<\/div>\n","protected":false},"excerpt":{"rendered":"<p>El ministro Joel Santos resalta 40 % inversi\u00f3n extranjera directa (IED) est\u00e1 representado por los sectores energ\u00eda y miner\u00eda El ministro Joel Santos resalta 40 % inversi\u00f3n extranjera directa (IED)&hellip; <\/p>\n","protected":false},"author":2,"featured_media":6426,"comment_status":"closed","ping_status":"closed","sticky":false,"template":"","format":"standard","meta":{"fifu_image_url":"https:\/\/cdn.printfriendly.com\/buttons\/printfriendly-pdf-email-button-notext.png","fifu_image_alt":"Misi\u00f3n FMI conoce avances y estabilidad econ\u00f3mica de RD apoyada en energ\u00eda y miner\u00eda","footnotes":""},"categories":[29],"tags":[],"class_list":["post-6425","post","type-post","status-publish","format-standard","has-post-thumbnail","hentry","category-energia"],"_links":{"self":[{"href":"https:\/\/elmundodelapolitica.com\/v1\/wp-json\/wp\/v2\/posts\/6425","targetHints":{"allow":["GET"]}}],"collection":[{"href":"https:\/\/elmundodelapolitica.com\/v1\/wp-json\/wp\/v2\/posts"}],"about":[{"href":"https:\/\/elmundodelapolitica.com\/v1\/wp-json\/wp\/v2\/types\/post"}],"author":[{"embeddable":true,"href":"https:\/\/elmundodelapolitica.com\/v1\/wp-json\/wp\/v2\/users\/2"}],"replies":[{"embeddable":true,"href":"https:\/\/elmundodelapolitica.com\/v1\/wp-json\/wp\/v2\/comments?post=6425"}],"version-history":[{"count":0,"href":"https:\/\/elmundodelapolitica.com\/v1\/wp-json\/wp\/v2\/posts\/6425\/revisions"}],"wp:featuredmedia":[{"embeddable":true,"href":"https:\/\/elmundodelapolitica.com\/v1\/wp-json\/wp\/v2\/media\/6426"}],"wp:attachment":[{"href":"https:\/\/elmundodelapolitica.com\/v1\/wp-json\/wp\/v2\/media?parent=6425"}],"wp:term":[{"taxonomy":"category","embeddable":true,"href":"https:\/\/elmundodelapolitica.com\/v1\/wp-json\/wp\/v2\/categories?post=6425"},{"taxonomy":"post_tag","embeddable":true,"href":"https:\/\/elmundodelapolitica.com\/v1\/wp-json\/wp\/v2\/tags?post=6425"}],"curies":[{"name":"wp","href":"https:\/\/api.w.org\/{rel}","templated":true}]}}