{"id":6423,"date":"2025-09-05T16:30:32","date_gmt":"2025-09-05T20:30:32","guid":{"rendered":"https:\/\/elmundodelapolitica.com\/v1\/?p=6423"},"modified":"2025-09-05T16:30:32","modified_gmt":"2025-09-05T20:30:32","slug":"ministro-ito-bisono-estamos-acompanando-al-campo-dominicano-para-abrir-mas-mercados-y-fortalecer-la-agroindustria","status":"publish","type":"post","link":"https:\/\/elmundodelapolitica.com\/v1\/ministro-ito-bisono-estamos-acompanando-al-campo-dominicano-para-abrir-mas-mercados-y-fortalecer-la-agroindustria\/","title":{"rendered":"Ministro Ito Bison\u00f3: \u201cEstamos acompa\u00f1ando al campo dominicano para abrir m\u00e1s mercados y fortalecer la agroindustria\u201d"},"content":{"rendered":"<div>\n<div>\n<p><i><b>Bison\u00f3 destac\u00f3 que solo en 2024, las agroexportaciones alcanzaron los US$3,273 millones, con un crecimiento interanual de 18 %.<\/b><\/i><\/p>\n<p><b><a href=\"https:\/\/micm.gob.do\/wp-content\/uploads\/2025\/09\/Ministro-Ito-Bisono-Estamos-acompanando-al-campo-dominicano-para-abrir-mas-mercados-y-fortalecer-la-agroindustria-01-rs.jpeg\"><img loading=\"lazy\" decoding=\"async\" class=\"alignright wp-image-171284 size-medium\" src=\"https:\/\/micm.gob.do\/wp-content\/uploads\/2025\/09\/Ministro-Ito-Bisono-Estamos-acompanando-al-campo-dominicano-para-abrir-mas-mercados-y-fortalecer-la-agroindustria-01-rs-300x152.jpeg\" alt=\"Ministro Ito Bison\u00f3: \u201cEstamos acompa\u00f1ando al campo dominicano para abrir m\u00e1s mercados y fortalecer la agroindustria\u201d\" width=\"300\" height=\"152\" srcset=\"https:\/\/micm.gob.do\/wp-content\/uploads\/2025\/09\/Ministro-Ito-Bisono-Estamos-acompanando-al-campo-dominicano-para-abrir-mas-mercados-y-fortalecer-la-agroindustria-01-rs-300x152.jpeg 300w, https:\/\/micm.gob.do\/wp-content\/uploads\/2025\/09\/Ministro-Ito-Bisono-Estamos-acompanando-al-campo-dominicano-para-abrir-mas-mercados-y-fortalecer-la-agroindustria-01-rs-1024x520.jpeg 1024w, https:\/\/micm.gob.do\/wp-content\/uploads\/2025\/09\/Ministro-Ito-Bisono-Estamos-acompanando-al-campo-dominicano-para-abrir-mas-mercados-y-fortalecer-la-agroindustria-01-rs-768x390.jpeg 768w, https:\/\/micm.gob.do\/wp-content\/uploads\/2025\/09\/Ministro-Ito-Bisono-Estamos-acompanando-al-campo-dominicano-para-abrir-mas-mercados-y-fortalecer-la-agroindustria-01-rs.jpeg 1280w\" sizes=\"auto, (max-width: 300px) 100vw, 300px\"><\/a>Punta Cana.- <\/b> El ministro de Industria, Comercio y Mipymes (MICM), V\u00edctor -Ito- Bison\u00f3, afirm\u00f3 que la Rep\u00fablica Dominicana avanza con paso firme en la construcci\u00f3n de una agroindustria m\u00e1s competitiva y exportadora, durante su intervenci\u00f3n en el XXVII Encuentro Nacional de L\u00edderes del Sector Agropecuario,organizado por la Junta Agroempresarial Dominicana (JAD) y celebrado bajo el lema \u201cRetos al 2036: Estrategias Institucionales para Duplicar las Exportaciones Agropecuarias y Agroindustriales\u201d.<\/p>\n<p>Al dirigirse a productores, gremios y l\u00edderes del sector agropecuario, Bison\u00f3 destac\u00f3 que \u201csembrar es creer en el futuro\u201d y que esta iniciativa constituye una apuesta conjunta para proyectar el desarrollo del pa\u00eds hacia el a\u00f1o 2036, cuando se ha propuesto como meta duplicar las exportaciones agropecuarias y agroindustriales.<\/p>\n<p><b>Exportaciones en crecimiento<\/b><\/p>\n<p>El ministro se\u00f1al\u00f3 que las cifras recientes confirman el dinamismo del sector agroexportador. Solo en 2024, las agroexportaciones alcanzaron los 3,273 millones de d\u00f3lares, con un crecimiento interanual de 18 %. El cacao dominicano lleg\u00f3 a 43 destinos, los aguacates superaron los US$91 millones de d\u00f3lares en m\u00e1s de 25 mercados, y el caf\u00e9 tostado creci\u00f3 m\u00e1s de un 200 % en los primeros cinco meses de 2025, consolidando a nuestro pa\u00eds como el principal suplidor en Puerto Rico.<\/p>\n<p>\u201cEstos logros nos llenan de orgullo, pero tambi\u00e9n nos recuerdan que todav\u00eda hay mucho m\u00e1s por conquistar. Rep\u00fablica Dominicana tiene la oportunidad de seguir diversificando mercados y consolidar la agroindustria como un verdadero pilar de desarrollo sostenible\u201d, asegur\u00f3.<\/p>\n<p><b>Compromiso del MICM con el sector<\/b><\/p>\n<p>El ministro subray\u00f3 que el desarrollo solo es posible cuando Gobierno y sector productivo avanzan en la misma direcci\u00f3n. \u201cDesde el MICM estamos acompa\u00f1ando al campo dominicano para abrir m\u00e1s mercados, elevar la productividad e impulsar la innovaci\u00f3n. Ese es nuestro compromiso y nuestra visi\u00f3n de largo plazo\u201d, asegur\u00f3.<\/p>\n<p>Resalt\u00f3 que la instituci\u00f3n trabaja en tres ejes fundamentales: apertura y defensa de mercados internacionales, fortalecimiento de la productividad industrial y articulaci\u00f3n de actores para que productores, gremios y mipymes crezcan en un mismo ecosistema.<\/p>\n<p><b><a href=\"https:\/\/micm.gob.do\/wp-content\/uploads\/2025\/09\/Ministro-Ito-Bisono-Estamos-acompanando-al-campo-dominicano-para-abrir-mas-mercados-y-fortalecer-la-agroindustria-02.jpeg\"><img fetchpriority=\"high\" decoding=\"async\" class=\"alignright wp-image-171285 size-medium\" src=\"https:\/\/micm.gob.do\/wp-content\/uploads\/2025\/09\/Ministro-Ito-Bisono-Estamos-acompanando-al-campo-dominicano-para-abrir-mas-mercados-y-fortalecer-la-agroindustria-02-300x200.jpeg\" alt=\"\" width=\"300\" height=\"200\" srcset=\"https:\/\/micm.gob.do\/wp-content\/uploads\/2025\/09\/Ministro-Ito-Bisono-Estamos-acompanando-al-campo-dominicano-para-abrir-mas-mercados-y-fortalecer-la-agroindustria-02-300x200.jpeg 300w, https:\/\/micm.gob.do\/wp-content\/uploads\/2025\/09\/Ministro-Ito-Bisono-Estamos-acompanando-al-campo-dominicano-para-abrir-mas-mercados-y-fortalecer-la-agroindustria-02-1024x683.jpeg 1024w, https:\/\/micm.gob.do\/wp-content\/uploads\/2025\/09\/Ministro-Ito-Bisono-Estamos-acompanando-al-campo-dominicano-para-abrir-mas-mercados-y-fortalecer-la-agroindustria-02-768x512.jpeg 768w, https:\/\/micm.gob.do\/wp-content\/uploads\/2025\/09\/Ministro-Ito-Bisono-Estamos-acompanando-al-campo-dominicano-para-abrir-mas-mercados-y-fortalecer-la-agroindustria-02.jpeg 1280w\" sizes=\"(max-width: 300px) 100vw, 300px\"><\/a>Iniciativas clave para la agroindustria<\/b><\/p>\n<p>Bison\u00f3 cit\u00f3 el Pacto por la Agroindustria como una de las principales acciones en marcha, un espacio de articulaci\u00f3n multisectorial que permitir\u00e1 construir la primera Estrategia Nacional de Fomento a la Agroindustria. \u201cEste pacto marcar\u00e1 un antes y un despu\u00e9s en la forma en que impulsamos al sector productivo nacional\u201d, se\u00f1al\u00f3.<\/p>\n<p>A esta iniciativa se suma el Aula Agroindustrial MICM-JAD, a trav\u00e9s de la cual 3,000 productores y t\u00e9cnicos recibir\u00e1n formaci\u00f3n en tecnolog\u00edas aplicadas, econom\u00eda circular y gobernanza. \u201cNuestro objetivo es elevar capacidades y abrir caminos de desarrollo para que la innovaci\u00f3n llegue tambi\u00e9n al campo\u201d, apunt\u00f3 el ministro.<\/p>\n<p>El titular del MICM tambi\u00e9n resalt\u00f3 los avances en la Denominaci\u00f3n de Origen del aguacate dominicano, un proyecto que abrir\u00e1 nuevas puertas en nichos internacionales de alto valor. \u201cSer\u00e1 una haza\u00f1a para la agroindustria nacional y una muestra de c\u00f3mo nuestra identidad puede convertirse en ventaja competitiva\u201d, dijo.<\/p>\n<p><b>Un compromiso al 2036<\/b><\/p>\n<p>Al concluir, Bison\u00f3 reiter\u00f3 la visi\u00f3n del presidente Luis Abinader de garantizar la soberan\u00eda alimentaria y fortalecer la competitividad del pa\u00eds. \u201cJunto a la JAD y a todos los sectores productivos, renovamos el compromiso de seguir sembrando futuro. Con cada productor, con cada pol\u00edtica p\u00fablica y con cada alianza, estamos construyendo la Rep\u00fablica Dominicana del 2036: m\u00e1s innovadora, m\u00e1s pr\u00f3spera y m\u00e1s competitiva\u201d.<\/p>\n<p><strong>Fuente:<\/strong> Direcci\u00f3n de Comunicaciones<\/p>\n<p>The post <a href=\"https:\/\/micm.gob.do\/ministro-ito-bisono-estamos-acompanando-al-campo-dominicano-para-abrir-mas-mercados-y-fortalecer-la-agroindustria\/\">Ministro Ito Bison\u00f3: \u201cEstamos acompa\u00f1ando al campo dominicano para abrir m\u00e1s mercados y fortalecer la agroindustria\u201d<\/a> appeared first on <a href=\"https:\/\/micm.gob.do\/\">MICM<\/a>.<\/p>\n<\/div>\n<\/div>\n","protected":false},"excerpt":{"rendered":"<p>Bison\u00f3 destac\u00f3 que solo en 2024, las agroexportaciones alcanzaron los US$3,273 millones, con un crecimiento interanual de 18 %. Punta Cana.- El ministro de Industria, Comercio y Mipymes (MICM), V\u00edctor&hellip; <\/p>\n","protected":false},"author":2,"featured_media":6424,"comment_status":"closed","ping_status":"closed","sticky":false,"template":"","format":"standard","meta":{"fifu_image_url":"https:\/\/micm.gob.do\/wp-content\/uploads\/2025\/09\/Ministro-Ito-Bisono-Estamos-acompanando-al-campo-dominicano-para-abrir-mas-mercados-y-fortalecer-la-agroindustria-01-rs-300x152.jpeg","fifu_image_alt":"Ministro Ito Bison\u00f3: \u201cEstamos acompa\u00f1ando al campo dominicano para abrir m\u00e1s mercados y fortalecer la agroindustria\u201d","footnotes":""},"categories":[38],"tags":[],"class_list":["post-6423","post","type-post","status-publish","format-standard","has-post-thumbnail","hentry","category-comercio"],"_links":{"self":[{"href":"https:\/\/elmundodelapolitica.com\/v1\/wp-json\/wp\/v2\/posts\/6423","targetHints":{"allow":["GET"]}}],"collection":[{"href":"https:\/\/elmundodelapolitica.com\/v1\/wp-json\/wp\/v2\/posts"}],"about":[{"href":"https:\/\/elmundodelapolitica.com\/v1\/wp-json\/wp\/v2\/types\/post"}],"author":[{"embeddable":true,"href":"https:\/\/elmundodelapolitica.com\/v1\/wp-json\/wp\/v2\/users\/2"}],"replies":[{"embeddable":true,"href":"https:\/\/elmundodelapolitica.com\/v1\/wp-json\/wp\/v2\/comments?post=6423"}],"version-history":[{"count":0,"href":"https:\/\/elmundodelapolitica.com\/v1\/wp-json\/wp\/v2\/posts\/6423\/revisions"}],"wp:featuredmedia":[{"embeddable":true,"href":"https:\/\/elmundodelapolitica.com\/v1\/wp-json\/wp\/v2\/media\/6424"}],"wp:attachment":[{"href":"https:\/\/elmundodelapolitica.com\/v1\/wp-json\/wp\/v2\/media?parent=6423"}],"wp:term":[{"taxonomy":"category","embeddable":true,"href":"https:\/\/elmundodelapolitica.com\/v1\/wp-json\/wp\/v2\/categories?post=6423"},{"taxonomy":"post_tag","embeddable":true,"href":"https:\/\/elmundodelapolitica.com\/v1\/wp-json\/wp\/v2\/tags?post=6423"}],"curies":[{"name":"wp","href":"https:\/\/api.w.org\/{rel}","templated":true}]}}