{"id":6416,"date":"2025-09-05T10:14:15","date_gmt":"2025-09-05T14:14:15","guid":{"rendered":"https:\/\/elmundodelapolitica.com\/v1\/?p=6416"},"modified":"2025-09-05T10:14:15","modified_gmt":"2025-09-05T14:14:15","slug":"ministro-collado-deja-iniciada-obra-de-reconstruccion-municipio-salcedo-hermanas-mirabal","status":"publish","type":"post","link":"https:\/\/elmundodelapolitica.com\/v1\/ministro-collado-deja-iniciada-obra-de-reconstruccion-municipio-salcedo-hermanas-mirabal\/","title":{"rendered":"Ministro Collado deja iniciada obra de reconstrucci\u00f3n municipio Salcedo, Hermanas Mirabal"},"content":{"rendered":"<div>\n<p dir=\"ltr\">Salcedo.- El ministro de Turismo, David Collado, dej\u00f3 iniciada, este jueves, la reconstrucci\u00f3n de la\u00a0<strong>isleta en la carretera Manolo Tav\u00e1rez Justo<\/strong>, pr\u00f3xima a la entrada de este municipio de la\u00a0<strong>provincia Hermanas Mirabal.<\/strong><\/p>\n<p dir=\"ltr\"><img loading=\"lazy\" decoding=\"async\" class=\"aligncenter size-full\" src=\"https:\/\/presidencia.gob.do\/sites\/default\/files\/styles\/large\/public\/news\/2025-09\/DSC_5471.jpg?itok=Ygm64kOS\" width=\"1300\" height=\"731\"><\/p>\n<p dir=\"ltr\">La obra, cuya construcci\u00f3n tendr\u00e1 un costo superior a los\u00a0<strong>ocho millones de pesos<\/strong>, est\u00e1 a cargo del Comit\u00e9 Ejecutor de Infraestructuras en Zonas Tur\u00edsticas,\u00a0<strong>(CEIZTUR)<\/strong>.<\/p>\n<p dir=\"ltr\">Esa intervenci\u00f3n tiene el objetivo de reforzar la\u00a0<strong>identidad cultural<\/strong>, ofrecer un hermoso\u00a0<strong>espacio de bienvenida<\/strong>\u00a0a residentes y visitantes.<\/p>\n<p dir=\"ltr\">El ministro Collado destac\u00f3 la importancia de la obra para este municipio y toda la provincia Hermanas Mirabal, por el\u00a0<strong>s\u00edmbolo de hero\u00edsmo<\/strong>\u00a0que representa para el pa\u00eds.<\/p>\n<p dir=\"ltr\"><em>\u00abCon esta obra rendimos honor a quien honor merece: las hermanas Mirabal. Asimismo, impulsamos el turismo de esta provincia, su cultura, su historia, su gastronom\u00eda y su naturaleza\u00bb,<\/em>\u00a0afirm\u00f3 el ministro Collado.<\/p>\n<p dir=\"ltr\">El ministro de Turismo inform\u00f3 que se realizar\u00e1 una intervenci\u00f3n integral para\u00a0<strong>declarar la provincia Hermanas Mirabal como marca ciudad<\/strong>\u00a0y revel\u00f3 que ser\u00e1 promovida como\u00a0<strong>destino<\/strong>\u00a0en la feria tur\u00edstica de\u00a0<strong>Fitur<\/strong>, que se celebrar\u00e1 en enero en Madrid, Espa\u00f1a.<\/p>\n<p dir=\"ltr\">Tambi\u00e9n, dej\u00f3 en claro su firme compromiso de continuar con el\u00a0<strong>impulso del turismo interno<\/strong>, la creaci\u00f3n de empleos fruto del dinamismo en el sector y llevar obras a las\u00a0<strong>comunidades y litorales con potencial tur\u00edstico.<\/strong><\/p>\n<p dir=\"ltr\">La intervenci\u00f3n de la obra iniciada consistir\u00e1 en una\u00a0<strong>moderna, espaciosa y colorida obra<\/strong>\u00a0que avisar\u00e1 a visitantes de la llegada a la c\u00e9ntrica provincia del Cibao, de\u00a0<strong>enorme potencial hist\u00f3rico, de recursos naturales, cultural y tur\u00edstico.\u00a0<\/strong><\/p>\n<p dir=\"ltr\">La obra, de aproximadamente\u00a0<strong>762.40 metros cuadrados<\/strong>, contempla un \u00e1rea de explanada, letrero de marca ciudad, mobiliario urbano, escalinatas, rampas, se\u00f1al\u00e9ticas, dep\u00f3sitos de basura, paisajismo e iluminaci\u00f3n.<\/p>\n<p dir=\"ltr\">Tambi\u00e9n se ejecutar\u00e1 la adecuaci\u00f3n de imbornales, contenes y se\u00f1al\u00e9ticas viales para mejorar el tr\u00e1nsito peatonal y vehicular en la zona.<\/p>\n<p>A la actividad, encabezada por el ministro Collado, asistieron las principales autoridades provinciales y municipales, quienes expresaron su\u00a0<strong>agradecimiento por la obra.<\/strong><\/p>\n<\/div>\n","protected":false},"excerpt":{"rendered":"<p>Salcedo.- El ministro de Turismo, David Collado, dej\u00f3 iniciada, este jueves, la reconstrucci\u00f3n de la\u00a0isleta en la carretera Manolo Tav\u00e1rez Justo, pr\u00f3xima a la entrada de este municipio de la\u00a0provincia&hellip; <\/p>\n","protected":false},"author":2,"featured_media":6417,"comment_status":"closed","ping_status":"closed","sticky":false,"template":"","format":"standard","meta":{"fifu_image_url":"https:\/\/presidencia.gob.do\/sites\/default\/files\/styles\/large\/public\/news\/2025-09\/DSC_5471.jpg?itok=Ygm64kOS","fifu_image_alt":"Ministro Collado deja iniciada obra de reconstrucci\u00f3n municipio Salcedo, Hermanas Mirabal","footnotes":""},"categories":[34],"tags":[],"class_list":["post-6416","post","type-post","status-publish","format-standard","has-post-thumbnail","hentry","category-turismo"],"_links":{"self":[{"href":"https:\/\/elmundodelapolitica.com\/v1\/wp-json\/wp\/v2\/posts\/6416","targetHints":{"allow":["GET"]}}],"collection":[{"href":"https:\/\/elmundodelapolitica.com\/v1\/wp-json\/wp\/v2\/posts"}],"about":[{"href":"https:\/\/elmundodelapolitica.com\/v1\/wp-json\/wp\/v2\/types\/post"}],"author":[{"embeddable":true,"href":"https:\/\/elmundodelapolitica.com\/v1\/wp-json\/wp\/v2\/users\/2"}],"replies":[{"embeddable":true,"href":"https:\/\/elmundodelapolitica.com\/v1\/wp-json\/wp\/v2\/comments?post=6416"}],"version-history":[{"count":0,"href":"https:\/\/elmundodelapolitica.com\/v1\/wp-json\/wp\/v2\/posts\/6416\/revisions"}],"wp:featuredmedia":[{"embeddable":true,"href":"https:\/\/elmundodelapolitica.com\/v1\/wp-json\/wp\/v2\/media\/6417"}],"wp:attachment":[{"href":"https:\/\/elmundodelapolitica.com\/v1\/wp-json\/wp\/v2\/media?parent=6416"}],"wp:term":[{"taxonomy":"category","embeddable":true,"href":"https:\/\/elmundodelapolitica.com\/v1\/wp-json\/wp\/v2\/categories?post=6416"},{"taxonomy":"post_tag","embeddable":true,"href":"https:\/\/elmundodelapolitica.com\/v1\/wp-json\/wp\/v2\/tags?post=6416"}],"curies":[{"name":"wp","href":"https:\/\/api.w.org\/{rel}","templated":true}]}}